{"id":306701,"date":"2025-08-09T05:56:11","date_gmt":"2025-08-09T05:56:11","guid":{"rendered":"https:\/\/www.europesays.com\/fr\/306701\/"},"modified":"2025-08-09T05:56:11","modified_gmt":"2025-08-09T05:56:11","slug":"ce-pont-va-etre-interdit-aux-voitures-a-partir-de-ce-lundi","status":"publish","type":"post","link":"https:\/\/www.europesays.com\/fr\/306701\/","title":{"rendered":"ce pont va \u00eatre interdit aux voitures \u00e0 partir de ce lundi"},"content":{"rendered":"<p>            Par<br \/>\n        <strong><br \/>\n            <a href=\"https:\/\/actu.fr\/auteur\/pierre-emile-bouchy-actu-fr\" title=\"Consulter tous les articles de Paul-Emile Bouchy\" target=\"_blank\" rel=\"noopener\">Paul-Emile Bouchy<\/a><br \/>\n        <\/strong><\/p>\n<p>        Publi\u00e9 le<\/p>\n<p>            9 ao\u00fbt 2025 \u00e0 7h02        <\/p>\n<p>Durant cette p\u00e9riode estivale, de nombreux <a href=\"https:\/\/actu.fr\/tag\/travaux\" target=\"_blank\" rel=\"noopener\">travaux<\/a> ont lieu dans la m\u00e9tropole du Grand Nancy, que ce soit dans <a href=\"https:\/\/actu.fr\/grand-est\/nancy_54395\/travaux-a-nancy-stationnement-interdit-et-circulation-perturbee-dans-ce-boulevard-tres-frequente_62975157.html\" target=\"_blank\" rel=\"noopener\">ce boulevard tr\u00e8s fr\u00e9quent\u00e9<\/a> du quartier Rives de Meurthe ou dans <a href=\"https:\/\/actu.fr\/grand-est\/laxou_54304\/travaux-dans-cette-avenue-du-grand-nancy-la-circulation-des-voitures-et-des-bus-perturbee-jusqu-a-nouvel-an_63015209.html\" target=\"_blank\" rel=\"noopener\">cette avenue bien connue de Laxou<\/a>.<\/p>\n<p class=\" wall-content\">Une autre intervention va d\u00e9buter <strong>ce lundi 11\u00a0ao\u00fbt sur un pont fr\u00e9quent\u00e9 du centre-ville<\/strong> de Nancy. On fait le point sur les perturbations.<\/p>\n<p>Ce pont de Nancy interdit pendant quatre jours aux voitures<\/p>\n<p class=\" wall-content\">Dans un communiqu\u00e9, la M\u00e9tropole et la Ville de Nancy indiquent qu\u2019une intervention va avoir lieu <strong>sur le pont Saint-Georges<\/strong> dans le cadre des am\u00e9nagements li\u00e9s au <a href=\"https:\/\/actu.fr\/tag\/trolleybus\" target=\"_blank\" rel=\"noopener\">trolleybus<\/a>.<\/p>\n<p class=\" wall-content\">Un \u00ab\u2009regarnissage des joints des pav\u00e9s\u2009\u00bb doit avoir lieu <strong>du lundi\u00a011 au jeudi 14\u00a0ao\u00fbt<\/strong>.<\/p>\n<p>La circulation interdite aux voitures<\/p>\n<p class=\" wall-content\">Durant cette p\u00e9riode, <strong>les voitures ne pourront donc pas circuler sur le pont<\/strong>. Les automobilistes devront emprunter une <strong>d\u00e9viation<\/strong> via le quai Sainte-Catherine, la rue Henri Bazin et le boulevard de la Mothe.<\/p>\n<p>    <img   decoding=\"async\" loading=\"lazy\" src=\"https:\/\/www.europesays.com\/fr\/wp-content\/uploads\/2025\/08\/pont-nancy-travaux-deviation-960x640.jpg\" alt=\"Les voitures devront emprunter cette d\u00e9viation du 11 au 14 ao\u00fbt.\" width=\"960\" height=\"640\"\/><br \/>\n    Les voitures devront emprunter cette d\u00e9viation du 11 au 14\u00a0ao\u00fbt. (\u00a9M\u00e9tropole du Grand Nancy)<\/p>\n<p class=\" wall-content\">En revanche, <strong>le trolleybus continuera \u00e0 circuler correctement<\/strong>. Les itin\u00e9raires des v\u00e9los et des pi\u00e9tons ne seront pas modifi\u00e9s.<\/p>\n<p class=\" wall-content\">Suivez toute l\u2019actualit\u00e9 de vos villes et m\u00e9dias favoris en vous inscrivant \u00e0 <a href=\"https:\/\/moncompte.actu.fr\" title=\"D\u00e9couvez Mon Actu\" rel=\"nofollow noopener\" data-trk=\"{&quot;cta&quot;:{&quot;action&quot;:&quot;https:\\\/\\\/moncompte.actu.fr&quot;,&quot;category&quot;:&quot;mon compte&quot;,&quot;from&quot;:&quot;article footer&quot;,&quot;name&quot;:&quot;Mon actu&quot;,&quot;type&quot;:&quot;cta&quot;}}\" target=\"_blank\">Mon Actu<\/a>.<\/p>\n","protected":false},"excerpt":{"rendered":"Par Paul-Emile Bouchy Publi\u00e9 le 9 ao\u00fbt 2025 \u00e0 7h02 Durant cette p\u00e9riode estivale, de nombreux travaux ont&hellip;\n","protected":false},"author":2,"featured_media":306702,"comment_status":"","ping_status":"","sticky":false,"template":"","format":"standard","meta":{"footnotes":""},"categories":[9635],"tags":[1111,11,3542,1777,674,1011,27,775,1702,12,25,104,2086],"class_list":{"0":"post-306701","1":"post","2":"type-post","3":"status-publish","4":"format-standard","5":"has-post-thumbnail","7":"category-nancy","8":"tag-actu","9":"tag-actualites","10":"tag-circulation","11":"tag-eu","12":"tag-europe","13":"tag-fr","14":"tag-france","15":"tag-grand-est","16":"tag-nancy","17":"tag-news","18":"tag-republique-francaise","19":"tag-societe","20":"tag-travaux"},"share_on_mastodon":{"url":"https:\/\/pubeurope.com\/@fr\/114997270036595454","error":""},"_links":{"self":[{"href":"https:\/\/www.europesays.com\/fr\/wp-json\/wp\/v2\/posts\/306701","targetHints":{"allow":["GET"]}}],"collection":[{"href":"https:\/\/www.europesays.com\/fr\/wp-json\/wp\/v2\/posts"}],"about":[{"href":"https:\/\/www.europesays.com\/fr\/wp-json\/wp\/v2\/types\/post"}],"author":[{"embeddable":true,"href":"https:\/\/www.europesays.com\/fr\/wp-json\/wp\/v2\/users\/2"}],"replies":[{"embeddable":true,"href":"https:\/\/www.europesays.com\/fr\/wp-json\/wp\/v2\/comments?post=306701"}],"version-history":[{"count":0,"href":"https:\/\/www.europesays.com\/fr\/wp-json\/wp\/v2\/posts\/306701\/revisions"}],"wp:featuredmedia":[{"embeddable":true,"href":"https:\/\/www.europesays.com\/fr\/wp-json\/wp\/v2\/media\/306702"}],"wp:attachment":[{"href":"https:\/\/www.europesays.com\/fr\/wp-json\/wp\/v2\/media?parent=306701"}],"wp:term":[{"taxonomy":"category","embeddable":true,"href":"https:\/\/www.europesays.com\/fr\/wp-json\/wp\/v2\/categories?post=306701"},{"taxonomy":"post_tag","embeddable":true,"href":"https:\/\/www.europesays.com\/fr\/wp-json\/wp\/v2\/tags?post=306701"}],"curies":[{"name":"wp","href":"https:\/\/api.w.org\/{rel}","templated":true}]}}