{"id":306711,"date":"2025-08-09T06:03:56","date_gmt":"2025-08-09T06:03:56","guid":{"rendered":"https:\/\/www.europesays.com\/fr\/306711\/"},"modified":"2025-08-09T06:03:56","modified_gmt":"2025-08-09T06:03:56","slug":"j-1-avant-louverture-du-village-de-rouen","status":"publish","type":"post","link":"https:\/\/www.europesays.com\/fr\/306711\/","title":{"rendered":"J-1 avant l&rsquo;ouverture du village de Rouen !"},"content":{"rendered":"<p class=\"pQuHl TfvTg z3yvg logrL\" dir=\"auto\" id=\"viewer-foo\"><strong style=\"font-weight:700\">J-1 avant l\u2019ouverture du village de La Solitaire du Figaro Paprec \u00e0 Rouen : Plongez au c\u0153ur de l\u2019\u00e9v\u00e9nement !<\/strong><\/p>\n<p class=\"pQuHl TfvTg ZJ2Pl logrL\" dir=\"auto\" id=\"viewer-yc0ix237\">\u00c0 Rouen, l&rsquo;effervescence est \u00e0 son comble alors que nous ne sommes plus qu&rsquo;\u00e0 un jour de l&rsquo;ouverture tant attendue du village de La Solitaire du Figaro Paprec. D\u00e8s demain, les quais de la ville s&rsquo;animeront pour accueillir skippers, passionn\u00e9s de voile et visiteurs curieux, venus c\u00e9l\u00e9brer cette course mythique.<\/p>\n<p class=\"pQuHl TfvTg ZJ2Pl logrL\" dir=\"auto\" id=\"viewer-lcrb5239\"><strong style=\"font-weight:700\">Un village au c\u0153ur de l\u2019action<\/strong><\/p>\n<p class=\"pQuHl TfvTg ZJ2Pl logrL\" dir=\"auto\" id=\"viewer-hwt3k241\">Situ\u00e9 sur la Promenade Normandie Niemen, le village de La Solitaire du Figaro Paprec sera le point de rencontre pour tous les amoureux de la mer et de la comp\u00e9tition. Pendant une semaine, il offrira une immersion totale dans l\u2019univers de la voile, avec de nombreuses animations pr\u00e9vues pour petits et grands. De la d\u00e9couverte des bateaux \u00e0 la rencontre avec les skippers, en passant par des expositions et des ateliers ludiques, le village promet une exp\u00e9rience inoubliable.<\/p>\n<p><img decoding=\"async\" src=\"https:\/\/www.europesays.com\/fr\/wp-content\/uploads\/2025\/08\/af540f_4bff62cc0c354956858f80aa1a2ce5ab~mv2.jpg\" alt=\"ree\" style=\"width:100%;height:100%;object-fit:cover;object-position:50% 50%;max-width:100%\" data-pin-url=\"https:\/\/www.lasolitaire.com\/post\/j-1-avant-l-ouverture-du-village-de-rouen\" data-pin-media=\"https:\/\/static.wixstatic.com\/media\/af540f_4bff62cc0c354956858f80aa1a2ce5ab~mv2.jpg\/v1\/fill\/w_4000,h_2250,al_c,q_90\/af540f_4bff62cc0c354956858f80aa1a2ce5ab~mv2.jpg\" draggable=\"false\"\/><\/p>\n<p class=\"pQuHl TfvTg z3yvg logrL\" dir=\"auto\" id=\"viewer-x4yeh243\"><strong style=\"font-weight:700\">Rencontrez les h\u00e9ros de la course<\/strong><\/p>\n<p class=\"pQuHl TfvTg ZJ2Pl logrL\" dir=\"auto\" id=\"viewer-ebzbo245\">L\u2019ouverture du village sera l\u2019occasion unique de rencontrer les skippers qui s\u2019\u00e9lanceront dans cette aventure exceptionnelle. Vous pourrez \u00e9changer avec eux, d\u00e9couvrir leurs pr\u00e9paratifs et ressentir l\u2019adr\u00e9naline \u00e0 la veille du grand d\u00e9part. Parmi eux, des visages bien connus et des nouveaux venus, tous pr\u00eats \u00e0 relever le d\u00e9fi de La Solitaire du Figaro Paprec.<\/p>\n<p class=\"pQuHl TfvTg ZJ2Pl logrL\" dir=\"auto\" id=\"viewer-1pnny247\"><strong style=\"font-weight:700\">Des animations pour tous les go\u00fbts<\/strong><\/p>\n<p class=\"pQuHl TfvTg ZJ2Pl logrL\" dir=\"auto\" id=\"viewer-rm5ea249\">Le village de La Solitaire du Figaro Paprec propose une multitude d\u2019animations qui raviront tous les visiteurs. Chaque jour, des \u00e9v\u00e9nements sp\u00e9ciaux viendront rythmer la vie du village, avec des moments forts \u00e0 ne pas manquer.<\/p>\n<p><img decoding=\"async\" src=\"https:\/\/www.europesays.com\/fr\/wp-content\/uploads\/2025\/08\/af540f_41f420046072435a9164a3313b576ebe~mv2.jpg\" alt=\"ree\" style=\"width:100%;height:100%;object-fit:cover;object-position:50% 50%;max-width:100%\" data-pin-url=\"https:\/\/www.lasolitaire.com\/post\/j-1-avant-l-ouverture-du-village-de-rouen\" data-pin-media=\"https:\/\/static.wixstatic.com\/media\/af540f_41f420046072435a9164a3313b576ebe~mv2.jpg\/v1\/fill\/w_4000,h_2250,al_c,q_90\/af540f_41f420046072435a9164a3313b576ebe~mv2.jpg\" draggable=\"false\"\/><\/p>\n<p class=\"pQuHl TfvTg ZJ2Pl logrL\" dir=\"auto\" id=\"viewer-jnumw257\">Le village ouvrira ses portes demain matin \u00e0 11h30, sur la Promenade Normandie Niemen. L&rsquo;acc\u00e8s est libre et gratuit pour tous, avec des animations pr\u00e9vues tout au long de la journ\u00e9e.<\/p>\n<p class=\"pQuHl TfvTg ZJ2Pl logrL\" dir=\"auto\" id=\"viewer-ovr85259\">Ne manquez pas ce rendez-vous exceptionnel et venez nombreux pour partager ce moment unique et plonger dans l\u2019univers de La Solitaire du Figaro Paprec. Nous vous attendons d\u00e8s demain pour c\u00e9l\u00e9brer ensemble le d\u00e9but de cette aventure extraordinaire !<\/p>\n","protected":false},"excerpt":{"rendered":"J-1 avant l\u2019ouverture du village de La Solitaire du Figaro Paprec \u00e0 Rouen : Plongez au c\u0153ur de&hellip;\n","protected":false},"author":2,"featured_media":306712,"comment_status":"","ping_status":"","sticky":false,"template":"","format":"standard","meta":{"footnotes":""},"categories":[9587],"tags":[1111,11,1777,674,1011,27,12,5161,25,9590],"class_list":{"0":"post-306711","1":"post","2":"type-post","3":"status-publish","4":"format-standard","5":"has-post-thumbnail","7":"category-rouen","8":"tag-actu","9":"tag-actualites","10":"tag-eu","11":"tag-europe","12":"tag-fr","13":"tag-france","14":"tag-news","15":"tag-normandie","16":"tag-republique-francaise","17":"tag-rouen"},"share_on_mastodon":{"url":"https:\/\/pubeurope.com\/@fr\/114997301430056189","error":""},"_links":{"self":[{"href":"https:\/\/www.europesays.com\/fr\/wp-json\/wp\/v2\/posts\/306711","targetHints":{"allow":["GET"]}}],"collection":[{"href":"https:\/\/www.europesays.com\/fr\/wp-json\/wp\/v2\/posts"}],"about":[{"href":"https:\/\/www.europesays.com\/fr\/wp-json\/wp\/v2\/types\/post"}],"author":[{"embeddable":true,"href":"https:\/\/www.europesays.com\/fr\/wp-json\/wp\/v2\/users\/2"}],"replies":[{"embeddable":true,"href":"https:\/\/www.europesays.com\/fr\/wp-json\/wp\/v2\/comments?post=306711"}],"version-history":[{"count":0,"href":"https:\/\/www.europesays.com\/fr\/wp-json\/wp\/v2\/posts\/306711\/revisions"}],"wp:featuredmedia":[{"embeddable":true,"href":"https:\/\/www.europesays.com\/fr\/wp-json\/wp\/v2\/media\/306712"}],"wp:attachment":[{"href":"https:\/\/www.europesays.com\/fr\/wp-json\/wp\/v2\/media?parent=306711"}],"wp:term":[{"taxonomy":"category","embeddable":true,"href":"https:\/\/www.europesays.com\/fr\/wp-json\/wp\/v2\/categories?post=306711"},{"taxonomy":"post_tag","embeddable":true,"href":"https:\/\/www.europesays.com\/fr\/wp-json\/wp\/v2\/tags?post=306711"}],"curies":[{"name":"wp","href":"https:\/\/api.w.org\/{rel}","templated":true}]}}