{"id":306719,"date":"2025-08-09T06:14:09","date_gmt":"2025-08-09T06:14:09","guid":{"rendered":"https:\/\/www.europesays.com\/fr\/306719\/"},"modified":"2025-08-09T06:14:09","modified_gmt":"2025-08-09T06:14:09","slug":"il-ma-regarde-en-souriant-deux-hommes-condamnes-pour-avoir-massacre-un-codetenu-incarcere-pour-viol","status":"publish","type":"post","link":"https:\/\/www.europesays.com\/fr\/306719\/","title":{"rendered":"\u00ab\u00a0Il m&rsquo;a regard\u00e9 en souriant\u00a0\u00bb. Deux hommes condamn\u00e9s pour avoir \u00ab\u00a0massacr\u00e9\u00a0\u00bb un cod\u00e9tenu incarc\u00e9r\u00e9 pour viol"},"content":{"rendered":"<p>            Par<br \/>\n        <strong><br \/>\n            <a href=\"https:\/\/actu.fr\/auteur\/olivia-kouassi\" title=\"Consulter tous les articles de Olivia Kouassi\" target=\"_blank\" rel=\"noopener\">Olivia Kouassi<\/a><br \/>\n        <\/strong><\/p>\n<p>        Publi\u00e9 le<\/p>\n<p>            9 ao\u00fbt 2025 \u00e0 7h02        <\/p>\n<p>\u00ab\u2009Vous l\u2019avez <strong>massacr\u00e9\u2009<\/strong>\u00bb, a tanc\u00e9 Fr\u00e9d\u00e9ric Goerke, pr\u00e9sident du tribunal de <a href=\"https:\/\/actu.fr\/strasbourg\/\" target=\"_blank\" rel=\"noopener\">Strasbourg<\/a>. Deux jeunes hommes de 20 et 24 ans ont \u00e9t\u00e9 jug\u00e9s mercredi 6 ao\u00fbt pour avoir <strong>violemment rou\u00e9 de coup<\/strong> un autre homme, le 28 juin dernier. Une agression qui s\u2019est d\u00e9roul\u00e9e au sein de l\u2019univers carc\u00e9ral, les trois hommes \u00e9tant tous les trois <strong>d\u00e9tenus <\/strong>\u00e0 la <a href=\"https:\/\/actu.fr\/tag\/prisons\" target=\"_blank\" rel=\"noopener\">prison<\/a> de l\u2019Elsau.<\/p>\n<p>Un effet de groupe\u2009?<\/p>\n<p class=\" wall-content\">Nez et pommettes fractur\u00e9s, <strong>visage \u00ab\u2009fracass\u00e9\u2009\u00bb,<\/strong> les deux jeunes hommes se sont \u00ab\u2009<strong>acharn\u00e9s\u2009<\/strong>\u00bb sur leur victime jusqu\u2019\u00e0 ce qu\u2019il perde connaissance dans la cour de promenade de la prison de l\u2019Elsau. <strong>30\u00a0jours d\u2019interruption totale de travail<\/strong> (ITT) ont \u00e9t\u00e9 temporairement prescrits \u00e0 l\u2019homme qui a manqu\u00e9 de perdre un \u0153il.<\/p>\n<p class=\" wall-content\">\u00ab\u2009C\u2019\u00e9tait un <strong>suicide<\/strong> de l\u2019envoyer dans la cour de promenade\u2009\u00bb, a expliqu\u00e9 l\u2019un des mis en cause, d\u00e9j\u00e0 condamn\u00e9 pour des faits de violence. En effet, \u00e0 l\u2019arriv\u00e9e de la victime lors de la promenade, la rumeur se r\u00e9pand rapidement parmi les d\u00e9tenus. L\u2019homme a \u00e9t\u00e9 <strong>condamn\u00e9 pour des faits de viol<\/strong>. Un statut de \u00ab\u2009<strong>pointeur\u2009<\/strong>\u00bb tr\u00e8s mal consid\u00e9r\u00e9 dans la hi\u00e9rarchie carc\u00e9rale. Les personnes d\u00e9tenues pour viol ou p\u00e9dophilie \u00e9tant g\u00e9n\u00e9ralement mises \u00e0 l\u2019\u00e9cart du reste des d\u00e9tenus pour \u00e9viter des violences.<\/p>\n<p>\u00ab\u2009Ils n\u2019ont pas \u00e0 faire venir les violeurs dans notre cour\u2009\u00bb<\/p>\n<p class=\" wall-content\">\u00ab\u2009Il m\u2019a regard\u00e9 en souriant et m\u2019a dit\u2009<strong>\u2018j\u2019ai frapp\u00e9 ma femme, j\u2019ai pris 12\u00a0ans\u2019<\/strong>, je n\u2019ai pas support\u00e9\u2009\u00bb, a d\u00e9taill\u00e9 le pr\u00e9venu \u00e2g\u00e9 de 24\u00a0ans. Malgr\u00e9 son jeune \u00e2ge, ce dernier pr\u00e9sente un \u00e9pais casier judiciaire constell\u00e9 de condamnation pour violences. \u00ab\u2009C\u2019est moche mais ils n\u2019ont pas \u00e0 faire venir les violeurs dans notre cour\u2009\u00bb, a-t-il ajout\u00e9.<\/p>\n<p class=\" wall-content\">\u00ab\u2009Quand j\u2019ai vu les photos de son visage j<strong>\u2019\u00e9tais choqu\u00e9<\/strong>, je regrette mon geste\u2009\u00bb, s\u2019est excus\u00e9 le mis en cause \u00e2g\u00e9 de 20\u00a0ans incarc\u00e9r\u00e9 pour la premi\u00e8re fois pour des faits en lien avec les stup\u00e9fiants.<\/p>\n<p class=\" wall-content\">\u00ab\u2009Ils se sont trouv\u00e9 <strong>un pr\u00e9texte<\/strong> pour s\u2019acharner sur la victime\u2009\u00bb, s\u2019est agac\u00e9 le procureur Alban Gesbert, qui a requis des peines de<strong> trois et cinq ans de prison<\/strong>. Il a d\u00e9nonc\u00e9 \u00ab<strong>\u2009la l\u00e2chet\u00e9<\/strong>\u2009\u00bb des mis en cause \u00ab\u2009qui se sont pris pour des <strong>justiciers\u2009<\/strong>\u00bb.<\/p>\n<p>Une soci\u00e9t\u00e9 dans la soci\u00e9t\u00e9<\/p>\n<p class=\" wall-content\">\u00ab\u2009Ils se sont fait avoir par la <strong>vindicte carc\u00e9rale<\/strong>\u2009\u00bb, a plaid\u00e9 l\u2019avocat de la d\u00e9fense, Me Christian Mendy. Le conseil des deux jeunes hommes s\u2019est attard\u00e9 sur les codes qui r\u00e9gissent la prison et a d\u00e9nonc\u00e9 une \u00ab\u2009extr\u00e9misation de la violence <strong>caus\u00e9e par l\u2019effet de groupe\u2009<\/strong>\u00bb.<\/p>\n<p class=\" wall-content\">Suivez toute l\u2019actualit\u00e9 de vos villes et m\u00e9dias favoris en vous inscrivant \u00e0 <a href=\"https:\/\/moncompte.actu.fr\" title=\"D\u00e9couvez Mon Actu\" rel=\"nofollow noopener\" data-trk=\"{&quot;cta&quot;:{&quot;action&quot;:&quot;https:\\\/\\\/moncompte.actu.fr&quot;,&quot;category&quot;:&quot;mon compte&quot;,&quot;from&quot;:&quot;article footer&quot;,&quot;name&quot;:&quot;Mon actu&quot;,&quot;type&quot;:&quot;cta&quot;}}\" target=\"_blank\">Mon Actu<\/a>.<\/p>\n","protected":false},"excerpt":{"rendered":"Par Olivia Kouassi Publi\u00e9 le 9 ao\u00fbt 2025 \u00e0 7h02 \u00ab\u2009Vous l\u2019avez massacr\u00e9\u2009\u00bb, a tanc\u00e9 Fr\u00e9d\u00e9ric Goerke, pr\u00e9sident&hellip;\n","protected":false},"author":2,"featured_media":306720,"comment_status":"","ping_status":"","sticky":false,"template":"","format":"standard","meta":{"footnotes":""},"categories":[2820],"tags":[1111,11,1777,674,118,1011,27,775,303,12,899,25,640],"class_list":{"0":"post-306719","1":"post","2":"type-post","3":"status-publish","4":"format-standard","5":"has-post-thumbnail","7":"category-strasbourg","8":"tag-actu","9":"tag-actualites","10":"tag-eu","11":"tag-europe","12":"tag-faits-divers","13":"tag-fr","14":"tag-france","15":"tag-grand-est","16":"tag-justice","17":"tag-news","18":"tag-prisons","19":"tag-republique-francaise","20":"tag-strasbourg"},"share_on_mastodon":{"url":"https:\/\/pubeurope.com\/@fr\/114997340636962209","error":""},"_links":{"self":[{"href":"https:\/\/www.europesays.com\/fr\/wp-json\/wp\/v2\/posts\/306719","targetHints":{"allow":["GET"]}}],"collection":[{"href":"https:\/\/www.europesays.com\/fr\/wp-json\/wp\/v2\/posts"}],"about":[{"href":"https:\/\/www.europesays.com\/fr\/wp-json\/wp\/v2\/types\/post"}],"author":[{"embeddable":true,"href":"https:\/\/www.europesays.com\/fr\/wp-json\/wp\/v2\/users\/2"}],"replies":[{"embeddable":true,"href":"https:\/\/www.europesays.com\/fr\/wp-json\/wp\/v2\/comments?post=306719"}],"version-history":[{"count":0,"href":"https:\/\/www.europesays.com\/fr\/wp-json\/wp\/v2\/posts\/306719\/revisions"}],"wp:featuredmedia":[{"embeddable":true,"href":"https:\/\/www.europesays.com\/fr\/wp-json\/wp\/v2\/media\/306720"}],"wp:attachment":[{"href":"https:\/\/www.europesays.com\/fr\/wp-json\/wp\/v2\/media?parent=306719"}],"wp:term":[{"taxonomy":"category","embeddable":true,"href":"https:\/\/www.europesays.com\/fr\/wp-json\/wp\/v2\/categories?post=306719"},{"taxonomy":"post_tag","embeddable":true,"href":"https:\/\/www.europesays.com\/fr\/wp-json\/wp\/v2\/tags?post=306719"}],"curies":[{"name":"wp","href":"https:\/\/api.w.org\/{rel}","templated":true}]}}