{"id":306723,"date":"2025-08-09T06:17:09","date_gmt":"2025-08-09T06:17:09","guid":{"rendered":"https:\/\/www.europesays.com\/fr\/306723\/"},"modified":"2025-08-09T06:17:09","modified_gmt":"2025-08-09T06:17:09","slug":"des-pics-de-chaleur-attendus-les-prochaines-heures-les-previsions-meteo","status":"publish","type":"post","link":"https:\/\/www.europesays.com\/fr\/306723\/","title":{"rendered":"des pics de chaleur attendus les prochaines heures, les pr\u00e9visions m\u00e9t\u00e9o"},"content":{"rendered":"<p>            Par<br \/>\n        <strong><br \/>\n            <a href=\"https:\/\/actu.fr\/auteur\/ugo-maillard\" title=\"Consulter tous les articles de Ugo Maillard\" target=\"_blank\" rel=\"noopener\">Ugo Maillard<\/a><br \/>\n        <\/strong><\/p>\n<p>        Publi\u00e9 le<\/p>\n<p>            9 ao\u00fbt 2025 \u00e0 7h12        <\/p>\n<p>Pour faire simple, il va faire chaud. D\u00e8s ce samedi 9\u00a0ao\u00fbt 2025, le mercure va grimper \u00e0 Nice et dans les Alpes-Maritimes. Le d\u00e9partement des <a href=\"https:\/\/actu.fr\/provence-alpes-cote-d-azur\/alpes-maritimes_06\" target=\"_blank\" rel=\"noopener\">Alpes-Maritimes<\/a> est plac\u00e9 en <strong>vigilance jaune canicule<\/strong> par M\u00e9t\u00e9o France \u00e0 partir de 12h et jusqu\u2019\u00e0 la fin de journ\u00e9e.<\/p>\n<p class=\" wall-content\">On fait le point sur cette vague de chaleur qui devrait plusieurs jours.<\/p>\n<p>31\u00b0C samedi \u00e0 Nice<\/p>\n<p class=\" wall-content\">Alors que le thermom\u00e8tre affichera<a href=\"https:\/\/actu.fr\/meteo\/canicule-dans-les-alpes-maritimes-une-vague-de-chaleur-annoncee-avec-39-c-les-previsions_63006012.html\" target=\"_blank\" rel=\"noopener\"> jusqu\u2019\u00e0 35\u00b0C<\/a> dans l\u2019arri\u00e8re-pays ni\u00e7ois, la ville de <a href=\"https:\/\/actu.fr\/nice\/\" target=\"_blank\" rel=\"noopener\">Nice<\/a> devrait \u00eatre \u00e9pargn\u00e9e avec \u00ab\u2009seulement\u2009\u00bb 31\u00b0C de temp\u00e9rature maximale, soit proche des normales de saison.<\/p>\n<p class=\" wall-content\">Les <strong>nuits<\/strong> seront en revanche \u00e9prouvantes dans la capitale de la C\u00f4te d\u2019Azur avec pas moins de <strong>25\u00b0C.<\/strong><\/p>\n<p>Le seuil canicule dans le d\u00e9partement<\/p>\n<p>Le seuil des temp\u00e9ratures pour que la canicule soit officielle dans les Alpes-Maritimes est de 31\u00b0C en journ\u00e9e et de 24\u00b0C la nuit.<\/p>\n<p>Jusqu\u2019\u00e0 33\u00b0C dimanche<\/p>\n<p class=\" wall-content\">\u00c0 partir de dimanche, le mercure va encore grimper et atteindre la barre des 33\u00b0C. Une valeur qui devrait se <strong>maintenir jusqu\u2019au jeudi 14\u00a0ao\u00fbt<\/strong>.<\/p>\n<p class=\" wall-content\">L\u00e0 encore, les soir\u00e9es s\u2019annoncent chaudes \u00e0 Nice puisque M\u00e9t\u00e9o France indique que le thermom\u00e8tre ne descendra pas en dessous de 26\u00b0C sur cette m\u00eame p\u00e9riode.<\/p>\n<p class=\" wall-content\">Pour ce qui est du ciel, le soleil brillera de mille feux ces prochains jours.<\/p>\n<p class=\" wall-content\">Suivez toute l\u2019actualit\u00e9 de vos villes et m\u00e9dias favoris en vous inscrivant \u00e0 <a href=\"https:\/\/moncompte.actu.fr\" title=\"D\u00e9couvez Mon Actu\" rel=\"nofollow noopener\" data-trk=\"{&quot;cta&quot;:{&quot;action&quot;:&quot;https:\\\/\\\/moncompte.actu.fr&quot;,&quot;category&quot;:&quot;mon compte&quot;,&quot;from&quot;:&quot;article footer&quot;,&quot;name&quot;:&quot;Mon actu&quot;,&quot;type&quot;:&quot;cta&quot;}}\" target=\"_blank\">Mon Actu<\/a>.<\/p>\n","protected":false},"excerpt":{"rendered":"Par Ugo Maillard Publi\u00e9 le 9 ao\u00fbt 2025 \u00e0 7h12 Pour faire simple, il va faire chaud. D\u00e8s&hellip;\n","protected":false},"author":2,"featured_media":209381,"comment_status":"","ping_status":"","sticky":false,"template":"","format":"standard","meta":{"footnotes":""},"categories":[2819],"tags":[1111,11,6698,1777,674,1011,27,2487,2357,12,2401,882,25],"class_list":{"0":"post-306723","1":"post","2":"type-post","3":"status-publish","4":"format-standard","5":"has-post-thumbnail","7":"category-nice","8":"tag-actu","9":"tag-actualites","10":"tag-canicule","11":"tag-eu","12":"tag-europe","13":"tag-fr","14":"tag-france","15":"tag-meteo","16":"tag-meteo-france","17":"tag-news","18":"tag-nice","19":"tag-provence-alpes-cote-dazur","20":"tag-republique-francaise"},"share_on_mastodon":{"url":"https:\/\/pubeurope.com\/@fr\/114997352416343987","error":""},"_links":{"self":[{"href":"https:\/\/www.europesays.com\/fr\/wp-json\/wp\/v2\/posts\/306723","targetHints":{"allow":["GET"]}}],"collection":[{"href":"https:\/\/www.europesays.com\/fr\/wp-json\/wp\/v2\/posts"}],"about":[{"href":"https:\/\/www.europesays.com\/fr\/wp-json\/wp\/v2\/types\/post"}],"author":[{"embeddable":true,"href":"https:\/\/www.europesays.com\/fr\/wp-json\/wp\/v2\/users\/2"}],"replies":[{"embeddable":true,"href":"https:\/\/www.europesays.com\/fr\/wp-json\/wp\/v2\/comments?post=306723"}],"version-history":[{"count":0,"href":"https:\/\/www.europesays.com\/fr\/wp-json\/wp\/v2\/posts\/306723\/revisions"}],"wp:featuredmedia":[{"embeddable":true,"href":"https:\/\/www.europesays.com\/fr\/wp-json\/wp\/v2\/media\/209381"}],"wp:attachment":[{"href":"https:\/\/www.europesays.com\/fr\/wp-json\/wp\/v2\/media?parent=306723"}],"wp:term":[{"taxonomy":"category","embeddable":true,"href":"https:\/\/www.europesays.com\/fr\/wp-json\/wp\/v2\/categories?post=306723"},{"taxonomy":"post_tag","embeddable":true,"href":"https:\/\/www.europesays.com\/fr\/wp-json\/wp\/v2\/tags?post=306723"}],"curies":[{"name":"wp","href":"https:\/\/api.w.org\/{rel}","templated":true}]}}