{"id":306726,"date":"2025-08-09T06:19:28","date_gmt":"2025-08-09T06:19:28","guid":{"rendered":"https:\/\/www.europesays.com\/fr\/306726\/"},"modified":"2025-08-09T06:19:28","modified_gmt":"2025-08-09T06:19:28","slug":"insatisfait-de-sa-commande-au-bar-un-client-reclame-3-000-euros-et-gifle-un-employe","status":"publish","type":"post","link":"https:\/\/www.europesays.com\/fr\/306726\/","title":{"rendered":"Insatisfait de sa commande au bar, un client r\u00e9clame 3\u00a0000 euros et gifle un employ\u00e9"},"content":{"rendered":"<p>            Par<br \/>\n        <strong><br \/>\n            <a href=\"https:\/\/actu.fr\/auteur\/emma-derome\" title=\"Consulter tous les articles de Emma Derome\" rel=\"nofollow noopener\" target=\"_blank\">Emma Derome<\/a><br \/>\n        <\/strong><\/p>\n<p>        Publi\u00e9 le<\/p>\n<p>            8 ao\u00fbt 2025 \u00e0 15h29        <\/p>\n<p><img decoding=\"async\" loading=\"lazy\" src=\"https:\/\/www.europesays.com\/fr\/wp-content\/uploads\/2025\/08\/img-5020-960x640.jpg\" alt=\"Le client m\u00e9content s'en est pris aux salari\u00e9s du bar, jeudi 7 ao\u00fbt en d\u00e9but de soir\u00e9e. \" width=\"960\" height=\"640\"\/>Le client m\u00e9content s\u2019en est pris \u00e0 un salari\u00e9 et \u00e0 un habitu\u00e9 du Ruin bar, \u00e0 Nantes. (\u00a9Emma Derome \/ actu Nantes)<\/p>\n<p class=\" wall-content\">C\u2019est dans un bar du quartier du Bouffay, \u00e0 Nantes, bien connu pour son \u00e9cran g\u00e9ant, que les faits se sont produits, entre le mardi\u00a05 et le jeudi 7\u00a0ao\u00fbt. Voici ce qu\u2019il s\u2019est pass\u00e9.<\/p>\n<p>Il pr\u00e9sente son RIB au bar<\/p>\n<p class=\" wall-content\">Vers 19\u2009h\u200930, jeudi soir, un homme de nationalit\u00e9 g\u00e9orgienne, ne parlant pas bien le fran\u00e7ais, a \u00e9t\u00e9 interpell\u00e9 par la police et plac\u00e9 en garde \u00e0 vue.<\/p>\n<p class=\" wall-content\">Le quadrag\u00e9naire \u00e9tait d\u2019abord venu sur place deux jours plus t\u00f4t, mardi, en terrasse. Apparemment <a href=\"https:\/\/actu.fr\/pays-de-la-loire\/la-chapelle-heulin_44032\/pres-de-nantes-ce-gerant-cede-son-bar-tabac-son-bebe-quil-avait-ouvert-il-y-a-cinq-ans_60578584.html\" rel=\"nofollow noopener\" target=\"_blank\">m\u00e9content du service<\/a>, il s\u2019est plaint aupr\u00e8s du serveur. La situation s\u2019est envenim\u00e9e, <strong>le client giflant l\u2019employ\u00e9 ainsi qu\u2019un habitu\u00e9 venu s\u2019interposer<\/strong>.<\/p>\n<p class=\" wall-content\">Selon le patron du bar, le client insatisfait a <strong>malgr\u00e9 tout \u00e9t\u00e9 rembours\u00e9<\/strong>. Les choses ont encore d\u00e9g\u00e9n\u00e9r\u00e9 le lendemain. L\u2019homme est revenu avec un ami capable de traduire ses propos.<strong> Il pr\u00e9sente alors son RIB au patron et lui r\u00e9clame 3\u00a0000 euros.<\/strong><\/p>\n<p class=\" wall-content\">Le patron du bar a <strong>port\u00e9 plainte pour menace d\u2019extorsion<\/strong>, mais rien n\u2019y a fait. L\u2019homme, encore plus insistant, est revenu le surlendemain. C\u2019est alors que les policiers sont intervenus, dans la soir\u00e9e de jeudi.<\/p>\n<p class=\" wall-content\">Vendredi matin, l\u2019individu \u00e9tait toujours en garde \u00e0 vue. La police tentait de trouver un interpr\u00e8te fran\u00e7ais-georgien, en plein mois d\u2019ao\u00fbt, afin de l\u2019entendre sur ces faits. Une plainte doit \u00eatre d\u00e9pos\u00e9e dans la journ\u00e9e par les deux hommes agress\u00e9s, selon le Ruin bar.<\/p>\n<p class=\" wall-content\">Suivez toute l\u2019actualit\u00e9 de vos villes et m\u00e9dias favoris en vous inscrivant \u00e0 <a href=\"https:\/\/moncompte.actu.fr\" title=\"D\u00e9couvez Mon Actu\" rel=\"nofollow noopener\" data-trk=\"{&quot;cta&quot;:{&quot;action&quot;:&quot;https:\\\/\\\/moncompte.actu.fr&quot;,&quot;category&quot;:&quot;mon compte&quot;,&quot;from&quot;:&quot;article footer&quot;,&quot;name&quot;:&quot;Mon actu&quot;,&quot;type&quot;:&quot;cta&quot;}}\" target=\"_blank\">Mon Actu<\/a>.<\/p>\n","protected":false},"excerpt":{"rendered":"Par Emma Derome Publi\u00e9 le 8 ao\u00fbt 2025 \u00e0 15h29 Le client m\u00e9content s\u2019en est pris \u00e0 un&hellip;\n","protected":false},"author":2,"featured_media":306727,"comment_status":"","ping_status":"","sticky":false,"template":"","format":"standard","meta":{"footnotes":""},"categories":[2818],"tags":[1111,11,1777,674,118,1011,27,1757,766,12,2636,1072,25],"class_list":{"0":"post-306726","1":"post","2":"type-post","3":"status-publish","4":"format-standard","5":"has-post-thumbnail","7":"category-nantes","8":"tag-actu","9":"tag-actualites","10":"tag-eu","11":"tag-europe","12":"tag-faits-divers","13":"tag-fr","14":"tag-france","15":"tag-insolite","16":"tag-nantes","17":"tag-news","18":"tag-pays-de-la-loire","19":"tag-police","20":"tag-republique-francaise"},"share_on_mastodon":{"url":"https:\/\/pubeurope.com\/@fr\/114997360629565231","error":""},"_links":{"self":[{"href":"https:\/\/www.europesays.com\/fr\/wp-json\/wp\/v2\/posts\/306726","targetHints":{"allow":["GET"]}}],"collection":[{"href":"https:\/\/www.europesays.com\/fr\/wp-json\/wp\/v2\/posts"}],"about":[{"href":"https:\/\/www.europesays.com\/fr\/wp-json\/wp\/v2\/types\/post"}],"author":[{"embeddable":true,"href":"https:\/\/www.europesays.com\/fr\/wp-json\/wp\/v2\/users\/2"}],"replies":[{"embeddable":true,"href":"https:\/\/www.europesays.com\/fr\/wp-json\/wp\/v2\/comments?post=306726"}],"version-history":[{"count":0,"href":"https:\/\/www.europesays.com\/fr\/wp-json\/wp\/v2\/posts\/306726\/revisions"}],"wp:featuredmedia":[{"embeddable":true,"href":"https:\/\/www.europesays.com\/fr\/wp-json\/wp\/v2\/media\/306727"}],"wp:attachment":[{"href":"https:\/\/www.europesays.com\/fr\/wp-json\/wp\/v2\/media?parent=306726"}],"wp:term":[{"taxonomy":"category","embeddable":true,"href":"https:\/\/www.europesays.com\/fr\/wp-json\/wp\/v2\/categories?post=306726"},{"taxonomy":"post_tag","embeddable":true,"href":"https:\/\/www.europesays.com\/fr\/wp-json\/wp\/v2\/tags?post=306726"}],"curies":[{"name":"wp","href":"https:\/\/api.w.org\/{rel}","templated":true}]}}