{"id":306728,"date":"2025-08-09T06:20:20","date_gmt":"2025-08-09T06:20:20","guid":{"rendered":"https:\/\/www.europesays.com\/fr\/306728\/"},"modified":"2025-08-09T06:20:20","modified_gmt":"2025-08-09T06:20:20","slug":"la-cathedrale-de-nantes-harnachee-pour-poursuivre-sa-restauration-avant-sa-reouverture-en","status":"publish","type":"post","link":"https:\/\/www.europesays.com\/fr\/306728\/","title":{"rendered":"La cath\u00e9drale de Nantes harnach\u00e9e pour poursuivre sa restauration, avant sa r\u00e9ouverture en"},"content":{"rendered":"<p>Un spectaculaire \u00e9chafaudage a \u00e9t\u00e9 install\u00e9 sur la fa\u00e7ade de <a href=\"https:\/\/nantes.maville.com\/actu\/actudet_-decouverte-majeure-pour-l-histoire-on-a-fait-sortir-de-terre-la-cathedrale-romane-de-nantes-_8-6896505_actu.Htm\" target=\"_self\" rel=\"noopener\">la cath\u00e9drale Saint-Pierre-et-Saint-Paul de Nantes (Loire-Atlantique)<\/a> pour permettre de poursuivre sa restauration. Toutes les pierres du massif occidental, <a href=\"https:\/\/nantes.maville.com\/actu\/actudet_-il-y-a-cinq-ans-les-flammes-devoraient-l-orgue-de-la-cathedrale-de-nantes-_15-6904847_actu.Htm\" target=\"_blank\" rel=\"noopener\">qui ont souffert de l\u2019incendie criminel du 18\u00a0juillet 2020,<\/a> vont \u00eatre remplac\u00e9es par l\u2019entreprise Lefeuvre.<\/p>\n<p>Mais elle sera bien rouverte au public samedi 27\u00a0septembre. Pour f\u00eater ce grand moment, un concert avec l\u2019Orchestre national des Pays de la Loire est pr\u00e9vu ce soir-l\u00e0. Puis deux autres, mercredi 1er\u00a0octobre, \u00e0 19\u00a0h et \u00e0 21\u00a0h, avec un floril\u00e8ge de musique sacr\u00e9e. R\u00e9servations obligatoires \u00e0 partir du 1er\u00a0septembre.<\/p>\n<p>\u00a0<\/p>\n","protected":false},"excerpt":{"rendered":"Un spectaculaire \u00e9chafaudage a \u00e9t\u00e9 install\u00e9 sur la fa\u00e7ade de la cath\u00e9drale Saint-Pierre-et-Saint-Paul de Nantes (Loire-Atlantique) pour permettre&hellip;\n","protected":false},"author":2,"featured_media":306729,"comment_status":"","ping_status":"","sticky":false,"template":"","format":"standard","meta":{"footnotes":""},"categories":[2818],"tags":[1111,11,13601,1777,674,1011,27,44733,766,12,2636,44734,13979,25,2021,395],"class_list":{"0":"post-306728","1":"post","2":"type-post","3":"status-publish","4":"format-standard","5":"has-post-thumbnail","7":"category-nantes","8":"tag-actu","9":"tag-actualites","10":"tag-cathedrale","11":"tag-eu","12":"tag-europe","13":"tag-fr","14":"tag-france","15":"tag-harnachee","16":"tag-nantes","17":"tag-news","18":"tag-pays-de-la-loire","19":"tag-poursuivre","20":"tag-reouverture","21":"tag-republique-francaise","22":"tag-restauration","23":"tag-septembre"},"share_on_mastodon":{"url":"https:\/\/pubeurope.com\/@fr\/114997364368688751","error":""},"_links":{"self":[{"href":"https:\/\/www.europesays.com\/fr\/wp-json\/wp\/v2\/posts\/306728","targetHints":{"allow":["GET"]}}],"collection":[{"href":"https:\/\/www.europesays.com\/fr\/wp-json\/wp\/v2\/posts"}],"about":[{"href":"https:\/\/www.europesays.com\/fr\/wp-json\/wp\/v2\/types\/post"}],"author":[{"embeddable":true,"href":"https:\/\/www.europesays.com\/fr\/wp-json\/wp\/v2\/users\/2"}],"replies":[{"embeddable":true,"href":"https:\/\/www.europesays.com\/fr\/wp-json\/wp\/v2\/comments?post=306728"}],"version-history":[{"count":0,"href":"https:\/\/www.europesays.com\/fr\/wp-json\/wp\/v2\/posts\/306728\/revisions"}],"wp:featuredmedia":[{"embeddable":true,"href":"https:\/\/www.europesays.com\/fr\/wp-json\/wp\/v2\/media\/306729"}],"wp:attachment":[{"href":"https:\/\/www.europesays.com\/fr\/wp-json\/wp\/v2\/media?parent=306728"}],"wp:term":[{"taxonomy":"category","embeddable":true,"href":"https:\/\/www.europesays.com\/fr\/wp-json\/wp\/v2\/categories?post=306728"},{"taxonomy":"post_tag","embeddable":true,"href":"https:\/\/www.europesays.com\/fr\/wp-json\/wp\/v2\/tags?post=306728"}],"curies":[{"name":"wp","href":"https:\/\/api.w.org\/{rel}","templated":true}]}}