{"id":306739,"date":"2025-08-09T06:27:10","date_gmt":"2025-08-09T06:27:10","guid":{"rendered":"https:\/\/www.europesays.com\/fr\/306739\/"},"modified":"2025-08-09T06:27:10","modified_gmt":"2025-08-09T06:27:10","slug":"notre-dame-de-la-garde-les-yeux-dans-les-yeux","status":"publish","type":"post","link":"https:\/\/www.europesays.com\/fr\/306739\/","title":{"rendered":"Notre-Dame de la Garde les yeux dans les yeux"},"content":{"rendered":"\n<p>Elle veille sur la cit\u00e9 phoc\u00e9enne du haut de sa colline, symbole f\u00e9d\u00e9rateur pour les Marseillais et admir\u00e9e par des millions de visiteurs. Mais aujourd\u2019hui ce sont les artisans et l\u2019architecte Xavier David qui couvent de toutes leurs attentions Notre-Dame de la Garde en menant un des plus grands chantiers de restauration du pays. Un des plus d\u00e9licat aussi.<\/p>\n<p>La\u00a0Marseillaise a eu le grand privil\u00e8ge de visiter ce chantier de l\u2019int\u00e9rieur et vous en raconte tous les secrets et les d\u00e9tails. Derri\u00e8re les 40\u00a0tonnes d\u2019\u00e9chafaudage, dont la conception a \u00e9t\u00e9 d\u2019une extr\u00eame pr\u00e9cision, la rencontre avec l\u2019iconique Bonne M\u00e8re est fantastique et renversante.<\/p>\n<p>Prouesses<\/p>\n<p>Ce patient travail de restauration nous permet de r\u00e9v\u00e9ler la diversit\u00e9 des m\u00e9tiers n\u00e9cessaires pour redonner \u00e0 ce chef-d\u2019\u0153uvre tout son \u00e9clat dor\u00e9 et r\u00e9parer les dommages caus\u00e9s par le mistral, le sel marin.<\/p>\n<p>Ce chantier est \u00e0 la fois un voyage dans l\u2019histoire et le temps et dans les nouvelles techniques de restauration.<\/p>\n<p>Des prouesses sont r\u00e9alis\u00e9es \u00e0 l\u2019instar du traitement par bact\u00e9ries de la pierre. Ce chantier ram\u00e8ne aussi l\u2019humain \u00e0 sa juste mesure. Comme jadis les b\u00e2tisseurs de cath\u00e9drales, les artisans du XXIe\u00a0si\u00e8cle savent qu\u2019ils posent les jalons pour leurs successeurs. Une conscience du temps long qui fait tant d\u00e9faut \u00e0 une soci\u00e9t\u00e9 de l\u2019imm\u00e9diatet\u00e9 et de la vitesse.<\/p>\n<p>Ce chantier est aussi la d\u00e9monstration que la restauration du patrimoine ne consiste pas \u00e0 figer les \u00e9difices mais \u00e0 les inscrire dans leur temps, le n\u00f4tre. Notre-Dame de la Garde r\u00e9appara\u00eetra bient\u00f4t plus rayonnante que jamais et posera \u00e0 nouveau sur nous son regard bienveillant.<\/p>\n","protected":false},"excerpt":{"rendered":"Elle veille sur la cit\u00e9 phoc\u00e9enne du haut de sa colline, symbole f\u00e9d\u00e9rateur pour les Marseillais et admir\u00e9e&hellip;\n","protected":false},"author":2,"featured_media":306740,"comment_status":"","ping_status":"","sticky":false,"template":"","format":"standard","meta":{"footnotes":""},"categories":[2814],"tags":[1111,11,1777,674,1011,27,884,12,1177,882,25],"class_list":{"0":"post-306739","1":"post","2":"type-post","3":"status-publish","4":"format-standard","5":"has-post-thumbnail","7":"category-marseille","8":"tag-actu","9":"tag-actualites","10":"tag-eu","11":"tag-europe","12":"tag-fr","13":"tag-france","14":"tag-marseille","15":"tag-news","16":"tag-notre-dame-de-la-garde","17":"tag-provence-alpes-cote-dazur","18":"tag-republique-francaise"},"share_on_mastodon":{"url":"https:\/\/pubeurope.com\/@fr\/114997391857590830","error":""},"_links":{"self":[{"href":"https:\/\/www.europesays.com\/fr\/wp-json\/wp\/v2\/posts\/306739","targetHints":{"allow":["GET"]}}],"collection":[{"href":"https:\/\/www.europesays.com\/fr\/wp-json\/wp\/v2\/posts"}],"about":[{"href":"https:\/\/www.europesays.com\/fr\/wp-json\/wp\/v2\/types\/post"}],"author":[{"embeddable":true,"href":"https:\/\/www.europesays.com\/fr\/wp-json\/wp\/v2\/users\/2"}],"replies":[{"embeddable":true,"href":"https:\/\/www.europesays.com\/fr\/wp-json\/wp\/v2\/comments?post=306739"}],"version-history":[{"count":0,"href":"https:\/\/www.europesays.com\/fr\/wp-json\/wp\/v2\/posts\/306739\/revisions"}],"wp:featuredmedia":[{"embeddable":true,"href":"https:\/\/www.europesays.com\/fr\/wp-json\/wp\/v2\/media\/306740"}],"wp:attachment":[{"href":"https:\/\/www.europesays.com\/fr\/wp-json\/wp\/v2\/media?parent=306739"}],"wp:term":[{"taxonomy":"category","embeddable":true,"href":"https:\/\/www.europesays.com\/fr\/wp-json\/wp\/v2\/categories?post=306739"},{"taxonomy":"post_tag","embeddable":true,"href":"https:\/\/www.europesays.com\/fr\/wp-json\/wp\/v2\/tags?post=306739"}],"curies":[{"name":"wp","href":"https:\/\/api.w.org\/{rel}","templated":true}]}}