{"id":306747,"date":"2025-08-09T06:32:16","date_gmt":"2025-08-09T06:32:16","guid":{"rendered":"https:\/\/www.europesays.com\/fr\/306747\/"},"modified":"2025-08-09T06:32:16","modified_gmt":"2025-08-09T06:32:16","slug":"les-previsions-du-trafic-routier-annoncent-un-samedi-complique","status":"publish","type":"post","link":"https:\/\/www.europesays.com\/fr\/306747\/","title":{"rendered":"les pr\u00e9visions du trafic routier annoncent un samedi compliqu\u00e9"},"content":{"rendered":"<p>        <img decoding=\"async\" loading=\"lazy\" src=\"https:\/\/www.europesays.com\/fr\/wp-content\/uploads\/2025\/08\/d48f3dd_1658619225934-6113d2c93b00006aa1ecea32.jpg\"  width=\"728\" height=\"489\" alt=\"Bison fut\u00e9\u00a0: les pr\u00e9visions du trafic routier annoncent un samedi compliqu\u00e9\"\/>  <\/p>\n<p>PHILIPPE DESMAZES \/ AFP<\/p>\n<p>Bison fut\u00e9\u00a0: les pr\u00e9visions du trafic routier annoncent un samedi compliqu\u00e9<\/p>\n<p class=\"asset asset-text\">BISON FUTE &#8211; Les ao\u00fbtiens qui <a href=\"https:\/\/www.huffingtonpost.fr\/france\/article\/les-previsions-de-bison-fute-pour-le-14-juillet-et-les-departs-en-vacances-avec-du-noir-en-perspective-clx1_252442.html\" target=\"_blank\" rel=\"noopener\" title=\"Nouvelle fen\u00eatre\">partent ou rentrent de vacances <\/a>ce week-end vont devoir s\u2019armer de patience, surtout s\u2019ils prennent la route ce samedi 9\u00a0ao\u00fbt. <a href=\"https:\/\/www.bison-fute.gouv.fr\/du-08-08-au-11-08.html\" target=\"_blank\" rel=\"noopener\" title=\"Nouvelle fen\u00eatre\">L\u2019organisme <\/a>d\u2019informations routi\u00e8res\u00a0<a href=\"https:\/\/www.huffingtonpost.fr\/actualites\/article\/bison-fute-d-ou-vient-l-indien-le-plus-celebre-des-routes-francaises_41663.html\" target=\"_blank\" rel=\"noopener\" title=\"Nouvelle fen\u00eatre\">Bison Fut\u00e9<\/a>\u00a0pr\u00e9voit de nombreux kilom\u00e8tres d\u2019embouteillage, m\u00eame si on est loin de la <a href=\"https:\/\/www.huffingtonpost.fr\/france\/article\/la-barre-des-1-000-kilometres-de-bouchons-depassee-selon-bison-fute-le-samedi-noir-se-confirme_253212.html\" target=\"_blank\" rel=\"noopener\" title=\"Nouvelle fen\u00eatre\">pagaille du week-end de chass\u00e9-crois\u00e9 <\/a>de la semaine derni\u00e8re.<\/p>\n<p class=\"asset asset-text\">Apr\u00e8s un vendredi vert relativement calme, les choses vont se corser. Samedi\u00a0sera la journ\u00e9e du week-end durant laquelle les conditions de circulation seront les plus difficiles sur l\u2019ensemble du territoire, note le site de pr\u00e9visions.<\/p>\n<p>       Samedi compliqu\u00e9 sur les routes    <\/p>\n<p class=\"asset asset-text\">Dans le sens des d\u00e9parts, le Nord, le Nord-Est du pays sera dans le rouge, ainsi qu\u2019une partie du centre-Ouest. \u00ab\u00a0Le trafic sera difficile vers le Nord-Est du pays (A31) et tr\u00e8s difficile vers le Grand-Ouest (A13, A11 et RN165). Des difficult\u00e9s sont aussi pr\u00e9vues sur les axes menant \u00e0 l\u2019Espagne (A10 et A63), vers la M\u00e9diterran\u00e9e (A7, A9 et A61) et vers le Massif Central (A20, A71 et A75).\u00a0\u00bb, annonce l\u2019organisme.<\/p>\n<p> La lecture de ce contenu est susceptible d\u2019entra\u00eener un d\u00e9p\u00f4t de cookies de la part de l\u2019op\u00e9rateur tiers qui l\u2019h\u00e9berge. Compte-tenu des choix que vous avez exprim\u00e9s en mati\u00e8re de d\u00e9p\u00f4t de cookies, nous avons bloqu\u00e9 l\u2019affichage de ce contenu. Si vous souhaitez y acc\u00e9der, vous devez accepter la cat\u00e9gorie de cookies \u201cContenus tiers\u201d en cliquant sur le bouton ci-dessous. <\/p>\n<p> Lire la Vid\u00e9o        <\/p>\n<p class=\"asset asset-text\">Celui-ci pr\u00e9cise qu\u2019il sera \u00e9galement \u00ab\u00a0tr\u00e8s difficile\u00a0\u00bb d\u2019acc\u00e9der au tunnel du Mont-Blanc (RN205) depuis la France vers l\u2019Italie. Pour les Franciliens, la circulation sera encore dense sur les autoroutes de transit Nord-Sud.<\/p>\n<p class=\"asset asset-text\">C\u2019est d\u00e8s les premi\u00e8res heures du matin qu\u2019il faudra s\u2019attendre \u00e0 des ralentissements sur les autoroutes A86 et A6b qui convergent vers les autoroutes A10 et A6. Les premi\u00e8res difficult\u00e9s d\u00e9buteront en tout d\u00e9but de matin\u00e9e. Au fil des heures le trafic va s\u2019intensifier rendant la circulation difficile, avec un pic de bouchon en fin de matin\u00e9e. Il faudra attendre le milieu d\u2019apr\u00e8s-midi pour que la situation se calme.<\/p>\n<p>         <img decoding=\"async\" loading=\"lazy\" src=\"https:\/\/www.europesays.com\/fr\/wp-content\/uploads\/2025\/08\/9cf0276_upload-1-mdp1xw80rmhh-capture-d-a-cran-2025-08-08-121211.png\"  width=\"728\" height=\"512\" alt=\"Bison Fut\u00e9 pr\u00e9voit du rouge et du jaune le samedi 9\u00a0ao\u00fbt dans les deux sens de circulation\"\/>  <\/p>\n<p>Bison Fut\u00e9<\/p>\n<p>Bison Fut\u00e9 pr\u00e9voit du rouge et du jaune le samedi 9\u00a0ao\u00fbt dans les deux sens de circulation<\/p>\n<p class=\"asset asset-text\">Dans le sens des retours, ce sont les axes rejoignant l\u2019\u00cele-de-France depuis l\u2019Espagne via Bordeaux (A10) et sur ceux traversant le Massif Central (A20, A71 et A75), qui seront les plus encombr\u00e9s.<\/p>\n<p class=\"asset asset-text\">Idem du c\u00f4t\u00e9 de la M\u00e9diterran\u00e9e vers Lyon (A7) et au d\u00e9part de la Normandie, de la Bretagne et des Pays-de-la-Loire vers l\u2019\u00cele-de-France (A11, RN165 et RN12). L\u2019acc\u00e8s au tunnel du Mont-Blanc (RN205) sera encore compliqu\u00e9 depuis l\u2019Italie vers la France.<\/p>\n<p class=\"asset asset-text\">Sur l\u2019A10\u00a0en \u00cele-de-France les difficult\u00e9s appara\u00eetront entre le milieu de l\u2019apr\u00e8s-midi et le d\u00e9but de soir\u00e9e.<\/p>\n<p>    Du vert et du orange pour dimanche    <\/p>\n<p class=\"asset asset-text\">On respirera mieux dimanche, dans les deux sens de circulation. Pour le d\u00e9part, il faudra quand m\u00eame compter quelques difficult\u00e9s sur les axes du Sud-Ouest, notamment depuis l\u2019\u00cele-de-France en direction de l\u2019Espagne en passant par Bordeaux (A10), et depuis Bordeaux vers Toulouse (A62). Idem pour ceux voyageant vers la M\u00e9diterran\u00e9e depuis l\u2019\u00cele-de-France (A6 et A7).<\/p>\n<p>         <img decoding=\"async\" loading=\"lazy\" src=\"https:\/\/www.europesays.com\/fr\/wp-content\/uploads\/2025\/08\/73614cd_upload-1-6jukhak9owkj-capture-d-a-cran-2025-08-08-121231.png\"  width=\"728\" height=\"494\" alt=\"Bison Fut\u00e9 pr\u00e9voit du vert et un peu de jaune le dimanche 10\u00a0ao\u00fbt dans les deux sens de circulation\"\/>  <\/p>\n<p>Bison Fut\u00e9<\/p>\n<p>Bison Fut\u00e9 pr\u00e9voit du vert et un peu de jaune le dimanche 10\u00a0ao\u00fbt dans les deux sens de circulation<\/p>\n<p class=\"asset asset-text\">Idem dans l\u2019autre sens, M\u00e9diterran\u00e9e vers \u00cele-de-France (A6, A7, A8 et A9), Espagne vers l\u2019\u00cele-de-France via Bordeaux (A10) et la travers\u00e9e du Massif-Central (A75). L\u2019acc\u00e8s au tunnel du Mont-Blanc (RN205) sera \u00e9galement fortement emprunt\u00e9 depuis l\u2019Italie vers la France.<\/p>\n","protected":false},"excerpt":{"rendered":"PHILIPPE DESMAZES \/ AFP Bison fut\u00e9\u00a0: les pr\u00e9visions du trafic routier annoncent un samedi compliqu\u00e9 BISON FUTE &#8211;&hellip;\n","protected":false},"author":2,"featured_media":306748,"comment_status":"","ping_status":"","sticky":false,"template":"","format":"standard","meta":{"footnotes":""},"categories":[1592],"tags":[1111,11,6427,1777,674,1011,27,662,803,12,626,25,26636,3176],"class_list":{"0":"post-306747","1":"post","2":"type-post","3":"status-publish","4":"format-standard","5":"has-post-thumbnail","7":"category-ile-de-france","8":"tag-actu","9":"tag-actualites","10":"tag-bison-fute","11":"tag-eu","12":"tag-europe","13":"tag-fr","14":"tag-france","15":"tag-ile-de-france","16":"tag-info-trafic","17":"tag-news","18":"tag-paris","19":"tag-republique-francaise","20":"tag-trafic-routier","21":"tag-vacances-scolaires"},"share_on_mastodon":{"url":"https:\/\/pubeurope.com\/@fr\/114997411554138145","error":""},"_links":{"self":[{"href":"https:\/\/www.europesays.com\/fr\/wp-json\/wp\/v2\/posts\/306747","targetHints":{"allow":["GET"]}}],"collection":[{"href":"https:\/\/www.europesays.com\/fr\/wp-json\/wp\/v2\/posts"}],"about":[{"href":"https:\/\/www.europesays.com\/fr\/wp-json\/wp\/v2\/types\/post"}],"author":[{"embeddable":true,"href":"https:\/\/www.europesays.com\/fr\/wp-json\/wp\/v2\/users\/2"}],"replies":[{"embeddable":true,"href":"https:\/\/www.europesays.com\/fr\/wp-json\/wp\/v2\/comments?post=306747"}],"version-history":[{"count":0,"href":"https:\/\/www.europesays.com\/fr\/wp-json\/wp\/v2\/posts\/306747\/revisions"}],"wp:featuredmedia":[{"embeddable":true,"href":"https:\/\/www.europesays.com\/fr\/wp-json\/wp\/v2\/media\/306748"}],"wp:attachment":[{"href":"https:\/\/www.europesays.com\/fr\/wp-json\/wp\/v2\/media?parent=306747"}],"wp:term":[{"taxonomy":"category","embeddable":true,"href":"https:\/\/www.europesays.com\/fr\/wp-json\/wp\/v2\/categories?post=306747"},{"taxonomy":"post_tag","embeddable":true,"href":"https:\/\/www.europesays.com\/fr\/wp-json\/wp\/v2\/tags?post=306747"}],"curies":[{"name":"wp","href":"https:\/\/api.w.org\/{rel}","templated":true}]}}