{"id":306749,"date":"2025-08-09T06:33:10","date_gmt":"2025-08-09T06:33:10","guid":{"rendered":"https:\/\/www.europesays.com\/fr\/306749\/"},"modified":"2025-08-09T06:33:10","modified_gmt":"2025-08-09T06:33:10","slug":"pourquoi-apres-neuf-mois-de-combat-la-peche-est-a-nouveau-autorisee-dans-le-port-de-cette-celebre-station-balneaire","status":"publish","type":"post","link":"https:\/\/www.europesays.com\/fr\/306749\/","title":{"rendered":"pourquoi apr\u00e8s neuf mois de combat, la p\u00eache est \u00e0 nouveau autoris\u00e9e dans le port de cette c\u00e9l\u00e8bre station baln\u00e9aire"},"content":{"rendered":"<p class=\"article__intro\">Ils reviennent avec leurs cannes et leurs espoirs de belles prises. Apr\u00e8s plusieurs mois d\u2019interdiction, les amateurs de p\u00eache peuvent \u00e0 nouveau s\u2019installer sur le port du Grau-du-Roi, dans le Gard. Mais pas question de faire n\u2019importe quoi, les nouvelles r\u00e8gles sont strictes.<\/p>\n<p>\n      La Quotidienne Soci\u00e9t\u00e9\n    <\/p>\n<p>\n      De la vie quotidienne aux grands enjeux, recevez tous les jours les sujets qui font la soci\u00e9t\u00e9 locale, comme la justice, l\u2019\u00e9ducation, la sant\u00e9 et la famille.\n    <\/p>\n<p>    France T\u00e9l\u00e9visions utilise votre adresse e-mail afin de vous envoyer la newsletter \u00ab\u00a0La Quotidienne Soci\u00e9t\u00e9\u00a0\u00bb. Vous pouvez vous d\u00e9sinscrire \u00e0 tout moment via le lien en bas de cette newsletter. <a target=\"_blank\" href=\"https:\/\/www.francetelevisions.fr\/groupe\/confidentialite\/politique-de-confidentialite\/politique-de-confidentialite-de-france-televisions-6503\" rel=\"nofollow noopener\">Notre politique de confidentialit\u00e9<\/a><\/p>\n<p data-start=\"608\" data-end=\"920\">Depuis quelques jours, les p\u00eacheurs \u00e0 la ligne ont retrouv\u00e9 leur place, sur les quais du port du Grau-du-Roi, dans le Gard. L\u2019interdiction a \u00e9t\u00e9 lev\u00e9e, mais de nouvelles r\u00e8gles sont entr\u00e9es en vigueur.<\/p>\n<p data-start=\"608\" data-end=\"920\">P\u00eache \u00e0 la canne fixe uniquement, zones limit\u00e9es, horaires pr\u00e9cis. Les cannes \u00e0 moulinet et les plombs sont toujours interdits.<\/p>\n<\/p>\n<p data-start=\"922\" data-end=\"1142\">Micka\u00ebl, en vacances dans le Gard, comprend ces restrictions. \u00ab\u00a0Je pense que c\u2019est pour \u00e9viter d\u2019aller trop loin dans le port et de g\u00eaner les bateaux. M\u00eame avec une canne simple, on peut s\u2019amuser. Il y a du poisson.\u00a0\u00bb<\/p>\n<p data-start=\"1144\" data-end=\"1451\">L\u2019interdiction, \u00e0 l\u2019origine, visait \u00e0 prot\u00e9ger les bateaux professionnels. Certains avaient subi des d\u00e9g\u00e2ts \u00e0 cause de fils coinc\u00e9s dans les h\u00e9lices. Franck, p\u00eacheur et restaurateur, l&rsquo;a pay\u00e9 cher. \u00ab\u00a0Une fois, un fil a bloqu\u00e9 mon moteur. R\u00e9sultat, 1.000 euros de r\u00e9paration et une journ\u00e9e de travail perdue.\u00a0\u00bb<\/p>\n<p data-start=\"1514\" data-end=\"1844\">Les p\u00eacheurs de loisir n\u2019ont jamais accept\u00e9 cette interdiction totale. Ils se sont regroup\u00e9s en association pour d\u00e9fendre leur activit\u00e9. Laurent Davico, qui tient un magasin de p\u00eache au Grau-du-Roi, fait partie des membres actifs. \u00ab\u00a0On a voulu montrer qu\u2019on n\u2019\u00e9tait pas un danger. Juste des passionn\u00e9s qui respectent les lieux\u00a0\u00bb, dit-il avec soulagement.<\/p>\n<p data-start=\"1514\" data-end=\"1844\">Et si certains profitent encore des zones interdites, la majorit\u00e9 se r\u00e9jouit du compromis. Samuel, p\u00eacheur r\u00e9gulier, reste discret sur ses coins favoris. \u00ab\u00a0Le meilleur spot ici ? Je le garde pour moi\u00a0\u00bb, dit-il avec humour.<\/p>\n<p data-start=\"1846\" data-end=\"2024\">Aujourd\u2019hui, les professionnels aussi reconnaissent que la cohabitation est possible. Les nouvelles r\u00e8gles semblent mieux accept\u00e9es, m\u00eame si tout le monde ne les suit pas encore&#8230;<\/p>\n<p data-start=\"1846\" data-end=\"2024\">\u00c9crit avec Tristan Vyncke.<\/p>\n","protected":false},"excerpt":{"rendered":"Ils reviennent avec leurs cannes et leurs espoirs de belles prises. Apr\u00e8s plusieurs mois d\u2019interdiction, les amateurs de&hellip;\n","protected":false},"author":2,"featured_media":306750,"comment_status":"","ping_status":"","sticky":false,"template":"","format":"standard","meta":{"footnotes":""},"categories":[1888],"tags":[1111,1928,11,1927,1777,674,1011,27,12,1926,626,1925,25],"class_list":{"0":"post-306749","1":"post","2":"type-post","3":"status-publish","4":"format-standard","5":"has-post-thumbnail","7":"category-paris","8":"tag-actu","9":"tag-actu-paris","10":"tag-actualites","11":"tag-actualites-paris","12":"tag-eu","13":"tag-europe","14":"tag-fr","15":"tag-france","16":"tag-news","17":"tag-news-paris","18":"tag-paris","19":"tag-paris-news","20":"tag-republique-francaise"},"share_on_mastodon":{"url":"https:\/\/pubeurope.com\/@fr\/114997415571781082","error":""},"_links":{"self":[{"href":"https:\/\/www.europesays.com\/fr\/wp-json\/wp\/v2\/posts\/306749","targetHints":{"allow":["GET"]}}],"collection":[{"href":"https:\/\/www.europesays.com\/fr\/wp-json\/wp\/v2\/posts"}],"about":[{"href":"https:\/\/www.europesays.com\/fr\/wp-json\/wp\/v2\/types\/post"}],"author":[{"embeddable":true,"href":"https:\/\/www.europesays.com\/fr\/wp-json\/wp\/v2\/users\/2"}],"replies":[{"embeddable":true,"href":"https:\/\/www.europesays.com\/fr\/wp-json\/wp\/v2\/comments?post=306749"}],"version-history":[{"count":0,"href":"https:\/\/www.europesays.com\/fr\/wp-json\/wp\/v2\/posts\/306749\/revisions"}],"wp:featuredmedia":[{"embeddable":true,"href":"https:\/\/www.europesays.com\/fr\/wp-json\/wp\/v2\/media\/306750"}],"wp:attachment":[{"href":"https:\/\/www.europesays.com\/fr\/wp-json\/wp\/v2\/media?parent=306749"}],"wp:term":[{"taxonomy":"category","embeddable":true,"href":"https:\/\/www.europesays.com\/fr\/wp-json\/wp\/v2\/categories?post=306749"},{"taxonomy":"post_tag","embeddable":true,"href":"https:\/\/www.europesays.com\/fr\/wp-json\/wp\/v2\/tags?post=306749"}],"curies":[{"name":"wp","href":"https:\/\/api.w.org\/{rel}","templated":true}]}}