{"id":306755,"date":"2025-08-09T06:36:10","date_gmt":"2025-08-09T06:36:10","guid":{"rendered":"https:\/\/www.europesays.com\/fr\/306755\/"},"modified":"2025-08-09T06:36:10","modified_gmt":"2025-08-09T06:36:10","slug":"nous-continuerons-mais-differemment-a-paris-coup-darret-aux-soirees-gang-bangs-du-xve","status":"publish","type":"post","link":"https:\/\/www.europesays.com\/fr\/306755\/","title":{"rendered":"\u00ab\u00a0Nous continuerons, mais diff\u00e9remment\u00a0\u00bb\u00a0: \u00e0 Paris, coup d\u2019arr\u00eat aux soir\u00e9es gang bangs du XVe"},"content":{"rendered":"<p class=\"paragraph text_align_left lp-f-body-02\">La \u00ab <a href=\"https:\/\/www.leparisien.fr\/paris-75\/une-horde-dhommes-en-rut-des-gang-bangs-payants-organises-sans-crainte-dans-un-immeuble-de-paris-16-11-2024-FIJTMNYBYFASNHNIIS7JTGQ7OI.php\" target=\"_blank\" rel=\"noreferrer nofollow noopener\">horde d\u2019hommes en rut<\/a> \u00bb qui s\u2019invite jusqu\u2019\u00e0 trois fois par semaine dans les sous-sols de cette r\u00e9sidence cossue de la rue d\u2019Alleray (XVe), \u00e0 Paris, a-t-elle particip\u00e9 \u00e0 ses derniers \u00ab \u00e9v\u00e9nements libertins sur mesure \u00bb ? La Factory, nom donn\u00e9 \u00e0 cette organisation (l\u00e9gale) d\u2019<a href=\"https:\/\/www.leparisien.fr\/societe\/une-orgie-de-24-heures-un-equipage-de-british-airways-se-retrouve-par-erreur-loge-dans-un-hotel-sm-25-06-2025-5ISEFG24SFCIBMHJF4MTZZ6C6U.php\" target=\"_blank\" rel=\"noreferrer nofollow noopener\">orgies<\/a>, \u00ab doit fermer ses portes pour une transformation impos\u00e9e \u00bb, indique en ligne son myst\u00e9rieux boss, \u00ab Z \u00bb.<\/p>\n<p class=\"paragraph text_align_left lp-f-body-02\">Depuis les r\u00e9v\u00e9lations du Parisien en novembre 2024 quant \u00e0 l\u2019existence de ces pratiques moralement discutables mais dans les clous sur le volet administratif, les autorit\u00e9s tentent de trouver la moindre faille afin de faire cesser <a href=\"https:\/\/www.leparisien.fr\/val-de-marne-94\/bois-de-vincennes-la-soiree-x-au-chalet-du-lac-nouveau-cauchemar-pour-les-riverains-excedes-par-les-nuisances-27-06-2025-CY7FAQEKY5GK7B6DWNOSR6AMYU.php\" target=\"_self\" rel=\"nofollow noopener\">ces soir\u00e9es<\/a> au cours desquelles une femme est plac\u00e9e au centre des attentions de plusieurs hommes, moyennant une entr\u00e9e \u00e0 80 euros pour ces derniers.<\/p>\n","protected":false},"excerpt":{"rendered":"La \u00ab horde d\u2019hommes en rut \u00bb qui s\u2019invite jusqu\u2019\u00e0 trois fois par semaine dans les sous-sols de&hellip;\n","protected":false},"author":2,"featured_media":306756,"comment_status":"","ping_status":"","sticky":false,"template":"","format":"standard","meta":{"footnotes":""},"categories":[1888],"tags":[11,1777,674,1011,27,1944,12,626,25],"class_list":{"0":"post-306755","1":"post","2":"type-post","3":"status-publish","4":"format-standard","5":"has-post-thumbnail","7":"category-paris","8":"tag-actualites","9":"tag-eu","10":"tag-europe","11":"tag-fr","12":"tag-france","13":"tag-ma-ville","14":"tag-news","15":"tag-paris","16":"tag-republique-francaise"},"share_on_mastodon":{"url":"https:\/\/pubeurope.com\/@fr\/114997427176490219","error":""},"_links":{"self":[{"href":"https:\/\/www.europesays.com\/fr\/wp-json\/wp\/v2\/posts\/306755","targetHints":{"allow":["GET"]}}],"collection":[{"href":"https:\/\/www.europesays.com\/fr\/wp-json\/wp\/v2\/posts"}],"about":[{"href":"https:\/\/www.europesays.com\/fr\/wp-json\/wp\/v2\/types\/post"}],"author":[{"embeddable":true,"href":"https:\/\/www.europesays.com\/fr\/wp-json\/wp\/v2\/users\/2"}],"replies":[{"embeddable":true,"href":"https:\/\/www.europesays.com\/fr\/wp-json\/wp\/v2\/comments?post=306755"}],"version-history":[{"count":0,"href":"https:\/\/www.europesays.com\/fr\/wp-json\/wp\/v2\/posts\/306755\/revisions"}],"wp:featuredmedia":[{"embeddable":true,"href":"https:\/\/www.europesays.com\/fr\/wp-json\/wp\/v2\/media\/306756"}],"wp:attachment":[{"href":"https:\/\/www.europesays.com\/fr\/wp-json\/wp\/v2\/media?parent=306755"}],"wp:term":[{"taxonomy":"category","embeddable":true,"href":"https:\/\/www.europesays.com\/fr\/wp-json\/wp\/v2\/categories?post=306755"},{"taxonomy":"post_tag","embeddable":true,"href":"https:\/\/www.europesays.com\/fr\/wp-json\/wp\/v2\/tags?post=306755"}],"curies":[{"name":"wp","href":"https:\/\/api.w.org\/{rel}","templated":true}]}}