{"id":306761,"date":"2025-08-09T06:39:12","date_gmt":"2025-08-09T06:39:12","guid":{"rendered":"https:\/\/www.europesays.com\/fr\/306761\/"},"modified":"2025-08-09T06:39:12","modified_gmt":"2025-08-09T06:39:12","slug":"les-etats-unis-proposent-de-prolonger-la-reduction-des-vols-a-laeroport-de-newark-jusquen-octobre-2026-09-08-2025-a-0020","status":"publish","type":"post","link":"https:\/\/www.europesays.com\/fr\/306761\/","title":{"rendered":"Les \u00c9tats-Unis proposent de prolonger la r\u00e9duction des vols \u00e0 l&rsquo;a\u00e9roport de Newark jusqu&rsquo;en octobre 2026 &#8211; 09\/08\/2025 \u00e0 00:20"},"content":{"rendered":"<p>\n ((Traduction automatis\u00e9e par Reuters \u00e0 l&rsquo;aide de l&rsquo;apprentissage<br \/>\nautomatique et de l&rsquo;IA g\u00e9n\u00e9rative, veuillez vous r\u00e9f\u00e9rer \u00e0<br \/>\nl&rsquo;avertissement suivant: https:\/\/bit.ly\/rtrsauto))\n<\/p>\n<p>\n (Ajoute des d\u00e9tails, le contexte des r\u00e9ductions, dans les<br \/>\nparagraphes 4-8)<br \/>\npar David Shepardson\n<\/p>\n<p>\n L&rsquo;Administration f\u00e9d\u00e9rale de l&rsquo;aviation<br \/>\n(FAA) a annonc\u00e9 vendredi qu&rsquo;elle proposait de prolonger jusqu&rsquo;en<br \/>\noctobre 2026 la r\u00e9duction des vols \u00e0 Newark, l&rsquo;un des trois<br \/>\nprincipaux a\u00e9roports desservant la r\u00e9gion de New York, qui reste<br \/>\nconfront\u00e9 \u00e0 la p\u00e9nurie de contr\u00f4leurs a\u00e9riens et aux probl\u00e8mes<br \/>\nd&rsquo;encombrement.\n<\/p>\n<p>\n En mai, la FAA a ordonn\u00e9 la r\u00e9duction des vols \u00e0 l&rsquo;a\u00e9roport<br \/>\ninternational Newark Liberty du New Jersey jusqu&rsquo;\u00e0 la fin de<br \/>\nl&rsquo;ann\u00e9e 2025, suite \u00e0 une s\u00e9rie de perturbations majeures au hub<br \/>\nde United Airlines<br \/>\n <a href=\"https:\/\/www.boursorama.com\/cours\/UAL\/\" rel=\"nofollow noopener\" target=\"_blank\"><br \/>\n  UAL.O<br \/>\n <\/a><br \/>\n , qui ont bloqu\u00e9 des centaines de vols<br \/>\net suscit\u00e9 l&rsquo;inqui\u00e9tude quant au vieillissement du syst\u00e8me de<br \/>\ncontr\u00f4le du trafic a\u00e9rien am\u00e9ricain.\n<\/p>\n<p>\n La FAA a d\u00e9clar\u00e9 vendredi que l&rsquo;objectif de la r\u00e9duction des<br \/>\ntaux de vol est de \u00ab\u00a0continuer \u00e0 maintenir la s\u00e9curit\u00e9 tout en<br \/>\nr\u00e9duisant les retards des vols dus aux probl\u00e8mes de personnel et<br \/>\nd&rsquo;\u00e9quipement, ce qui se traduit par des voyages plus fluides \u00e0<br \/>\ndestination et en provenance de Newark.\u00a0\u00bb\n<\/p>\n<p>\n Le mois dernier, le bureau de l&rsquo;inspecteur g\u00e9n\u00e9ral du<br \/>\nminist\u00e8re des Transports a annonc\u00e9 qu&rsquo;il enqu\u00eaterait sur la<br \/>\nd\u00e9cision de la FAA de transf\u00e9rer certains contr\u00f4leurs a\u00e9riens de<br \/>\nNewark de New York \u00e0 Philadelphie en 2024, afin de rem\u00e9dier au<br \/>\nmanque de personnel et \u00e0 l&rsquo;encombrement de l&rsquo;espace a\u00e9rien de la<br \/>\nr\u00e9gion de New York. Cet examen fait suite \u00e0 deux graves pannes<br \/>\nde communication pour les contr\u00f4leurs a\u00e9riens qui surveillent<br \/>\nl&rsquo;espace a\u00e9rien de Newark en avril et en mai.\n<\/p>\n<p>\n La FAA a demand\u00e9 \u00e0  17 contr\u00f4leurs a\u00e9riens (  ) de<br \/>\nquitter le terminal d&rsquo;approche radar de New York, connu sous le<br \/>\nnom de N90, pour Philadelphie \u00e0 la fin du mois de juillet de<br \/>\nl&rsquo;ann\u00e9e derni\u00e8re. Le TRACON de New York est l&rsquo;une des<br \/>\ninstallations les plus fr\u00e9quent\u00e9es des \u00c9tats-Unis. La FAA a<br \/>\nd\u00e9clar\u00e9 que \u00ab\u00a0la faiblesse persistante des effectifs et le faible<br \/>\ntaux de r\u00e9ussite des formations\u00a0\u00bb \u00e0 N90 \u00e9taient parmi les raisons<br \/>\nqui ont motiv\u00e9 le transfert du contr\u00f4le de l&rsquo;espace a\u00e9rien de<br \/>\nNewark, dans le but d&rsquo;augmenter les effectifs et de contribuer \u00e0<br \/>\nr\u00e9duire la congestion.\n<\/p>\n<p>\n En juillet, la FAA  a prolong\u00e9 jusqu&rsquo;en octobre 2026  les<br \/>\nr\u00e9ductions des exigences  minimales de  vol   dans les<br \/>\na\u00e9roports encombr\u00e9s de la ville de New York .\n<\/p>\n<p>\n Il manque environ 3 500 contr\u00f4leurs a\u00e9riens \u00e0 la FAA pour<br \/>\natteindre les objectifs fix\u00e9s en mati\u00e8re de personnel. Une s\u00e9rie<br \/>\nd&rsquo;incidents \u00e9vit\u00e9s de justesse a suscit\u00e9 des inqui\u00e9tudes en<br \/>\nmati\u00e8re de s\u00e9curit\u00e9 ces derni\u00e8res ann\u00e9es, tandis que la p\u00e9nurie<br \/>\npersistante de personnel a retard\u00e9 des vols et contraint les<br \/>\ncontr\u00f4leurs de nombreuses installations \u00e0 effectuer des heures<br \/>\nsuppl\u00e9mentaires obligatoires et des semaines de six jours.<\/p>\n","protected":false},"excerpt":{"rendered":"((Traduction automatis\u00e9e par Reuters \u00e0 l&rsquo;aide de l&rsquo;apprentissage automatique et de l&rsquo;IA g\u00e9n\u00e9rative, veuillez vous r\u00e9f\u00e9rer \u00e0 l&rsquo;avertissement&hellip;\n","protected":false},"author":2,"featured_media":7013,"comment_status":"","ping_status":"","sticky":false,"template":"","format":"standard","meta":{"footnotes":""},"categories":[1589],"tags":[400,11,398,408,405,73,1866,403,402,399,404,12,401,406,1864,1865,1863,308,407],"class_list":{"0":"post-306761","1":"post","2":"type-post","3":"status-publish","4":"format-standard","5":"has-post-thumbnail","7":"category-etats-unis","8":"tag-action-cac-40","9":"tag-actualites","10":"tag-bourse-de-paris","11":"tag-boursorama","12":"tag-cotations","13":"tag-etats-unis","14":"tag-etats-unis-damerique","15":"tag-indices-devises","16":"tag-investir","17":"tag-investissement","18":"tag-marche-boursier","19":"tag-news","20":"tag-sicav","21":"tag-trackers","22":"tag-united-states","23":"tag-united-states-of-america","24":"tag-us","25":"tag-usa","26":"tag-warrants"},"share_on_mastodon":{"url":"https:\/\/pubeurope.com\/@fr\/114997439526994700","error":""},"_links":{"self":[{"href":"https:\/\/www.europesays.com\/fr\/wp-json\/wp\/v2\/posts\/306761","targetHints":{"allow":["GET"]}}],"collection":[{"href":"https:\/\/www.europesays.com\/fr\/wp-json\/wp\/v2\/posts"}],"about":[{"href":"https:\/\/www.europesays.com\/fr\/wp-json\/wp\/v2\/types\/post"}],"author":[{"embeddable":true,"href":"https:\/\/www.europesays.com\/fr\/wp-json\/wp\/v2\/users\/2"}],"replies":[{"embeddable":true,"href":"https:\/\/www.europesays.com\/fr\/wp-json\/wp\/v2\/comments?post=306761"}],"version-history":[{"count":0,"href":"https:\/\/www.europesays.com\/fr\/wp-json\/wp\/v2\/posts\/306761\/revisions"}],"wp:featuredmedia":[{"embeddable":true,"href":"https:\/\/www.europesays.com\/fr\/wp-json\/wp\/v2\/media\/7013"}],"wp:attachment":[{"href":"https:\/\/www.europesays.com\/fr\/wp-json\/wp\/v2\/media?parent=306761"}],"wp:term":[{"taxonomy":"category","embeddable":true,"href":"https:\/\/www.europesays.com\/fr\/wp-json\/wp\/v2\/categories?post=306761"},{"taxonomy":"post_tag","embeddable":true,"href":"https:\/\/www.europesays.com\/fr\/wp-json\/wp\/v2\/tags?post=306761"}],"curies":[{"name":"wp","href":"https:\/\/api.w.org\/{rel}","templated":true}]}}