{"id":306762,"date":"2025-08-09T06:40:42","date_gmt":"2025-08-09T06:40:42","guid":{"rendered":"https:\/\/www.europesays.com\/fr\/306762\/"},"modified":"2025-08-09T06:40:42","modified_gmt":"2025-08-09T06:40:42","slug":"le-royaume-uni-empetre-dans-un-triangle-amoureux-transatlantique","status":"publish","type":"post","link":"https:\/\/www.europesays.com\/fr\/306762\/","title":{"rendered":"Le Royaume-Uni emp\u00eatr\u00e9 dans un triangle amoureux transatlantique"},"content":{"rendered":"<p style=\"text-align: left\"><strong>La \u00ab\u2009r\u00e9initialisation\u2009\u00bb des relations entre le Premier ministre britannique, Sir Keir Starmer, et l\u2019Union europ\u00e9enne (UE) n\u2019a jusqu\u2019\u00e0 pr\u00e9sent pas donn\u00e9 grand-chose, mais il se pourrait que le Royaume-Uni parvienne \u00e0 conclure un accord avec les \u00c9tats-Unis.<\/strong><\/p>\n<p style=\"text-align: left\">Donald Trump <a href=\"https:\/\/www.bbc.com\/news\/live\/c8d90v1m6qvt?post=asset%3Ac57b84d9-9130-4424-9293-96fe63cde87f#post\" target=\"_blank\" rel=\"noopener nofollow\">a d\u00e9clar\u00e9<\/a> dimanche \u00e0 la BBC qu\u2019il imposerait \u00ab\u2009certainement\u2009\u00bb des droits de douane \u00e0 l\u2019UE. Mais, s\u2019il a laiss\u00e9 entendre qu\u2019il pourrait faire de m\u00eame avec le Royaume-Uni, il a ajout\u00e9 : \u00ab\u2009je pense qu\u2019il est possible de trouver une solution. Le Premier ministre [Keir] Starmer a \u00e9t\u00e9 tr\u00e8s gentil\u2009\u00bb.<\/p>\n<p style=\"text-align: left\">Il se trouve que Donald Trump a \u00e9galement \u00e9t\u00e9 tr\u00e8s gentil avec Keir Starmer ces derniers temps. Fin janvier, il a d\u00e9clar\u00e9 que le Premier ministre britannique faisait du \u00ab\u2009tr\u00e8s bon travail\u2009\u00bb. Ces propos contrastent fortement avec ceux d\u2019Elon Musk, bras droit de Donald Trump, qui <a href=\"https:\/\/www.euractiv.fr\/section\/politique\/news\/le-royaume-uni-fait-face-a-ses-demons\/\" target=\"_blank\" rel=\"noopener nofollow\">a appel\u00e9<\/a> \u00e0 l\u2019emprisonnement du Travailliste.<\/p>\n<p style=\"text-align: left\">Le Royaume-Uni est donc emp\u00eatr\u00e9 dans un \u00e9trange triangle amoureux. Keir Starmer souhaite se rapprocher le plus possible de l\u2019UE sans donner l\u2019impression de vouloir la rejoindre. Le pr\u00e9sident am\u00e9ricain, dont la m\u00e8re est n\u00e9e en \u00c9cosse, montre son int\u00e9r\u00eat pour le Royaume-Uni, un pays qui \u2014 qu\u2019il l\u2019admette ou non \u2014 aime \u00eatre au centre de l\u2019attention. Mais Donald Trump est hostile \u00e0 l\u2019UE, de laquelle Keir Starmer veut pourtant se rapprocher.<\/p>\n<p style=\"text-align: left\">Le Premier ministre britannique doit donc d\u00e9cider comment obtenir ce dont il a besoin de Bruxelles et de Washington.<\/p>\n<p><img loading=\"lazy\" decoding=\"async\" width=\"800\" height=\"600\" src=\"https:\/\/www.europesays.com\/fr\/wp-content\/uploads\/2025\/05\/GettyImages-2193151868-800x600.jpg\" class=\"attachment-4x3 size-4x3 wp-post-image ea-media-unrolled ea-media-formatted img-responsive\" alt=\"\"\/><\/p>\n<p>Les accords et leurs limites<\/p>\n<p style=\"text-align: left\">Keir Starmer, qui dirige le Parti travailliste britannique de centre gauche, n\u2019est pas un adepte de Donald Trump, mais il pr\u00e9side une grande \u00e9conomie anglophone qui ne fait plus partie de l\u2019UE, ce qui lui permet d\u2019agir unilat\u00e9ralement en mati\u00e8re de commerce.<\/p>\n<p style=\"text-align: left\">Selon Ian Lesser, analyste politique au German Marshall Fund, un think tank transatlantique, Donald Trump \u00ab\u2009comprend mieux le Royaume-Uni en tant qu\u2019acteur unitaire et n\u2019est pas enclin \u00e0 favoriser les n\u00e9gociations avec l\u2019Union europ\u00e9enne\u2009\u00bb.<\/p>\n<p style=\"text-align: left\">\u00ab\u2009Il n\u2019aime tout simplement pas l\u2019id\u00e9e de n\u00e9gocier avec une institution multinationale\u2009\u00bb, explique Ian Lesser lors d\u2019un entretien avec Euractiv.<\/p>\n<p style=\"text-align: left\">L\u2019expert indique que, si Donald Trump se sent en affinit\u00e9 avec certains dirigeants de l\u2019UE, comme la Premi\u00e8re ministre italienne Giorgia Meloni, \u00ab\u2009sur les questions commerciales en particulier, l\u2019UE est l\u2019interlocuteur et je pense que c\u2019est quelque chose qui le met mal \u00e0 l\u2019aise \u00bb.<\/p>\n<p style=\"text-align: left\">Mais Donald Trump n\u2019est pas le seul a avoir du mal \u00e0 g\u00e9rer l\u2019UE. Keir Starmer a aussi ses difficult\u00e9s.<\/p>\n<p style=\"text-align: left\">En effet, le Royaume-Uni a d\u00e9j\u00e0 conclu un accord commercial avec l\u2019UE, mais le Premier ministre affirme vouloir resserrer les liens, \u00e0 condition que cela n\u2019implique pas de r\u00e9int\u00e9grer le march\u00e9 unique europ\u00e9en ou l\u2019union douani\u00e8re, ni de r\u00e9tablir la libre circulation.<\/p>\n<p style=\"text-align: left\">Cela pose cependant quelques probl\u00e8mes. Tout d\u2019abord, l\u2019accord de commerce et de coop\u00e9ration UE-Royaume-Uni est d\u00e9j\u00e0 tr\u00e8s complet. Ce qui signifie qu\u2019il sera difficile pour Keir Starmer de le compl\u00e9ter sans aligner certaines r\u00e9glementations britanniques sur celles de l\u2019UE, afin de garantir ce que Bruxelles appelle des \u00ab\u2009conditions de concurrence \u00e9quitables\u2009\u00bb. Cela pourrait m\u00eame <a href=\"https:\/\/commonslibrary.parliament.uk\/how-might-mps-scrutinise-the-new-uk-eu-relationship\/\" target=\"_blank\" rel=\"noopener nofollow\">arriver<\/a> dans le cadre de l\u2019accord actuel.<\/p>\n<p style=\"text-align: left\">D\u2019autre part, l\u2019Union europ\u00e9enne a aussi ses propres conditions et exigences, et elle fait d\u00e9j\u00e0 pression sur Keir Starmer \u00e0 ce sujet.<\/p>\n<p style=\"text-align: left\">Par exemple, Bruxelles <a href=\"https:\/\/www.euractiv.fr\/section\/royaume-uni-en-europe\/news\/mobilite-des-jeunes-la-difficile-tache-de-trouver-un-accord-entre-lue-et-le-royaume-uni\/\" target=\"_blank\" rel=\"noopener nofollow\">souhaite<\/a> que tous les Europ\u00e9ens \u00e2g\u00e9s de 18 \u00e0 30 ans puissent vivre et travailler au Royaume-Uni pendant quatre ans. Londres veut diluer cette id\u00e9e autant que possible, car, pour de nombreux Britanniques, cela ressemblerait \u00e0 de la libre circulation pure et dure.<\/p>\n<p><img loading=\"lazy\" decoding=\"async\" width=\"800\" height=\"600\" src=\"https:\/\/www.europesays.com\/fr\/wp-content\/uploads\/2025\/07\/GettyImages-1726244706-800x600.jpg\" class=\"attachment-4x3 size-4x3 wp-post-image ea-media-unrolled ea-media-formatted img-responsive\" alt=\"\"  \/><\/p>\n<p>Le Royaume-Uni est \u00ab\u2009le mieux plac\u00e9\u2009\u00bb pour un accord commercial avec les \u00c9tats-Unis<\/p>\n<p style=\"text-align: left\">\u00c9tant donn\u00e9 que le Royaume-Uni n\u2019a pas d\u2019accord de libre-\u00e9change avec les \u00c9tats-Unis, les possibilit\u00e9s sont en th\u00e9orie beaucoup plus nombreuses pour Keir Starmer et Donald Trump d\u00e8s le d\u00e9part.<\/p>\n<p style=\"text-align: left\">Selon Ian Lesser, il sera plus facile pour Keir Starmer de conclure un nouvel accord avec les \u00c9tats-Unis, car, contrairement \u00e0 Bruxelles et aux 27\u00a0\u00c9tats membres de l\u2019UE, Washington \u00ab\u2009n\u2019est pas contrainte par la n\u00e9cessit\u00e9 d\u2019un consensus plus large, et il s\u2019agit d\u2019une n\u00e9gociation moins technique\u2009\u00bb.<\/p>\n<p style=\"text-align: left\">De m\u00eame, un accord avec Londres est une perspective plus probable pour Washington, souligne Emanuel Adam, directeur ex\u00e9cutif du groupe de pression British American Business.<\/p>\n<p style=\"text-align: left\">\u00ab\u2009Le Royaume-Uni est de loin le mieux plac\u00e9 \u00e0 l\u2019heure actuelle. Je ne pense pas qu\u2019un accord entre les \u00c9tats-Unis et l\u2019UE soit possible \u00e0 ce stade\u2009\u00bb, soutient Emanuel Adam \u00e0 Euractiv.<\/p>\n<p style=\"text-align: left\">Tout comme Bruxelles a men\u00e9 un dur marchandage avec Londres au cours des derni\u00e8res ann\u00e9es, les exigences de Donald Trump envers Keir Starmer iront probablement au-del\u00e0 du simple abaissement des barri\u00e8res commerciales.<\/p>\n<p style=\"text-align: left\">\u00ab\u2009Par le pass\u00e9, il a demand\u00e9 au Royaume-Uni de suivre les \u00c9tats-Unis dans leur approche vis-\u00e0-vis de la Chine, d\u2019initier des interdictions d\u2019importation, d\u2019avoir des contr\u00f4les plus stricts des investissements sortants, etc. Nous pourrions facilement voir cela se reproduire\u2009\u00bb, explique-t-il.<\/p>\n<p style=\"text-align: left\">Selon lui, cependant, le gouvernement britannique \u00ab\u2009saura comment s\u2019y prendre\u2009\u00bb.<\/p>\n<p style=\"text-align: left\">Techniquement, le Royaume-Uni et les \u00c9tats-Unis n\u00e9gocient un accord de libre-\u00e9change depuis 2020. Les pourparlers ont d\u00e9but\u00e9 vers la fin du premier mandat de Donald Trump, lorsque Boris Johnson occupait le 10 Downing Street. Mais peu de progr\u00e8s ont \u00e9t\u00e9 r\u00e9alis\u00e9s sous la pr\u00e9sidence de Joe Biden, qui a pris ses fonctions en janvier 2021.<\/p>\n<p style=\"text-align: left\">\u00ab\u2009Le Royaume-Uni fait partie des derniers accords commerciaux n\u00e9goci\u00e9s par les \u00c9tats-Unis\u2009\u00bb, Souligne Emanuel Adam. L\u2019accord potentiel avec Londres\u00a0\u00ab\u2009est essentiellement celui que Donald Trump a laiss\u00e9 derri\u00e8re lui, inachev\u00e9\u2009\u00bb.<\/p>\n<p><img loading=\"lazy\" decoding=\"async\" width=\"800\" height=\"600\" src=\"https:\/\/www.europesays.com\/fr\/wp-content\/uploads\/2025\/08\/GettyImages-801987352-800x600.jpg\" class=\"attachment-4x3 size-4x3 wp-post-image ea-media-unrolled ea-media-formatted img-responsive\" alt=\"\"\/><\/p>\n<p><a href=\"https:\/\/www.euractiv.fr\/section\/politique\/news\/donald-trump-rassure-le-royaume-uni-en-faisant-leloge-de-keir-starmer\/\" rel=\"nofollow noopener\" target=\"_blank\">Donald Trump rassure le Royaume-Uni en faisant l\u2019\u00e9loge de Keir Starmer<\/a><\/p>\n<p>Lors du premier appel t\u00e9l\u00e9phonique entre les dirigeants am\u00e9ricain et britannique depuis l\u2019investiture de Donald Trump le 20\u00a0janvier, le pr\u00e9sident r\u00e9publicain a offert un peu de r\u00e9pit \u00e0 Downing Street, louant le Premier ministre Keir Starmer pour \u00ab\u2009avoir fait un tr\u00e8s bon travail\u2009\u00bb.<\/p>\n<p>\u00ab\u2009Nous ne choisissons pas entre les deux\u2009\u00bb<\/p>\n<p style=\"text-align: left\">Keir Starmer affirme qu\u2019il <a href=\"https:\/\/www.euractiv.com\/section\/politics\/opinion\/the-brief-sir-keir-muddles-along\/\" target=\"_blank\" rel=\"noopener nofollow\">souhaite<\/a> s\u2019entendre avec l\u2019UE et les \u00c9tats-Unis.<\/p>\n<p style=\"text-align: left\">\u00ab\u2009Ces deux relations sont tr\u00e8s importantes pour nous\u2009\u00bb, a-t-il d\u00e9clar\u00e9 lors d\u2019une conf\u00e9rence de presse \u00e0 Bruxelles ce lundi. \u00ab\u2009Nous ne choisissons pas entre les deux.\u2009\u00bb<\/p>\n<p style=\"text-align: left\">Personne n\u2019a vraiment dit qu\u2019il devait le faire. Le journaliste de la BBC auquel il r\u00e9pondait lui <a href=\"https:\/\/www.nato.int\/cps\/en\/natohq\/opinions_232757.htm\" target=\"_blank\" rel=\"noopener nofollow\">avait demand\u00e9<\/a> non pas quelle relation il choisirait, mais s\u2019il \u00ab\u2009\u00e9dulcorerait\u2009\u00bb sa politique de r\u00e9initialisation avec l\u2019UE \u00ab\u2009pour garder le pr\u00e9sident Trump de son c\u00f4t\u00e9\u2009\u00bb.<\/p>\n<p style=\"text-align: left\">Il y a un risque que les deux priorit\u00e9s soient en tension, explique Emanuel Adam, mais, selon lui, le gouvernement \u00e9tait d\u00e9j\u00e0 \u00e0 l\u2019\u0153uvre pour s\u2019assurer qu\u2019elles n\u2019aient pas \u00e0 \u00eatre en conflit.<\/p>\n<p style=\"text-align: left\">\u00ab\u2009Le gouvernement britannique fait actuellement preuve d\u2019une grande vigilance en examinant les options qui s\u2019offrent \u00e0 lui\u2009\u00bb, affirme Emanuel Adam \u00e0 Euractiv. \u00ab\u2009Le gouvernement devra examiner comment trouver le bon \u00e9quilibre.\u2009\u00bb<\/p>\n<p><img loading=\"lazy\" decoding=\"async\" width=\"800\" height=\"600\" src=\"https:\/\/www.europesays.com\/fr\/wp-content\/uploads\/2025\/08\/GettyImages-2188889646-800x600.jpg\" class=\"attachment-4x3 size-4x3 wp-post-image ea-media-unrolled ea-media-formatted img-responsive\" alt=\"\"\/><\/p>\n<p>(AM)<\/p>\n","protected":false},"excerpt":{"rendered":"La \u00ab\u2009r\u00e9initialisation\u2009\u00bb des relations entre le Premier ministre britannique, Sir Keir Starmer, et l\u2019Union europ\u00e9enne (UE) n\u2019a jusqu\u2019\u00e0&hellip;\n","protected":false},"author":2,"featured_media":306763,"comment_status":"","ping_status":"","sticky":false,"template":"","format":"standard","meta":{"footnotes":""},"categories":[1588],"tags":[11,1777,674,12,473,1853,1851,1850,1852],"class_list":{"0":"post-306762","1":"post","2":"type-post","3":"status-publish","4":"format-standard","5":"has-post-thumbnail","7":"category-royaume-uni","8":"tag-actualites","9":"tag-eu","10":"tag-europe","11":"tag-news","12":"tag-royaume-uni","13":"tag-royaume-uni-de-grande-bretagne-et-dirlande-du-nord","14":"tag-uk","15":"tag-united-kingdom","16":"tag-united-kingdom-of-great-britain-and-northern-ireland"},"share_on_mastodon":{"url":"https:\/\/pubeurope.com\/@fr\/114997443009016932","error":""},"_links":{"self":[{"href":"https:\/\/www.europesays.com\/fr\/wp-json\/wp\/v2\/posts\/306762","targetHints":{"allow":["GET"]}}],"collection":[{"href":"https:\/\/www.europesays.com\/fr\/wp-json\/wp\/v2\/posts"}],"about":[{"href":"https:\/\/www.europesays.com\/fr\/wp-json\/wp\/v2\/types\/post"}],"author":[{"embeddable":true,"href":"https:\/\/www.europesays.com\/fr\/wp-json\/wp\/v2\/users\/2"}],"replies":[{"embeddable":true,"href":"https:\/\/www.europesays.com\/fr\/wp-json\/wp\/v2\/comments?post=306762"}],"version-history":[{"count":0,"href":"https:\/\/www.europesays.com\/fr\/wp-json\/wp\/v2\/posts\/306762\/revisions"}],"wp:featuredmedia":[{"embeddable":true,"href":"https:\/\/www.europesays.com\/fr\/wp-json\/wp\/v2\/media\/306763"}],"wp:attachment":[{"href":"https:\/\/www.europesays.com\/fr\/wp-json\/wp\/v2\/media?parent=306762"}],"wp:term":[{"taxonomy":"category","embeddable":true,"href":"https:\/\/www.europesays.com\/fr\/wp-json\/wp\/v2\/categories?post=306762"},{"taxonomy":"post_tag","embeddable":true,"href":"https:\/\/www.europesays.com\/fr\/wp-json\/wp\/v2\/tags?post=306762"}],"curies":[{"name":"wp","href":"https:\/\/api.w.org\/{rel}","templated":true}]}}