{"id":306766,"date":"2025-08-09T06:42:13","date_gmt":"2025-08-09T06:42:13","guid":{"rendered":"https:\/\/www.europesays.com\/fr\/306766\/"},"modified":"2025-08-09T06:42:13","modified_gmt":"2025-08-09T06:42:13","slug":"a-locean-race-europe-la-bouilladissienne-manon-peyre-prend-le-large","status":"publish","type":"post","link":"https:\/\/www.europesays.com\/fr\/306766\/","title":{"rendered":"\u00e0 l&rsquo;Ocean Race Europe, la Bouilladissienne Manon Peyre prend le large"},"content":{"rendered":"<p>Apr\u00e8s avoir form\u00e9 <a href=\"https:\/\/www.laprovence.com\/article\/sports\/7012459332744714\/voile-49er-fx-manon-peyre-relance-lamitie-franco-allemande\" target=\"_blank\" rel=\"noopener\">un duo franco-allemand avec Jill Paland<\/a> en d\u00e9but de saison, Manon Peyre (23\u00a0ans) avance sur son projet olympique. Elle fait d\u00e9sormais \u00e9quipe avec la Bretonne Ma\u00efwenn Deffontaines, plut\u00f4t sp\u00e9cialiste de la course au large. Le duo vise une qualification pour les prochains Jeux de Los Angeles, en\u00a02028, mais en attendant, la Bouilladissienne a elle aussi c\u00e9d\u00e9 \u00e0 l&rsquo;appel du large cet \u00e9t\u00e9.<\/p>\n<p>La voil\u00e0 donc de demain au 21\u00a0septembre sur un Imoca, bateau \u00e0 foil de 60 pieds (18,28\u00a0m), lanc\u00e9e dans le grand bain de l&rsquo;Ocean Race Europe en provenance de Kiel (Allemagne) et \u00e0 destination de la baie de Koto (Mont\u00e9n\u00e9gro). Une course qui desservira Portsmouth (Angleterre), Matosinhos (Portugal), Carthag\u00e8ne (Espagne), Nice et G\u00eanes (Italie).<\/p>\n<p>Alors skipper, \u00ab\u00a0Thomas Ruyant cherchait une fille \u00e0 bord (une obligation de la course) ayant des comp\u00e9tences \u00e0 la barre car on gagne du temps \u00e0 ne pas \u00eatre en pilote automatique, t\u00e9moigne <a href=\"https:\/\/www.laprovence.com\/article\/sports\/9113849037300314\/championne-du-monde-de-voile-jeune-il-y-a-deux-semaines-la-bouilladissienne-manon-peyre-participe-a-ses-premiers-mondiaux-seniors\" target=\"_blank\" rel=\"noopener\">la championne du monde junior de 49er FX en\u00a02023<\/a> avec Clara Stamminger de Moura. J&rsquo;ai d\u00e9couvert le projet au printemps, je me suis install\u00e9e \u00e0 Lorient o\u00f9 j&rsquo;ai amen\u00e9 un 49er pour suivre un double entra\u00eenement Imoca et 49er.\u00a0\u00bb Elle a ainsi d\u00e9j\u00e0 particip\u00e9 \u00e0 la Course des caps (24\u00a0juin &#8211; 6\u00a0juillet) autour des \u00eeles britanniques.<\/p>\n<p>De l&rsquo;\u00e9lectronique, un foil, et de la technique \u00e0 appr\u00e9hender<\/p>\n<p>Depuis, <a href=\"https:\/\/www.laprovence.com\/article\/sports\/42047734498681\/voile-transat-jacques-vabre-thomas-ruyant-et-morgan-lagraviere-a-nouveau-sacres-dans-la-categorie-imoca\" target=\"_blank\" rel=\"noopener\">Thomas Ruyant<\/a> est pass\u00e9 co-skipper, c\u00e9dant son bateau Vulnerable \u00e0 l&rsquo;Italien Ambrogio Beccara qui l&rsquo;a renomm\u00e9 Allagrande Mapei et compte bien \u00eatre au d\u00e9part du Vend\u00e9e Globe 2028. Mais Peyre est toujours d&rsquo;une aventure en \u00e9quipage d&rsquo;un mois et demi qui a commenc\u00e9 cette semaine par des tests physiques pouss\u00e9s. \u00ab\u00a0C&rsquo;\u00e9tait pour faire un \u00e9tat des lieux de notre r\u00e9activit\u00e9, de notre force, de notre cardio avant la course. On va en faire un autre \u00e0 G\u00eanes, puis un autre en fin de course.\u00a0\u00bb<\/p>\n<p>La voile, sport o\u00f9 il sera toujours question de voile&#8230; et de vent, se divise en deux cat\u00e9gories\u00a0: la l\u00e9g\u00e8re et l&rsquo;habitable, l&rsquo;olympique et celle du large. \u00ab\u00a0J&rsquo;ai cru &#8211; peut-\u00eatre \u00e0 tort &#8211; que le foss\u00e9 \u00e9tait trop grand entre la voile l\u00e9g\u00e8re et l&rsquo;Imoca pour ne serait-ce que un jour penser y trouver ma place\u00a0\u00bb, dit Peyre dans sa fiche de pr\u00e9sentation d&rsquo;\u00e9quipage. \u00ab\u00a0Il y a des diff\u00e9rences dans la gestion de l&rsquo;effort, et puis, ce ne sont pas du tout les m\u00eames bateaux, d\u00e9taille-t-elle pour La Provence. Sur ce 60 pieds, il y a de l&rsquo;\u00e9lectronique, un foil, toujours une partie navigation mais aussi une partie technique.\u00a0\u00bb<\/p>\n<p>\u00ab\u00a0\u00c7a va \u00eatre super intense, pr\u00e9dit cette Francilienne de naissance form\u00e9e \u00e0 La Pelle Marseille de Marseille. On va manger et dormir \u00e0 bord du bateau, rentrer \u00e0 terre parfois. Des gens de Mapei vont venir nous soutenir un peu partout, \u00e7a va bien bouger. L&rsquo;\u00e9quipe est super bien pr\u00e9par\u00e9e et l&rsquo;on n&rsquo;a qu&rsquo;une envie\u00a0: retourner en mer.\u00a0\u00bb<\/p>\n<p>Et faire partager son p\u00e9riple de la Baltique \u00e0 l&rsquo;Adriatique aux lecteurs de La Provence, \u00e0 chaque \u00e9tape.<\/p>\n","protected":false},"excerpt":{"rendered":"Apr\u00e8s avoir form\u00e9 un duo franco-allemand avec Jill Paland en d\u00e9but de saison, Manon Peyre (23\u00a0ans) avance sur&hellip;\n","protected":false},"author":2,"featured_media":306767,"comment_status":"","ping_status":"","sticky":false,"template":"","format":"standard","meta":{"footnotes":""},"categories":[1586],"tags":[17,11,44736,1777,674,1011,27,29204,41339,12,44737,16799,25,60,10887],"class_list":{"0":"post-306766","1":"post","2":"type-post","3":"status-publish","4":"format-standard","5":"has-post-thumbnail","7":"category-europe","8":"tag-17","9":"tag-actualites","10":"tag-bouilladissienne","11":"tag-eu","12":"tag-europe","13":"tag-fr","14":"tag-france","15":"tag-locean","16":"tag-manon","17":"tag-news","18":"tag-peyre","19":"tag-race","20":"tag-republique-francaise","21":"tag-sports","22":"tag-voile"},"share_on_mastodon":{"url":"https:\/\/pubeurope.com\/@fr\/114997450718150033","error":""},"_links":{"self":[{"href":"https:\/\/www.europesays.com\/fr\/wp-json\/wp\/v2\/posts\/306766","targetHints":{"allow":["GET"]}}],"collection":[{"href":"https:\/\/www.europesays.com\/fr\/wp-json\/wp\/v2\/posts"}],"about":[{"href":"https:\/\/www.europesays.com\/fr\/wp-json\/wp\/v2\/types\/post"}],"author":[{"embeddable":true,"href":"https:\/\/www.europesays.com\/fr\/wp-json\/wp\/v2\/users\/2"}],"replies":[{"embeddable":true,"href":"https:\/\/www.europesays.com\/fr\/wp-json\/wp\/v2\/comments?post=306766"}],"version-history":[{"count":0,"href":"https:\/\/www.europesays.com\/fr\/wp-json\/wp\/v2\/posts\/306766\/revisions"}],"wp:featuredmedia":[{"embeddable":true,"href":"https:\/\/www.europesays.com\/fr\/wp-json\/wp\/v2\/media\/306767"}],"wp:attachment":[{"href":"https:\/\/www.europesays.com\/fr\/wp-json\/wp\/v2\/media?parent=306766"}],"wp:term":[{"taxonomy":"category","embeddable":true,"href":"https:\/\/www.europesays.com\/fr\/wp-json\/wp\/v2\/categories?post=306766"},{"taxonomy":"post_tag","embeddable":true,"href":"https:\/\/www.europesays.com\/fr\/wp-json\/wp\/v2\/tags?post=306766"}],"curies":[{"name":"wp","href":"https:\/\/api.w.org\/{rel}","templated":true}]}}