{"id":306768,"date":"2025-08-09T06:43:12","date_gmt":"2025-08-09T06:43:12","guid":{"rendered":"https:\/\/www.europesays.com\/fr\/306768\/"},"modified":"2025-08-09T06:43:12","modified_gmt":"2025-08-09T06:43:12","slug":"lunion-europeenne-bascule-vers-la-surveillance-de-masse-au-nom-du-bien","status":"publish","type":"post","link":"https:\/\/www.europesays.com\/fr\/306768\/","title":{"rendered":"l\u2019Union europ\u00e9enne bascule vers la surveillance de masse au nom du bien"},"content":{"rendered":"<p style=\"text-align: justify;\" data-start=\"110\" data-end=\"338\">Derri\u00e8re le pr\u00e9texte de la lutte contre la p\u00e9docriminalit\u00e9, l\u2019Europe pr\u00e9pare une soci\u00e9t\u00e9 de surveillance totale. En ligne de mire : la fin de la vie priv\u00e9e pour des centaines de millions de citoyens europ\u00e9ens.<\/p>\n<p style=\"text-align: justify;\" data-start=\"345\" data-end=\"783\">Imaginez un facteur qui ouvrirait toutes vos lettres dans votre salon avant que vous ne les glissiez dans l\u2019enveloppe. Ajoutez-y un policier derri\u00e8re votre \u00e9paule \u00e0 chaque conversation, chaque mot, chaque image \u00e9chang\u00e9e, m\u00eame dans vos confidences les plus intimes. Non, ce n\u2019est pas un cauchemar dystopique tir\u00e9 d\u2019Orwell. C\u2019est la r\u00e9alit\u00e9 que l\u2019Union europ\u00e9enne pr\u00e9pare, sous le nom feutr\u00e9 de <strong data-start=\"762\" data-end=\"782\">\u00ab Chat Control \u00bb<\/strong>.<\/p>\n<p style=\"text-align: justify;\" data-start=\"785\" data-end=\"1236\">Ce projet l\u00e9gislatif, relanc\u00e9 par la pr\u00e9sidence danoise du Conseil de l\u2019UE, vise \u00e0\u00a0<strong data-start=\"868\" data-end=\"1007\">imposer aux plateformes de messagerie \u2013 WhatsApp, Signal, Telegram, Proton, etc. \u2013 de scanner automatiquement tous les messages envoy\u00e9s<\/strong>, m\u00eame lorsqu\u2019ils sont chiffr\u00e9s de bout en bout. Le pr\u00e9texte est noble :\u00a0<strong data-start=\"1080\" data-end=\"1143\">lutter contre la diffusion de contenus p\u00e9docriminels (CSAM)<\/strong>. Mais la m\u00e9thode, elle, rappelle les r\u00e9gimes les plus intrusifs de l\u2019histoire contemporaine.<\/p>\n<p>Le masque de la vertu, le marteau de la censure<\/p>\n<p style=\"text-align: justify;\" data-start=\"1296\" data-end=\"1675\">Plusieurs \u00c9tats membres \u2013 dont\u00a0<strong data-start=\"1327\" data-end=\"1386\">la France, la Belgique, la Su\u00e8de, l\u2019Italie ou l\u2019Espagne<\/strong>\u00a0\u2013 soutiennent d\u00e9sormais ce projet. Ce revirement inqui\u00e9tant montre \u00e0 quel point les dirigeants europ\u00e9ens sont pr\u00eats \u00e0 sacrifier la vie priv\u00e9e de tous pour un fantasme de s\u00e9curit\u00e9 absolue. La\u00a0<strong data-start=\"1578\" data-end=\"1588\">France<\/strong>, autrefois r\u00e9ticente, s\u2019est d\u00e9sormais ralli\u00e9e au camp des partisans du contr\u00f4le total.<\/p>\n<p style=\"text-align: justify;\" data-start=\"1677\" data-end=\"2047\">Officiellement, les messages ne seront pas surveill\u00e9s par l\u2019\u00c9tat, mais par des\u00a0<strong data-start=\"1756\" data-end=\"1811\">algorithmes install\u00e9s directement sur vos appareils<\/strong>, via un processus de\u00a0<strong data-start=\"1833\" data-end=\"1857\">client-side scanning<\/strong>. Traduction : avant m\u00eame que vos messages soient chiffr\u00e9s, un logiciel les inspectera. Si quelque chose semble suspect, le message pourra \u00eatre bloqu\u00e9, signal\u00e9, voire transmis aux autorit\u00e9s.<\/p>\n<p>Tous coupables jusqu\u2019\u00e0 preuve du contraire<\/p>\n<p style=\"text-align: justify;\" data-start=\"2102\" data-end=\"2401\"><strong data-start=\"2102\" data-end=\"2136\">Le glissement est vertigineux.<\/strong>\u00a0Ce que l\u2019on vous propose ici, ce n\u2019est pas de traquer les criminels en ciblant leurs communications, mais bien de\u00a0<strong data-start=\"2251\" data-end=\"2304\">surveiller l\u2019ensemble de la population par d\u00e9faut<\/strong>. Chaque citoyen devient un suspect potentiel. Chaque mot est un risque. Chaque photo une alerte.<\/p>\n<p style=\"text-align: justify;\" data-start=\"2403\" data-end=\"2754\">Des\u00a0<strong data-start=\"2407\" data-end=\"2491\">magistrats du Conseil de l\u2019UE eux-m\u00eames ont jug\u00e9 cette approche disproportionn\u00e9e<\/strong>\u00a0et potentiellement contraire \u00e0 la Charte europ\u00e9enne des droits fondamentaux. Les\u00a0<strong data-start=\"2573\" data-end=\"2601\">experts en cybers\u00e9curit\u00e9<\/strong>\u00a0d\u00e9noncent l\u2019abandon pur et simple du chiffrement \u2013 seul rempart fiable aujourd\u2019hui contre la surveillance ill\u00e9gitime des \u00c9tats comme des cybercriminels.<\/p>\n<p style=\"text-align: justify;\" data-start=\"2802\" data-end=\"3174\">Le projet \u00ab Chat Control \u00bb n\u2019est pas un cas isol\u00e9. Il s\u2019inscrit dans une tendance lourde :\u00a0<strong data-start=\"2893\" data-end=\"2996\">la construction d\u2019un mod\u00e8le de soci\u00e9t\u00e9 fond\u00e9 sur la peur, le contr\u00f4le et la surveillance num\u00e9rique.<\/strong>\u00a0La Commission europ\u00e9enne a d\u00e9j\u00e0 lanc\u00e9 son programme\u00a0<strong data-start=\"3049\" data-end=\"3062\">ProtectEU<\/strong>, qui pr\u00e9voit de donner aux forces de l\u2019ordre les moyens de\u00a0<strong data-start=\"3122\" data-end=\"3173\">d\u00e9crypter toutes les donn\u00e9es priv\u00e9es d\u2019ici 2030<\/strong>.<\/p>\n<p style=\"text-align: justify;\" data-start=\"3176\" data-end=\"3614\">On pr\u00e9tend vouloir \u00ab prot\u00e9ger les enfants \u00bb, mais on sacrifie au passage les droits de 500 millions d\u2019Europ\u00e9ens. Les algorithmes, eux,\u00a0<strong data-start=\"3311\" data-end=\"3382\">ne distinguent pas entre une image innocente et un contenu interdit<\/strong>. Des\u00a0<strong data-start=\"3388\" data-end=\"3405\">faux positifs<\/strong>\u00a0risquent d\u2019envoyer devant les tribunaux des citoyens parfaitement innocents. Les conversations d\u2019adolescents, les photos de familles, les \u00e9changes entre th\u00e9rapeutes et patients, tout pourrait devenir suspect.<\/p>\n<p>Les criminels s\u2019adaptent, les citoyens paient<\/p>\n<p style=\"text-align: justify;\" data-start=\"3672\" data-end=\"4060\">Le plus ironique dans ce projet liberticide, c\u2019est qu\u2019il\u00a0<strong data-start=\"3729\" data-end=\"3781\">n\u2019emp\u00eachera nullement les vrais criminels d\u2019agir<\/strong>. Les r\u00e9seaux p\u00e9docriminels disposent de leurs propres outils de communication, souvent h\u00e9berg\u00e9s en dehors de toute juridiction europ\u00e9enne. Pendant que les citoyens lambda seront scrut\u00e9s,\u00a0<strong data-start=\"3969\" data-end=\"4059\">les pires d\u00e9linquants se d\u00e9placeront simplement vers des plateformes moins surveill\u00e9es<\/strong>.<\/p>\n<p style=\"text-align: justify;\" data-start=\"4062\" data-end=\"4381\">La cible r\u00e9elle de \u00ab Chat Control \u00bb, ce n\u2019est pas la p\u00e9docriminalit\u00e9 :\u00a0<strong data-start=\"4133\" data-end=\"4157\">c\u2019est la dissidence.<\/strong>\u00a0C\u2019est la capacit\u00e9 des peuples \u00e0 s\u2019exprimer librement, \u00e0 contester le pouvoir, \u00e0 refuser les r\u00e9cits impos\u00e9s. On pr\u00e9pare une \u00e8re o\u00f9\u00a0<strong data-start=\"4288\" data-end=\"4380\">l\u2019anonymat, la confidentialit\u00e9, la libert\u00e9 num\u00e9rique seront des souvenirs d\u2019un autre \u00e2ge<\/strong>.<\/p>\n<p>Une r\u00e9sistance s\u2019organise<\/p>\n<p style=\"text-align: justify;\" data-start=\"4419\" data-end=\"4762\">Heureusement, des voix s\u2019\u00e9l\u00e8vent. Des eurod\u00e9put\u00e9s comme\u00a0<strong data-start=\"4475\" data-end=\"4493\">Patrick Breyer<\/strong>\u00a0(Parti Pirate, Allemagne) d\u00e9noncent une\u00a0<strong data-start=\"4534\" data-end=\"4571\">\u00ab surveillance de masse in\u00e9dite \u00bb<\/strong>. Des ONG et associations de d\u00e9fense des libert\u00e9s num\u00e9riques appellent \u00e0 signer des\u00a0<strong data-start=\"4655\" data-end=\"4668\">p\u00e9titions<\/strong>, \u00e0\u00a0<strong data-start=\"4672\" data-end=\"4703\">interpeller les eurod\u00e9put\u00e9s<\/strong>, \u00e0\u00a0<strong data-start=\"4707\" data-end=\"4761\">refuser l\u2019inacceptable tant qu\u2019il est encore temps<\/strong>.<\/p>\n<p style=\"text-align: justify;\" data-start=\"4764\" data-end=\"5016\">Le vote pourrait avoir lieu\u00a0<strong data-start=\"4792\" data-end=\"4814\">le 14 octobre 2025<\/strong>. Si l\u2019Allemagne bascule du c\u00f4t\u00e9 des partisans, la majorit\u00e9 qualifi\u00e9e sera atteinte et l\u2019Union europ\u00e9enne entrera de plain-pied dans une nouvelle \u00e8re :\u00a0<strong data-start=\"4966\" data-end=\"5015\">celle de la soci\u00e9t\u00e9 de contr\u00f4le algorithmique<\/strong>.<\/p>\n<p style=\"text-align: justify;\" data-start=\"5023\" data-end=\"5356\">Ce qui se joue aujourd\u2019hui n\u2019est pas une question de s\u00e9curit\u00e9 enfantine, mais une <strong data-start=\"5149\" data-end=\"5179\">bataille civilisationnelle<\/strong>. Accepter que chaque message priv\u00e9 soit scann\u00e9, c\u2019est\u00a0<strong data-start=\"5234\" data-end=\"5274\">accepter que plus rien ne soit priv\u00e9<\/strong>. Et dans une soci\u00e9t\u00e9 o\u00f9 tout est surveill\u00e9, la libert\u00e9 n\u2019est plus qu\u2019un souvenir.<\/p>\n<blockquote data-start=\"5358\" data-end=\"5487\">\n<p data-start=\"5360\" data-end=\"5487\">\u00ab Celui qui est pr\u00eat \u00e0 sacrifier un peu de libert\u00e9 pour un peu de s\u00e9curit\u00e9 ne m\u00e9rite ni l\u2019une ni l\u2019autre. \u00bb \u2013 Benjamin Franklin<\/p>\n<\/blockquote>\n<p style=\"text-align: justify;\" data-start=\"5360\" data-end=\"5487\">Cr\u00e9dit photo : DR<br \/>[cc] Breizh-info.com, 2025, d\u00e9p\u00eaches libres de copie et de diffusion sous r\u00e9serve de mention et de lien vers la source d\u2019origine<\/p>\n","protected":false},"excerpt":{"rendered":"Derri\u00e8re le pr\u00e9texte de la lutte contre la p\u00e9docriminalit\u00e9, l\u2019Europe pr\u00e9pare une soci\u00e9t\u00e9 de surveillance totale. En ligne&hellip;\n","protected":false},"author":2,"featured_media":306769,"comment_status":"","ping_status":"","sticky":false,"template":"","format":"standard","meta":{"footnotes":""},"categories":[1586],"tags":[11,44738,1777,674,1779,1011,27,12,25,1778,364],"class_list":{"0":"post-306768","1":"post","2":"type-post","3":"status-publish","4":"format-standard","5":"has-post-thumbnail","7":"category-europe","8":"tag-actualites","9":"tag-chat-control","10":"tag-eu","11":"tag-europe","12":"tag-european-union","13":"tag-fr","14":"tag-france","15":"tag-news","16":"tag-republique-francaise","17":"tag-ue","18":"tag-union-europeenne"},"share_on_mastodon":{"url":"https:\/\/pubeurope.com\/@fr\/114997454716148567","error":""},"_links":{"self":[{"href":"https:\/\/www.europesays.com\/fr\/wp-json\/wp\/v2\/posts\/306768","targetHints":{"allow":["GET"]}}],"collection":[{"href":"https:\/\/www.europesays.com\/fr\/wp-json\/wp\/v2\/posts"}],"about":[{"href":"https:\/\/www.europesays.com\/fr\/wp-json\/wp\/v2\/types\/post"}],"author":[{"embeddable":true,"href":"https:\/\/www.europesays.com\/fr\/wp-json\/wp\/v2\/users\/2"}],"replies":[{"embeddable":true,"href":"https:\/\/www.europesays.com\/fr\/wp-json\/wp\/v2\/comments?post=306768"}],"version-history":[{"count":0,"href":"https:\/\/www.europesays.com\/fr\/wp-json\/wp\/v2\/posts\/306768\/revisions"}],"wp:featuredmedia":[{"embeddable":true,"href":"https:\/\/www.europesays.com\/fr\/wp-json\/wp\/v2\/media\/306769"}],"wp:attachment":[{"href":"https:\/\/www.europesays.com\/fr\/wp-json\/wp\/v2\/media?parent=306768"}],"wp:term":[{"taxonomy":"category","embeddable":true,"href":"https:\/\/www.europesays.com\/fr\/wp-json\/wp\/v2\/categories?post=306768"},{"taxonomy":"post_tag","embeddable":true,"href":"https:\/\/www.europesays.com\/fr\/wp-json\/wp\/v2\/tags?post=306768"}],"curies":[{"name":"wp","href":"https:\/\/api.w.org\/{rel}","templated":true}]}}