{"id":306774,"date":"2025-08-09T06:46:13","date_gmt":"2025-08-09T06:46:13","guid":{"rendered":"https:\/\/www.europesays.com\/fr\/306774\/"},"modified":"2025-08-09T06:46:13","modified_gmt":"2025-08-09T06:46:13","slug":"une-chance-pour-la-france-par-laurent-alexandre-et-alexandre-tsicopoulos-specialistes-de-lia","status":"publish","type":"post","link":"https:\/\/www.europesays.com\/fr\/306774\/","title":{"rendered":"une chance pour la France \u00bb, par Laurent Alexandre et Alexandre Tsicopoulos, sp\u00e9cialistes de l\u2019IA"},"content":{"rendered":"<p>La grande messe de la pr\u00e9sentation de <a href=\"https:\/\/www.latribune.fr\/technos-medias\/internet\/premiers-avis-sur-chatgpt-5-j-ai-l-impression-de-perdre-des-competences-tellement-c-est-efficace-1030926.html\" target=\"_blank\" rel=\"noopener\">GPT-5<\/a>, le 7 ao\u00fbt 2025, devrait marquer un tournant. Les Cassandres annon\u00e7aient l&rsquo;arriv\u00e9e d&rsquo;une super-intelligence, capable de renvoyer les \u00e9lites cognitives au mus\u00e9e des esp\u00e8ces disparues. R\u00e9sultat : GPT-5 est bon&#8230; mais pas transcendant. L&rsquo;outil est plus fiable et il a progress\u00e9 en raisonnement logique et en coh\u00e9rence. Mais il n&rsquo;y a pas de saut qualitatif \u00e9quivalent \u00e0 la transition entre GPT-3 et GPT-4.<\/p>\n<p>Le progr\u00e8s reste spectaculaire pour le grand public, mais l&rsquo;\u00e9cart avec les pr\u00e9dictions apocalyptiques est tangible. Les investisseurs sont un peu d\u00e9\u00e7us, les concurrents reprennent confiance et certains experts revoient \u00e0 la baisse leurs sc\u00e9narios de d\u00e9collage acc\u00e9l\u00e9r\u00e9. GPT-5 n&rsquo;est pas un dieu algorithmique.<\/p>\n<p>Ce ralentissement per\u00e7u est une fen\u00eatre historique pour la France et l&rsquo;Europe.<br \/>Depuis deux ans, le discours dominant affirmait : \u00ab Il est trop tard, l&rsquo;Am\u00e9rique a gagn\u00e9 la guerre de l&rsquo;IA \u00bb. Ce fatalisme suicidaire paralysait les d\u00e9cideurs. Chaque annonce d&rsquo;<a href=\"https:\/\/www.latribune.fr\/technos-medias\/informatique\/avec-chatgpt-agent-openai-ouvre-une-nouvelle-boite-de-pandore-1029900.html\" target=\"_blank\" rel=\"noopener\">OpenAI<\/a>, Anthropic ou Google renfor\u00e7ait l&rsquo;id\u00e9e que nous \u00e9tions condamn\u00e9s \u00e0 devenir une colonie cognitive, d\u00e9pendante de serveurs californiens pour penser, cr\u00e9er et d\u00e9cider.<\/p>\n<p>Or, GPT-5 prouve que la course est moins lin\u00e9aire qu&rsquo;on le croyait. M\u00eame les g\u00e9ants californiens tr\u00e9buchent. Cela ne signifie pas que le danger est \u00e9cart\u00e9 mais que la fen\u00eatre strat\u00e9gique ne s&rsquo;est pas encore referm\u00e9e.<\/p>\n<p>C&rsquo;est maintenant ou jamais<\/p>\n<p>Si la France veut peser, elle doit exploiter cette pause relative pour construire ses propres mod\u00e8les et investir massivement pour pr\u00e9parer l&rsquo;arriv\u00e9e des g\u00e9n\u00e9rations suivantes qui, elles, seront peut-\u00eatre r\u00e9ellement surhumaines. Nous avons 24 \u00e0 36 mois. Pas plus.<\/p>\n<p>La France doit f\u00e9d\u00e9rer ses ressources pour cr\u00e9er des centres de calculs capables d&rsquo;entra\u00eener des mod\u00e8les de classe mondiale et non se contenter d&rsquo;optimiser des mod\u00e8les am\u00e9ricains. La valorisation des donn\u00e9es et des talents\u00a0est essentielle. Nos corpus culturels, juridiques, scientifiques sont un tr\u00e9sor strat\u00e9gique. Il faut les mobiliser pour entra\u00eener des <a href=\"https:\/\/www.latribune.fr\/idees\/tribunes\/opinion-la-france-face-a-l-ia-plus-de-peur-que-de-mal-1030754.html\" target=\"_blank\" rel=\"noopener\">IA <\/a>\u00e0 notre image et non abandonner notre ADN cognitif en open bar aux g\u00e9ants californiens.<\/p>\n<p>La relative d\u00e9ception de GPT-5 est une alerte positive puisqu&rsquo;elle nous prouve que la partie n&rsquo;est pas jou\u00e9e. Ce n&rsquo;est pas une pause technologique, c&rsquo;est un r\u00e9pit strat\u00e9gique. Les \u00c9tats qui l&rsquo;utiliseront pour combler leur retard auront encore voix au chapitre en 2030.<\/p>\n<p>Le probl\u00e8me, c&rsquo;est que notre syst\u00e8me \u00e9ducatif est le Titanic.<\/p>\n<p>Cette respiration technologique donne \u00e0 la France un sursis \u00e9ducatif. La super-IA mettra \u00e0 nu l&rsquo;obsolescence de nos dipl\u00f4mes. Pourquoi passer cinq ans \u00e0 apprendre un m\u00e9tier qu&rsquo;un algorithme gratuit fera mieux, plus vite et sans erreur ? Ce r\u00e9pit offre une chance inesp\u00e9r\u00e9e de transformer le syst\u00e8me \u00e9ducatif pour qu&rsquo;il forme des esprits adaptables, capables de travailler avec et non contre des Intelligences Artificielles d\u00e9mesur\u00e9es. Mais il faut agir d\u00e8s aujourd&rsquo;hui, car GPT-6 ne pr\u00e9viendra pas avant d&rsquo;effacer les m\u00e9tiers intellectuels interm\u00e9diaires.<\/p>\n<p>Le probl\u00e8me, c&rsquo;est que notre syst\u00e8me \u00e9ducatif est le Titanic. <a href=\"https:\/\/www.latribune.fr\/technos-medias\/informatique\/comment-les-start-up-d-ia-generative-draguent-l-education-nationale-1009482.html\" target=\"_blank\" rel=\"noopener\">L&rsquo;\u00c9ducation nationale<\/a> continue de produire des dipl\u00f4m\u00e9s pour un march\u00e9 du travail qui va cesser d&rsquo;exister et devient donc une fabrique de ch\u00f4meurs dipl\u00f4m\u00e9s. On continue \u00e0 formater des cerveaux comme au XXe si\u00e8cle, alors qu&rsquo;il faudrait former des intelligences adaptatives, capables d&rsquo;inventer et de dialoguer avec les machines.<\/p>\n<p>Les limitations de GPT-5 nous donnent un sursis \u00e9ducatif : deux ou trois ans pour repenser tout le cursus, du primaire au sup\u00e9rieur. C&rsquo;est court, mais c&rsquo;est faisable si on cesse de traiter l&rsquo;\u00c9ducation nationale comme une vache sacr\u00e9e intouchable. Il faut casser les routines p\u00e9dagogiques, int\u00e9grer massivement l&rsquo;IA dans l&rsquo;apprentissage, enseigner le travail avec des IA, r\u00e9habiliter la prise de risque intellectuelle et r\u00e9compenser la cr\u00e9ativit\u00e9 au lieu du conformisme.<\/p>\n<p>Si nous ne faisons pas cette r\u00e9volution, la France sera alors r\u00e9duite au r\u00f4le path\u00e9tique de mus\u00e9e culturel pour touristes asiatiques et am\u00e9ricains venus admirer comment un ancien pays de savants est devenu un parc \u00e0 th\u00e8me du pass\u00e9.<\/p>\n<p>La d\u00e9ception GPT-5 est donc un signal : pas pour ralentir, mais pour acc\u00e9l\u00e9rer. Nous n&rsquo;avons pas de temps \u00e0 perdre. Un \u00c9tat strat\u00e8ge utiliserait ce r\u00e9pit comme on exploite une tr\u00eave dans une guerre. Pour se r\u00e9armer, reconfigurer ses d\u00e9fenses et red\u00e9finir sa doctrine. Mais un \u00c9tat irresponsable en profiterait pour somnoler, persuad\u00e9 qu&rsquo;il reste \u00ab du temps \u00bb.<\/p>\n<p class=\"rev-margin-0 rev-text-xs-bold !text-lt-neutral-30 mt-[32px]\">Par Laurent Alexandr, m\u00e9decin et entrepreneur et Alexandre Tsicopoulos, startuper<\/p>\n","protected":false},"excerpt":{"rendered":"La grande messe de la pr\u00e9sentation de GPT-5, le 7 ao\u00fbt 2025, devrait marquer un tournant. Les Cassandres&hellip;\n","protected":false},"author":2,"featured_media":306775,"comment_status":"","ping_status":"","sticky":false,"template":"","format":"standard","meta":{"footnotes":""},"categories":[4],"tags":[17,11,4616,44739,1011,27,41317,3102,12,4536,471,25,96],"class_list":{"0":"post-306774","1":"post","2":"type-post","3":"status-publish","4":"format-standard","5":"has-post-thumbnail","7":"category-france","8":"tag-17","9":"tag-actualites","10":"tag-chance","11":"tag-decoit","12":"tag-fr","13":"tag-france","14":"tag-gpt-5","15":"tag-la-tribune-dimanche","16":"tag-news","17":"tag-opinion","18":"tag-pour","19":"tag-republique-francaise","20":"tag-une"},"share_on_mastodon":{"url":"https:\/\/pubeurope.com\/@fr\/114997466714597307","error":""},"_links":{"self":[{"href":"https:\/\/www.europesays.com\/fr\/wp-json\/wp\/v2\/posts\/306774","targetHints":{"allow":["GET"]}}],"collection":[{"href":"https:\/\/www.europesays.com\/fr\/wp-json\/wp\/v2\/posts"}],"about":[{"href":"https:\/\/www.europesays.com\/fr\/wp-json\/wp\/v2\/types\/post"}],"author":[{"embeddable":true,"href":"https:\/\/www.europesays.com\/fr\/wp-json\/wp\/v2\/users\/2"}],"replies":[{"embeddable":true,"href":"https:\/\/www.europesays.com\/fr\/wp-json\/wp\/v2\/comments?post=306774"}],"version-history":[{"count":0,"href":"https:\/\/www.europesays.com\/fr\/wp-json\/wp\/v2\/posts\/306774\/revisions"}],"wp:featuredmedia":[{"embeddable":true,"href":"https:\/\/www.europesays.com\/fr\/wp-json\/wp\/v2\/media\/306775"}],"wp:attachment":[{"href":"https:\/\/www.europesays.com\/fr\/wp-json\/wp\/v2\/media?parent=306774"}],"wp:term":[{"taxonomy":"category","embeddable":true,"href":"https:\/\/www.europesays.com\/fr\/wp-json\/wp\/v2\/categories?post=306774"},{"taxonomy":"post_tag","embeddable":true,"href":"https:\/\/www.europesays.com\/fr\/wp-json\/wp\/v2\/tags?post=306774"}],"curies":[{"name":"wp","href":"https:\/\/api.w.org\/{rel}","templated":true}]}}