{"id":306778,"date":"2025-08-09T06:49:12","date_gmt":"2025-08-09T06:49:12","guid":{"rendered":"https:\/\/www.europesays.com\/fr\/306778\/"},"modified":"2025-08-09T06:49:12","modified_gmt":"2025-08-09T06:49:12","slug":"pour-sa-premiere-selection-avec-les-all-blacks-ce-joueur-voit-son-chien-manger-son-passeport","status":"publish","type":"post","link":"https:\/\/www.europesays.com\/fr\/306778\/","title":{"rendered":"pour sa premi\u00e8re s\u00e9lection avec les All Blacks, ce joueur voit son chien manger son passeport"},"content":{"rendered":"<p><strong>LE SCAN SPORT &#8211;<\/strong> S\u00e9lectionn\u00e9 pour la premi\u00e8re fois avec les All Blacks pour le Rugby Championship, Leroy Carter a failli rater son vol \u00e0 cause de son chien.<\/p>\n<p class=\"fig-paragraph\">Appel\u00e9 pour la premi\u00e8re fois avec la l\u00e9gendaire<a href=\"http:\/\/www.lefigaro.fr\/sports\/rugby\/rugby-de-retour-en-nouvelle-zelande-richie-mo-unga-postule-avec-les-all-blacks-20250807\" data-fig-type=\"NewsFlash\" data-gtm-custom-categorie=\"navigation\" data-gtm-custom-action=\"crossclick\" data-gtm-custom-label=\"Contextuel\" data-gtm-event=\"customEventSPE\" data-fig-domain=\"LEFIGARO\" target=\"_blank\" rel=\"noopener\">\u00a0s\u00e9lection de la foug\u00e8re<\/a>, Leroy Carter a connu un \u00e9norme moment de stress apr\u00e8s une situation improbable. En effet, le demi de m\u00eal\u00e9e a annonc\u00e9 lors de la conf\u00e9rence de presse que son chien avait mang\u00e9 son passeport. Il a donc failli rater son avion.<\/p>\n<p>Joueur de rugby \u00e0 7<\/p>\n<p class=\"fig-paragraph\">\u00abJ\u2019ai sorti mon passeport pour prendre une photo \u00e0 envoyer au responsable et je l\u2019ai laiss\u00e9 sur ma table de chevet\u00bb, a expliqu\u00e9 Carter. \u00abMa partenaire est all\u00e9e \u00e0 la salle de sport et a laiss\u00e9 mon chien seul \u00e0 la maison. Il s\u2019est promen\u00e9 dans le couloir, a saut\u00e9 sur le lit et a m\u00e2ch\u00e9 mon passeport et mes goutti\u00e8res dentaires.\u00bb<\/p>\n<p>                                    <a class=\"fig-a11y-skip a11y-hidden\" href=\"#fig-a11y-skip-main-inarticle\"><br \/>\n        Passer la publicit\u00e9<br \/>\n    <\/a><\/p>\n<p class=\"fig-paragraph\">Leroy Carter a connu 116 s\u00e9lections avec l\u2019\u00e9quipe de rugby \u00e0 sept en Nouvelle-Z\u00e9lande, nouveau venu, il conna\u00eet donc sa premi\u00e8re s\u00e9lection nationale avec les All Blacks du rugby \u00e0 XV. Il sera probablement un atout important notamment gr\u00e2ce \u00e0 ses appuis.<\/p>\n","protected":false},"excerpt":{"rendered":"LE SCAN SPORT &#8211; S\u00e9lectionn\u00e9 pour la premi\u00e8re fois avec les All Blacks pour le Rugby Championship, Leroy&hellip;\n","protected":false},"author":2,"featured_media":306779,"comment_status":"","ping_status":"","sticky":false,"template":"","format":"standard","meta":{"footnotes":""},"categories":[1416],"tags":[2305,1011,27,4977,479,1468,60],"class_list":{"0":"post-306778","1":"post","2":"type-post","3":"status-publish","4":"format-standard","5":"has-post-thumbnail","7":"category-rugby","8":"tag-all-blacks","9":"tag-fr","10":"tag-france","11":"tag-le-scan-sport","12":"tag-rugby","13":"tag-rugby-football","14":"tag-sports"},"share_on_mastodon":{"url":"https:\/\/pubeurope.com\/@fr\/114997478374132239","error":""},"_links":{"self":[{"href":"https:\/\/www.europesays.com\/fr\/wp-json\/wp\/v2\/posts\/306778","targetHints":{"allow":["GET"]}}],"collection":[{"href":"https:\/\/www.europesays.com\/fr\/wp-json\/wp\/v2\/posts"}],"about":[{"href":"https:\/\/www.europesays.com\/fr\/wp-json\/wp\/v2\/types\/post"}],"author":[{"embeddable":true,"href":"https:\/\/www.europesays.com\/fr\/wp-json\/wp\/v2\/users\/2"}],"replies":[{"embeddable":true,"href":"https:\/\/www.europesays.com\/fr\/wp-json\/wp\/v2\/comments?post=306778"}],"version-history":[{"count":0,"href":"https:\/\/www.europesays.com\/fr\/wp-json\/wp\/v2\/posts\/306778\/revisions"}],"wp:featuredmedia":[{"embeddable":true,"href":"https:\/\/www.europesays.com\/fr\/wp-json\/wp\/v2\/media\/306779"}],"wp:attachment":[{"href":"https:\/\/www.europesays.com\/fr\/wp-json\/wp\/v2\/media?parent=306778"}],"wp:term":[{"taxonomy":"category","embeddable":true,"href":"https:\/\/www.europesays.com\/fr\/wp-json\/wp\/v2\/categories?post=306778"},{"taxonomy":"post_tag","embeddable":true,"href":"https:\/\/www.europesays.com\/fr\/wp-json\/wp\/v2\/tags?post=306778"}],"curies":[{"name":"wp","href":"https:\/\/api.w.org\/{rel}","templated":true}]}}