{"id":306782,"date":"2025-08-09T06:52:11","date_gmt":"2025-08-09T06:52:11","guid":{"rendered":"https:\/\/www.europesays.com\/fr\/306782\/"},"modified":"2025-08-09T06:52:11","modified_gmt":"2025-08-09T06:52:11","slug":"on-celebre-le-heros-zarco-dans-la-liesse-apres-son-chrono-gargantuesque","status":"publish","type":"post","link":"https:\/\/www.europesays.com\/fr\/306782\/","title":{"rendered":"On c\u00e9l\u00e8bre le h\u00e9ros Zarco, dans la liesse, apr\u00e8s son chrono gargantuesque !"},"content":{"rendered":"<p>Avant de triompher des 8h de Suzuka, dimanche dernier, Johann Zarco avait pos\u00e9 une premi\u00e8re pierre \u00e0 son \u00e9difice victorieux, lors des qualifications. Signant un nouveau record absolu de la piste japonaise, le tricolore avait alors d\u00e9croch\u00e9 la pole position. Une performance salu\u00e9e comme il se doit, \u00e0 son retour dans le box Honda, par les membres de l\u2019\u00e9quipe mais aussi, par son unique co\u00e9quipier. Retour sur ce moment enthousiasmant.<\/p>\n<blockquote class=\"twitter-tweet\">\n<p dir=\"ltr\" lang=\"en\">Honda HRC wins the Top 10 Trial with a new lap record of 2:04.290 \ud83d\udca5<a href=\"https:\/\/twitter.com\/hashtag\/Suzuka8Hours?src=hash&amp;ref_src=twsrc%5Etfw\" target=\"_blank\" rel=\"noopener\">#Suzuka8Hours<\/a> <a href=\"https:\/\/twitter.com\/hashtag\/HRC?src=hash&amp;ref_src=twsrc%5Etfw\" target=\"_blank\" rel=\"noopener\">#HRC<\/a> <a href=\"https:\/\/t.co\/yE7kgoOJRS\">pic.twitter.com\/yE7kgoOJRS<\/a><\/p>\n<p>\u2014 Honda Racing Global (@HondaRacingGLB) <a href=\"https:\/\/twitter.com\/HondaRacingGLB\/status\/1951590004196876572?ref_src=twsrc%5Etfw\" target=\"_blank\" rel=\"noopener\">August 2, 2025<\/a><\/p>\n<\/blockquote>\n<p>                                            <img loading=\"lazy\" alt=\"\" class=\"avatar avatar-100 photo lazyload\" height=\"100\" width=\"100\" decoding=\"async\" src=\"https:\/\/www.europesays.com\/fr\/wp-content\/uploads\/2025\/08\/1754722331_813_ffbb894c35ea5189d599d4ea062c98b86ffb67cc602fa683ebcbf422a80fc47a\"  data-eio-rwidth=\"100\" data-eio-rheight=\"100\"\/><\/p>\n<p class=\"h2\">\n                                            Julien Barthet\n                                        <\/p>\n<p>R\u00e9dacteur professionnel, titulaire de la carte de presse pendant 3 ans. Fondateur\/Directeur et R\u00e9dacteur en chef Le Mag Sport Auto et LeMagJeuxHighTech.com.&#13;<br \/>\nEx-Pilote automobile : 55 courses (Formule Ford, F.Campus, Coupe 206 Sprint et Relais, Saxo, Ford Fiesta Allemagne, Mitjet) 1 Victoire. Essais F3, Nascar Euro, Caterham, F.Renault, etc.<\/p>\n<p>                                                                                                                            <a href=\"https:\/\/lemagsportauto.ouest-france.fr\/author\/lmsa_adm\/\" title=\"Julien Barthet\" target=\"_blank\" rel=\"noopener\"><br \/>\n                                                Voir les publications de l&rsquo;auteur<br \/>\n                                            <\/a><\/p>\n<p>                                <script async src=\"https:\/\/platform.twitter.com\/widgets.js\" charset=\"utf-8\"><\/script><\/p>\n","protected":false},"excerpt":{"rendered":"Avant de triompher des 8h de Suzuka, dimanche dernier, Johann Zarco avait pos\u00e9 une premi\u00e8re pierre \u00e0 son&hellip;\n","protected":false},"author":2,"featured_media":306783,"comment_status":"","ping_status":"","sticky":false,"template":"","format":"standard","meta":{"footnotes":""},"categories":[1413],"tags":[1011,27,1741,1457,1456,60],"class_list":{"0":"post-306782","1":"post","2":"type-post","3":"status-publish","4":"format-standard","5":"has-post-thumbnail","7":"category-moto","8":"tag-fr","9":"tag-france","10":"tag-johann-zarco","11":"tag-moto","12":"tag-motocycle","13":"tag-sports"},"share_on_mastodon":{"url":"https:\/\/pubeurope.com\/@fr\/114997490089593334","error":""},"_links":{"self":[{"href":"https:\/\/www.europesays.com\/fr\/wp-json\/wp\/v2\/posts\/306782","targetHints":{"allow":["GET"]}}],"collection":[{"href":"https:\/\/www.europesays.com\/fr\/wp-json\/wp\/v2\/posts"}],"about":[{"href":"https:\/\/www.europesays.com\/fr\/wp-json\/wp\/v2\/types\/post"}],"author":[{"embeddable":true,"href":"https:\/\/www.europesays.com\/fr\/wp-json\/wp\/v2\/users\/2"}],"replies":[{"embeddable":true,"href":"https:\/\/www.europesays.com\/fr\/wp-json\/wp\/v2\/comments?post=306782"}],"version-history":[{"count":0,"href":"https:\/\/www.europesays.com\/fr\/wp-json\/wp\/v2\/posts\/306782\/revisions"}],"wp:featuredmedia":[{"embeddable":true,"href":"https:\/\/www.europesays.com\/fr\/wp-json\/wp\/v2\/media\/306783"}],"wp:attachment":[{"href":"https:\/\/www.europesays.com\/fr\/wp-json\/wp\/v2\/media?parent=306782"}],"wp:term":[{"taxonomy":"category","embeddable":true,"href":"https:\/\/www.europesays.com\/fr\/wp-json\/wp\/v2\/categories?post=306782"},{"taxonomy":"post_tag","embeddable":true,"href":"https:\/\/www.europesays.com\/fr\/wp-json\/wp\/v2\/tags?post=306782"}],"curies":[{"name":"wp","href":"https:\/\/api.w.org\/{rel}","templated":true}]}}