{"id":306784,"date":"2025-08-09T06:53:10","date_gmt":"2025-08-09T06:53:10","guid":{"rendered":"https:\/\/www.europesays.com\/fr\/306784\/"},"modified":"2025-08-09T06:53:10","modified_gmt":"2025-08-09T06:53:10","slug":"diffusion-dolidze-vs-hernandez-a-quelle-heure-et-sur-quelle-chaine-voir-le-combat-en-direct","status":"publish","type":"post","link":"https:\/\/www.europesays.com\/fr\/306784\/","title":{"rendered":"Diffusion Dolidze vs Hernandez : \u00e0 quelle heure et sur quelle cha\u00eene voir le combat en direct ?"},"content":{"rendered":"<p class=\"paragraph text_align_left lp-f-body-02\">\u00c0 l\u2019heure actuelle, le G\u00e9orgien occupe la neuvi\u00e8me place du classement des poids moyens. Jusqu\u2019\u00e0 pr\u00e9sent, Dolidze a remport\u00e9 quinze victoires, dont huit par KO ou TKO. Celui que l\u2019on surnomme \u201cThe Caucasian\u201d reste sur trois succ\u00e8s de rang contre Marvin Vettori, Kevin Holland et Anthony Smith. Face \u00e0 Hernandez, le natif de Batumi n\u2019a pas d\u2019autre choix que d\u2019ajouter une victoire \u00e0 son palmar\u00e8s pour se rapprocher du podium. Anthony Hernandez, quant \u00e0 lui, accumule quatorze succ\u00e8s et deux d\u00e9faites. Au cours de son parcours, Fluffy s\u2019est impos\u00e9 \u00e0 huit reprises par soumission. Du c\u00f4t\u00e9 des statistiques, l\u2019Am\u00e9ricain d\u00e9tient un taux de 67 % de d\u00e9fense de takedown et un temps moyen de combat inf\u00e9rieur \u00e0 dix minutes. Invaincu depuis sa victoire contre Rodolfo Vieira en 2021, Hernandez a l\u2019occasion de conserver une place dans le top 10 de la cat\u00e9gorie. Dans ces lignes, on vous dit \u00e0 quelle heure et sur quelle cha\u00eene regarder le choc Dolidze \u2013 Hernandez, en direct ce dimanche matin.<\/p>\n<p class=\"paragraph text_align_left lp-f-body-02\">Le combat qui oppose Roman Dolidze et Anthony Hernandez est diffus\u00e9 dans la nuit de samedi \u00e0 dimanche, <a href=\"https:\/\/www.awin1.com\/awclick.php?gid=448180&amp;mid=33125&amp;awinaffid=467845&amp;linkid=3823375&amp;clickref=\" target=\"_blank\" rel=\"sponsored noopener\">en direct sur la cha\u00eene RMC Sport 1<\/a>. Le main event est \u00e0 suivre \u00e0 partir de 1 heure. Les commentateurs vous donnent rendez-vous quelques minutes avant le d\u00e9but de l\u2019UFC Fight Night, pour faire le point sur les forces en vigueur, les enjeux et les derni\u00e8res actualit\u00e9s des combattants. Ils vous plongent ensuite au c\u0153ur des tribunes de l\u2019UFC Apex de Las Vegas, d\u00e9cryptent les performances des adversaires et analysent les temps forts de la soir\u00e9e.<\/p>\n","protected":false},"excerpt":{"rendered":"\u00c0 l\u2019heure actuelle, le G\u00e9orgien occupe la neuvi\u00e8me place du classement des poids moyens. Jusqu\u2019\u00e0 pr\u00e9sent, Dolidze a&hellip;\n","protected":false},"author":2,"featured_media":306785,"comment_status":"","ping_status":"","sticky":false,"template":"","format":"standard","meta":{"footnotes":""},"categories":[1412],"tags":[1451,1452,1453,1454,1455,1011,27,749,1847,60,6718,44740],"class_list":{"0":"post-306784","1":"post","2":"type-post","3":"status-publish","4":"format-standard","5":"has-post-thumbnail","7":"category-f1","8":"tag-f1","9":"tag-formula-1","10":"tag-formula1","11":"tag-formule-1","12":"tag-formule1","13":"tag-fr","14":"tag-france","15":"tag-guide-shopping","16":"tag-mma","17":"tag-sports","18":"tag-tv-streaming","19":"tag-ufc-apex"},"share_on_mastodon":{"url":"https:\/\/pubeurope.com\/@fr\/114997494023639133","error":""},"_links":{"self":[{"href":"https:\/\/www.europesays.com\/fr\/wp-json\/wp\/v2\/posts\/306784","targetHints":{"allow":["GET"]}}],"collection":[{"href":"https:\/\/www.europesays.com\/fr\/wp-json\/wp\/v2\/posts"}],"about":[{"href":"https:\/\/www.europesays.com\/fr\/wp-json\/wp\/v2\/types\/post"}],"author":[{"embeddable":true,"href":"https:\/\/www.europesays.com\/fr\/wp-json\/wp\/v2\/users\/2"}],"replies":[{"embeddable":true,"href":"https:\/\/www.europesays.com\/fr\/wp-json\/wp\/v2\/comments?post=306784"}],"version-history":[{"count":0,"href":"https:\/\/www.europesays.com\/fr\/wp-json\/wp\/v2\/posts\/306784\/revisions"}],"wp:featuredmedia":[{"embeddable":true,"href":"https:\/\/www.europesays.com\/fr\/wp-json\/wp\/v2\/media\/306785"}],"wp:attachment":[{"href":"https:\/\/www.europesays.com\/fr\/wp-json\/wp\/v2\/media?parent=306784"}],"wp:term":[{"taxonomy":"category","embeddable":true,"href":"https:\/\/www.europesays.com\/fr\/wp-json\/wp\/v2\/categories?post=306784"},{"taxonomy":"post_tag","embeddable":true,"href":"https:\/\/www.europesays.com\/fr\/wp-json\/wp\/v2\/tags?post=306784"}],"curies":[{"name":"wp","href":"https:\/\/api.w.org\/{rel}","templated":true}]}}