{"id":306790,"date":"2025-08-09T06:56:13","date_gmt":"2025-08-09T06:56:13","guid":{"rendered":"https:\/\/www.europesays.com\/fr\/306790\/"},"modified":"2025-08-09T06:56:13","modified_gmt":"2025-08-09T06:56:13","slug":"et-hop-cyril-hanouna-officialise-deux-nouv","status":"publish","type":"post","link":"https:\/\/www.europesays.com\/fr\/306790\/","title":{"rendered":"et hop, Cyril Hanouna officialise deux nouv &#8230;"},"content":{"rendered":"<p>EN BREF<\/p>\n<ul class=\"bloc_resume_post_list\">\n<li>Cyril Hanouna revient \u00e0 la t\u00e9l\u00e9vision sur W9 avec<br \/>\nl\u00a0\u00bb\u00e9mission &lsquo;Tout beau, tout 9&rsquo; apr\u00e8s l&rsquo;arr\u00eat de &lsquo;Touche pas \u00e0 mon<br \/>\nposte&rsquo;.<\/li>\n<li>L&rsquo;animateur annonce le retour de chroniqueurs familiers<br \/>\ncomme Raymond, Geraldine, Olivier Dartigolles et Val\u00e9rie<br \/>\nBena\u00efm.<\/li>\n<li>La rentr\u00e9e sur W9 est cruciale pour Hanouna, qui doit<br \/>\ns\u00e9duire le public avec humour et professionnalisme sans pol\u00e9mique<br \/>\npolitique.<\/li>\n<\/ul>\n<p data-start=\"292\" data-end=\"712\">C\u2019est officiel : <a href=\"https:\/\/www.telestar.fr\/actu_tv\/tout-beau-tout-neuf-cyril-hanouna-impatient-il-promet-des-revelations-de-taille-et-cest-pour-bientot-1733659\" target=\"_blank\" rel=\"noopener\"><br \/>\nCyril Hanouna<\/a> sera bien de retour \u00e0 la t\u00e9l\u00e9 \u00e0 la rentr\u00e9e, mais<br \/>\ncette fois\u2026 sur W9. Apr\u00e8s la fermeture de C8 et <strong>l\u2019arr\u00eat de<br \/>\nTouche pas \u00e0 mon<br \/>\nposte<\/strong>, l\u2019animateur relance la machine avec une<br \/>\nnouvelle \u00e9mission baptis\u00e9e <a href=\"https:\/\/www.telestar.fr\/actu_tv\/tout-beau-tout-neuf-cyril-hanouna-officialise-presque-le-nom-dun-nouveau-chroniqueur-que-tout-le-monde-connait-bien-1733807\" target=\"_blank\" rel=\"noopener\"><br \/>\nTout beau, tout 9<\/a>,<br \/>\nprogramm\u00e9e chaque soir \u00e0 18h45. Un virage majeur dans sa carri\u00e8re,<br \/>\nmais pas une r\u00e9volution totale : la bande qu\u2019il a toujours aim\u00e9e ne<br \/>\nsera jamais bien loin.<\/p>\n<p data-start=\"714\" data-end=\"1046\">Sur ses r\u00e9seaux, celui qui se<br \/>\nvoudrait \u00eatre le\u00a0boss du PAF <strong>multiplie les<br \/>\nannonces<\/strong>. Ce vendredi 8 ao\u00fbt, il a confirm\u00e9 deux nouveaux<br \/>\nvisages qui viendront compl\u00e9ter la table. Deux noms familiers des<br \/>\nfid\u00e8les de TPMP, qui<br \/>\nviennent \u00e9toffer une \u00e9quipe m\u00ealant anciens incontournables et<br \/>\nnouvelles t\u00eates.<\/p>\n<p>\u201cS\u00fbr et certain\u201d : Cyril Hanouna l\u00e2che les noms<\/p>\n<p data-start=\"1094\" data-end=\"1574\">Toujours actif sur X<br \/>\n(anciennement Twitter), Cyril Hanouna a l\u00e2ch\u00e9 une bombe.<br \/>\n\u201cLes ch\u00e9ris, sur la 1\u00e8re de<br \/>\n@W9, il y aura s\u00fbr et certain autour de moi d\u00e8s 18h45 : Raymond,<br \/>\n<a href=\"https:\/\/www.telestar.fr\/actu_tv\/je-peux-comprendre-quon-la-trouve-hautaine-la-mise-au-clair-de-danielle-moreau-sur-geraldine-maillet-1733483\" target=\"_blank\" rel=\"noopener\"><br \/>\nGeraldine<\/a>, Olivier Dartigolles, <a href=\"https:\/\/www.telestar.fr\/people\/on-ma-diagnostique-une-maladie-qui-malheureusement-valerie-benaim-malade-elle-a-ete-operee-en-secret-1704862\" target=\"_blank\" rel=\"noopener\"><br \/>\nVal\u00e9rie Bena\u00efm<\/a> ! Plus 5 autres personnes ! <strong><a href=\"https:\/\/www.telestar.fr\/actu_tv\/geraldine-maillet-valerie-benaim-fabien-lecoeuvre-cyril-hanouna-officialise-leur-arrivee-sur-w9-1725478\" target=\"_blank\" rel=\"noopener\"><br \/>\nFabien Lec\u0153uvre<\/a> et <a href=\"https:\/\/www.telestar.fr\/people\/michel-mary-tpmp-est-il-en-couple-1667573\" target=\"_blank\" rel=\"noopener\"><br \/>\nMichel Mary<\/a> seront de retour aussi !<\/strong> Pour le reste de<br \/>\nla nouveaut\u00e9 et des grands retours.\u201d Voil\u00e0 qui plante le d\u00e9cor<br \/>\n: l\u2019esprit TPMP reste intact, mais l\u2019\u00e9mission s\u2019offre un vrai<br \/>\nrelooking.<\/p>\n<p data-start=\"1576\" data-end=\"2008\">Fabien Lec\u0153uvre,<br \/>\nex-chroniqueur aux punchlines sur la chanson fran\u00e7aise, et Michel<br \/>\nMary, journaliste judiciaire bien connu des t\u00e9l\u00e9spectateurs, font<br \/>\ndonc partie des \u201cretours\u201d officialis\u00e9s. Ils rejoignent<br \/>\n<strong>un noyau dur d\u00e9j\u00e0 annonc\u00e9 quelques jours plus t\u00f4t<\/strong>,<br \/>\ndes figures bien connues du talk-show supprim\u00e9 de l&rsquo;antenne. En<br \/>\ncommentaires, les fans, eux, r\u00e9clament <a href=\"https:\/\/www.telestar.fr\/actu_tv\/matthieu-delormeau-de-retour-aupres-de-cyril-hanouna-dans-tout-beau-tout-9-le-veto-des-chroniqueurs-1730711\" target=\"_blank\" rel=\"noopener\"><br \/>\nMatthieu Delormeau<\/a>, mais rien n&rsquo;est confirm\u00e9 \u00e0 son sujet&#8230;<\/p>\n<blockquote class=\"twitter-tweet\"><p><a class=\"twitter-link\" rel=\"noindex, nofollow noopener\" href=\"https:\/\/twitter.com\/Cyrilhanouna\/status\/1953867281852674242\" target=\"_blank\"><\/p><\/blockquote>\n<p>Une rentr\u00e9e sous pression<\/p>\n<p data-start=\"2040\" data-end=\"2465\">Entre teasing assum\u00e9 et<br \/>\nnostalgie contr\u00f4l\u00e9e, <strong>Cyril Hanouna joue la carte du \u00ab\u00a0neuf<br \/>\navec les anciens\u00a0\u00bb<\/strong>. Tout beau, tout 9 d\u00e9barque dans un contexte tendu : le<br \/>\nd\u00e9part forc\u00e9 de C8, la fermeture brutale de la cha\u00eene et<br \/>\nl\u2019impossibilit\u00e9 de continuer TPMP dans sa forme historique ont<br \/>\nrebattu les cartes. L\u2019animateur avait un temps tent\u00e9 une version<br \/>\nweb de son \u00e9mission, mais c\u2019est bien \u00e0 la t\u00e9l\u00e9 qu\u2019il compte<br \/>\nreconqu\u00e9rir le public.<\/p>\n<p data-start=\"2467\" data-end=\"2846\" data-is-last-node=\"\" data-is-only-node=\"\">Et il n\u2019a pas de temps \u00e0 perdre. \u00c0 un mois du<br \/>\nlancement, la communication est millim\u00e9tr\u00e9e. \u201cJ\u2019arrive pas \u00e0 y croire\u201d, \u00e9crivait-il le 3<br \/>\nao\u00fbt. Tout est pr\u00eat ou presque, et il le sait : <strong>cette<br \/>\nrentr\u00e9e sur W9 sera d\u00e9cisive.<\/strong> Cette fois, plus question<br \/>\nd&rsquo;offrir une tribune \u00e0 l&rsquo;extr\u00eame droite, M6 lui demande de tout<br \/>\nmiser sur son humour et son professionnalisme. Reste \u00e0 voir si les<br \/>\nfid\u00e8les le suivront dans ce nouveau chapitre. Une chose est s\u00fbre :<br \/>\nl\u2019orchestre est en train de s\u2019accorder, et le chef n\u2019a pas<br \/>\nchang\u00e9.<\/p>\n<blockquote class=\"twitter-tweet\"><p><a class=\"twitter-link\" rel=\"noindex, nofollow noopener\" href=\"https:\/\/twitter.com\/Bratislabat\/status\/1953870295111995679\" target=\"_blank\"><\/p><\/blockquote>\n<p><script async src=\"https:\/\/platform.twitter.com\/widgets.js\" charset=\"utf-8\"><\/script><\/p>\n","protected":false},"excerpt":{"rendered":"EN BREF Cyril Hanouna revient \u00e0 la t\u00e9l\u00e9vision sur W9 avec l\u00a0\u00bb\u00e9mission &lsquo;Tout beau, tout 9&rsquo; apr\u00e8s l&rsquo;arr\u00eat&hellip;\n","protected":false},"author":2,"featured_media":306791,"comment_status":"","ping_status":"","sticky":false,"template":"","format":"standard","meta":{"footnotes":""},"categories":[1359],"tags":[548,1083,58,2889,59,1011,27,1474,973,551,2395],"class_list":{"0":"post-306790","1":"post","2":"type-post","3":"status-publish","4":"format-standard","5":"has-post-thumbnail","7":"category-people","8":"tag-article-simple","9":"tag-cyril-hanouna","10":"tag-divertissement","11":"tag-emission","12":"tag-entertainment","13":"tag-fr","14":"tag-france","15":"tag-geraldine-maillet","16":"tag-people","17":"tag-valerie-benaim","18":"tag-w9"},"share_on_mastodon":{"url":"https:\/\/pubeurope.com\/@fr\/114997505859945786","error":""},"_links":{"self":[{"href":"https:\/\/www.europesays.com\/fr\/wp-json\/wp\/v2\/posts\/306790","targetHints":{"allow":["GET"]}}],"collection":[{"href":"https:\/\/www.europesays.com\/fr\/wp-json\/wp\/v2\/posts"}],"about":[{"href":"https:\/\/www.europesays.com\/fr\/wp-json\/wp\/v2\/types\/post"}],"author":[{"embeddable":true,"href":"https:\/\/www.europesays.com\/fr\/wp-json\/wp\/v2\/users\/2"}],"replies":[{"embeddable":true,"href":"https:\/\/www.europesays.com\/fr\/wp-json\/wp\/v2\/comments?post=306790"}],"version-history":[{"count":0,"href":"https:\/\/www.europesays.com\/fr\/wp-json\/wp\/v2\/posts\/306790\/revisions"}],"wp:featuredmedia":[{"embeddable":true,"href":"https:\/\/www.europesays.com\/fr\/wp-json\/wp\/v2\/media\/306791"}],"wp:attachment":[{"href":"https:\/\/www.europesays.com\/fr\/wp-json\/wp\/v2\/media?parent=306790"}],"wp:term":[{"taxonomy":"category","embeddable":true,"href":"https:\/\/www.europesays.com\/fr\/wp-json\/wp\/v2\/categories?post=306790"},{"taxonomy":"post_tag","embeddable":true,"href":"https:\/\/www.europesays.com\/fr\/wp-json\/wp\/v2\/tags?post=306790"}],"curies":[{"name":"wp","href":"https:\/\/api.w.org\/{rel}","templated":true}]}}