{"id":306792,"date":"2025-08-09T06:57:23","date_gmt":"2025-08-09T06:57:23","guid":{"rendered":"https:\/\/www.europesays.com\/fr\/306792\/"},"modified":"2025-08-09T06:57:23","modified_gmt":"2025-08-09T06:57:23","slug":"le-photographe-guillaume-blot-flashe-sur-les-restos-routiers","status":"publish","type":"post","link":"https:\/\/www.europesays.com\/fr\/306792\/","title":{"rendered":"Le photographe Guillaume Blot flashe sur les restos routiers"},"content":{"rendered":"<p xmlns=\"\" class=\"article_paragraphe\">S\u00e9quence nostalgie\u00a0? S\u00e9quence survie plut\u00f4t. Celle de ses restos routiers du bord des routes qui ont une f\u00e2cheuse tendance \u00e0 fermer. <strong class=\"article_bold\">Ils \u00e9taient 4\u00a0500 dans les ann\u00e9es 70 et ne sont plus que 700 aujourd\u2019hui<\/strong>, nich\u00e9s pr\u00e8s des nationales d\u00e9sert\u00e9es par les camions qui leur pr\u00e9f\u00e8rent les autoroutes.<\/p>\n<p xmlns=\"\" class=\"article_paragraphe\">Les routiers ne font plus le poids (lourd), alors le photographe Guillaume Blot est all\u00e9 \u00e0 la rencontre des survivants, \u00e0 bord de sa \u00ab Blotmobile \u00bb, comme il aime \u00e0 d\u00e9signer son <a class=\"article_lien\" onclick=\"return xt_click(this, &#039;C&#039;,xtn2,id_context+&#039;::&#039;+id_page+&#039;::CoeurArticle_Lien_XTC&#039;, &#039;N&#039;);\" href=\"https:\/\/www.caradisiac.com\/theme--van-life\/\" rel=\"nofollow noopener\" target=\"_blank\">van<\/a>, \u00e0 bord duquel <strong class=\"article_bold\">il a sillonn\u00e9 le pays pour s\u2019en aller visiter, d\u00eener, prendre une douche, ou boire un verre chez Mimi, au Tarin savoyard ou au TruckerLand. <\/strong>En tout, il a \u00e9cum\u00e9 220 de ces <a class=\"article_lien\" onclick=\"return xt_click(this, &#039;C&#039;,xtn2,id_context+&#039;::&#039;+id_page+&#039;::CoeurArticle_Lien_XTC&#039;, &#039;N&#039;);\" href=\"https:\/\/www.fnac.com\/a17811595\/Guillaume-Blot-Rades\" target=\"_blank\" rel=\"nofollow noopener\">Rades<\/a> (du nom de sa pr\u00e9c\u00e9dente s\u00e9rie) en 6 ans.<\/p>\n<p xmlns=\"\" class=\"article_paragraphe\">Il en a rapport\u00e9 des images qui, apr\u00e8s avoir \u00e9t\u00e9 expos\u00e9es \u00e0 Paris sont aujourd\u2019hui rassembl\u00e9es dans un ouvrage de la collection Ho\u00ebbecke chez Gallimard et tout simplement baptis\u00e9 <a class=\"article_lien\" onclick=\"return xt_click(this, &#039;C&#039;,xtn2,id_context+&#039;::&#039;+id_page+&#039;::CoeurArticle_Lien_XTC&#039;, &#039;N&#039;);\" href=\"https:\/\/www.fnac.com\/a21345297\/Guillaume-Blot-Restos-routiers\" target=\"_blank\" rel=\"nofollow noopener\">Restos routiers.<\/a><\/p>\n<p><a class=\"imageClic\" href=\"https:\/\/images.caradisiac.com\/images\/7\/0\/9\/7\/217097\/S0-le-photographe-guillaume-blot-flashe-sur-les-restos-routiers-850894.jpg\" data-target=\"#clicImage\" data-toggle=\"modal\" data-linkbigimage=\"https:\/\/images.caradisiac.com\/images\/7\/0\/9\/7\/217097\/S8-le-photographe-guillaume-blot-flashe-sur-les-restos-routiers-850894.jpg\" data-linkfullimage=\"https:\/\/images.caradisiac.com\/images\/7\/0\/9\/7\/217097\/S0-le-photographe-guillaume-blot-flashe-sur-les-restos-routiers-850894.jpg\" data-titleimage=\"Le photographe Guillaume Blot flashe sur les restos routiers\" rel=\"nofollow noopener\" target=\"_blank\"><img decoding=\"async\" loading=\"lazy\" alt=\"Les restos routiers, ou leurs abords. Cr\u00e9dit photo : Gillaume Blot.\" width=\"705\" height=\"470\" src=\"https:\/\/www.europesays.com\/fr\/wp-content\/uploads\/2025\/08\/S1-le-photographe-guillaume-blot-flashe-sur-les-restos-routiers-850894.jpg\"\/><\/a><br \/>\nLes restos routiers, ou leurs abords. Cr\u00e9dit photo : Gillaume Blot.<\/p>\n<p xmlns=\"\" class=\"article_paragraphe\">Ces images ne sont jamais caricaturales ou vachardes.<strong class=\"article_bold\"> Il n\u2019y a pas une once de condescendance ou de m\u00e9pris dans l\u2019objectif de Blot. Au contraire, il a de la tendresse pour les routiers et leurs lieux.<\/strong> \u00c0 grands coups de flash \u00ab comme les phares des camions \u00bb explique-t-il, le photographe transforme les bars, les salles des restos au menu complet \u00e0 15 euros (vin et caf\u00e9 compris) en une \u00e9tape enchant\u00e9e, en compagnie de Johnny et des autres routiers.\u00a0<\/p>\n<p><a class=\"imageClic\" href=\"https:\/\/images.caradisiac.com\/images\/7\/0\/9\/7\/217097\/S0-le-photographe-guillaume-blot-flashe-sur-les-restos-routiers-850888.jpg\" data-target=\"#clicImage\" data-toggle=\"modal\" data-linkbigimage=\"https:\/\/images.caradisiac.com\/images\/7\/0\/9\/7\/217097\/S8-le-photographe-guillaume-blot-flashe-sur-les-restos-routiers-850888.jpg\" data-linkfullimage=\"https:\/\/images.caradisiac.com\/images\/7\/0\/9\/7\/217097\/S0-le-photographe-guillaume-blot-flashe-sur-les-restos-routiers-850888.jpg\" data-titleimage=\"Le photographe Guillaume Blot flashe sur les restos routiers\" rel=\"nofollow noopener\" target=\"_blank\"><img decoding=\"async\" loading=\"lazy\" alt=\"Cr\u00e9dit photo\u00a0: Guillaume Blot.\" width=\"705\" height=\"529\" src=\"https:\/\/www.europesays.com\/fr\/wp-content\/uploads\/2025\/08\/S1-le-photographe-guillaume-blot-flashe-sur-les-restos-routiers-850888.jpg\"\/><\/a><br \/>\nCr\u00e9dit photo\u00a0: Guillaume Blot.<\/p>\n<p xmlns=\"\" class=\"article_paragraphe\">Avec eux, on red\u00e9couvre l\u2019importance de ces lieux \u00e0 part, de ces endroits o\u00f9 l\u2019on remplit la table l\u00e0 o\u00f9 il reste une place, o\u00f9 l&rsquo;on est jamais seul, o\u00f9 l\u2019on discute forc\u00e9ment avec son voisin apr\u00e8s les journ\u00e9es solitaires derri\u00e8re le volant. <strong class=\"article_bold\">Une bulle d\u2019humanit\u00e9 n\u00e9cessaire pour ces routiers, mais une bulle menac\u00e9e par les cha\u00eenes de resto ou fast-food des aires d\u2019autoroutes<\/strong> et par les sacs en papier Uber Eat livr\u00e9s au pied des camions.<\/p>\n<p>La fin d&rsquo;un monde ?<\/p>\n<p xmlns=\"\" class=\"article_paragraphe\">Une bulle de convivialit\u00e9, et une parenth\u00e8se dans la vie des routiers qui risque de dispara\u00eetre bient\u00f4t et dont il ne restera que ces grands parkings d\u00e9sert\u00e9s ou se garaient, jadis, les 38 tonnes. Il en subsistera au moins les images de Guillaume Blot.<\/p>\n","protected":false},"excerpt":{"rendered":"S\u00e9quence nostalgie\u00a0? S\u00e9quence survie plut\u00f4t. Celle de ses restos routiers du bord des routes qui ont une f\u00e2cheuse&hellip;\n","protected":false},"author":2,"featured_media":306793,"comment_status":"","ping_status":"","sticky":false,"template":"","format":"standard","meta":{"footnotes":""},"categories":[1358],"tags":[1348,1384,1385,1386,58,59,1011,27],"class_list":{"0":"post-306792","1":"post","2":"type-post","3":"status-publish","4":"format-standard","5":"has-post-thumbnail","7":"category-arts-et-design","8":"tag-arts","9":"tag-arts-and-design","10":"tag-arts-et-design","11":"tag-design","12":"tag-divertissement","13":"tag-entertainment","14":"tag-fr","15":"tag-france"},"share_on_mastodon":{"url":"https:\/\/pubeurope.com\/@fr\/114997509715072987","error":""},"_links":{"self":[{"href":"https:\/\/www.europesays.com\/fr\/wp-json\/wp\/v2\/posts\/306792","targetHints":{"allow":["GET"]}}],"collection":[{"href":"https:\/\/www.europesays.com\/fr\/wp-json\/wp\/v2\/posts"}],"about":[{"href":"https:\/\/www.europesays.com\/fr\/wp-json\/wp\/v2\/types\/post"}],"author":[{"embeddable":true,"href":"https:\/\/www.europesays.com\/fr\/wp-json\/wp\/v2\/users\/2"}],"replies":[{"embeddable":true,"href":"https:\/\/www.europesays.com\/fr\/wp-json\/wp\/v2\/comments?post=306792"}],"version-history":[{"count":0,"href":"https:\/\/www.europesays.com\/fr\/wp-json\/wp\/v2\/posts\/306792\/revisions"}],"wp:featuredmedia":[{"embeddable":true,"href":"https:\/\/www.europesays.com\/fr\/wp-json\/wp\/v2\/media\/306793"}],"wp:attachment":[{"href":"https:\/\/www.europesays.com\/fr\/wp-json\/wp\/v2\/media?parent=306792"}],"wp:term":[{"taxonomy":"category","embeddable":true,"href":"https:\/\/www.europesays.com\/fr\/wp-json\/wp\/v2\/categories?post=306792"},{"taxonomy":"post_tag","embeddable":true,"href":"https:\/\/www.europesays.com\/fr\/wp-json\/wp\/v2\/tags?post=306792"}],"curies":[{"name":"wp","href":"https:\/\/api.w.org\/{rel}","templated":true}]}}