{"id":306794,"date":"2025-08-09T06:58:09","date_gmt":"2025-08-09T06:58:09","guid":{"rendered":"https:\/\/www.europesays.com\/fr\/306794\/"},"modified":"2025-08-09T06:58:09","modified_gmt":"2025-08-09T06:58:09","slug":"des-couvertures-colorees-et-des-histoires-qui-marquent-felletin-a-devore-les-mots-pour-sa-28%e1%b5%89-journee-du-livre","status":"publish","type":"post","link":"https:\/\/www.europesays.com\/fr\/306794\/","title":{"rendered":"Des couvertures color\u00e9es et des histoires qui marquent\u00a0: Felletin a d\u00e9vor\u00e9 les mots pour sa 28\u1d49 Journ\u00e9e du livre"},"content":{"rendered":"<p>La 28\u1d49 Journ\u00e9e du livre s&rsquo;est tenu \u00e0 Felletin le vendredi 8 ao\u00fbt avec une centaine d\u2019exposants. Entre d\u00e9couvertes litt\u00e9raires, rencontres et animations, le troisi\u00e8me plus grand salon du Limousin a attir\u00e9 un large public venu \u00e9changer et feuilleter de nouvelles histoires.<\/p>\n<p>Vendredi 8 ao\u00fbt, la ville de Felletin, dans le sud de la Creuse, a vibr\u00e9 au rythme de sa 28\u1d49 Journ\u00e9e du livre. Sous le th\u00e8me \u00e9vocateur <strong>\u00ab\u00a0Le plaisir de lire\u00a0\u00bb<\/strong>, la salle polyvalente et son chapiteau attenant ont accueilli une centaine d\u2019auteurs et \u00e9diteurs, attirant un public venu en nombre. <strong>Troisi\u00e8me salon litt\u00e9raire du Limousin en termes de fr\u00e9quentation<\/strong>, l\u2019\u00e9v\u00e9nement confirme sa place incontournable dans le paysage culturel r\u00e9gional. Dans les all\u00e9es, les \u00e9changes se m\u00ealaient au bruissement des pages que l\u2019on feuilletait avec curiosit\u00e9.<\/p>\n<p>Parmi les visiteurs, Julie, maman attentive, fouillait les \u00e9tals \u00e0 la recherche d\u2019ouvrages jeunesse sur les \u00e9motions. \u00ab\u00a0La col\u00e8re, la tristesse, la jalousie\u2026 c\u2019est important que mes enfants puissent s\u2019y retrouver. Les livres, il n\u2019y a rien de mieux\u00a0\u00bb, confie-t-elle en d\u00e9signant des couvertures color\u00e9es. Son fils Milan, 14 ans, partage ce go\u00fbt pour la lecture, surtout pendant les vacances\u00a0: \u00ab\u00a0Quand je m\u2019ennuie, je prends un livre. L\u00e0, j\u2019ai achet\u00e9 Autre Monde de Maxime Chattam, c\u2019est apr\u00e8s une apocalypse\u2026 tout change. \u00bb<\/p>\n<p>Pour Robert Guinot, pr\u00e9sident de l\u2019association organisatrice, le livre reste un objet essentiel\u00a0: \u00ab\u00a0Lire, c\u2019est r\u00e9fl\u00e9chir, s\u2019ouvrir, d\u00e9couvrir des territoires humains et culturels souvent inconnus\u2026 et se d\u00e9tendre.\u00a0\u00bb\u00a0Avec pr\u00e8s de 400 candidatures d\u2019auteurs pour une centaine de places, la s\u00e9lection reste exigeante. Un succ\u00e8s qui pousse d\u00e9j\u00e0 l\u2019\u00e9quipe \u00e0 pr\u00e9parer la prochaine \u00e9dition, bien d\u00e9cid\u00e9e \u00e0 tourner encore de belles pages.<\/p>\n","protected":false},"excerpt":{"rendered":"La 28\u1d49 Journ\u00e9e du livre s&rsquo;est tenu \u00e0 Felletin le vendredi 8 ao\u00fbt avec une centaine d\u2019exposants. Entre&hellip;\n","protected":false},"author":2,"featured_media":306795,"comment_status":"","ping_status":"","sticky":false,"template":"","format":"standard","meta":{"footnotes":""},"categories":[1357],"tags":[1379,58,59,1011,27,1380],"class_list":{"0":"post-306794","1":"post","2":"type-post","3":"status-publish","4":"format-standard","5":"has-post-thumbnail","7":"category-livres","8":"tag-books","9":"tag-divertissement","10":"tag-entertainment","11":"tag-fr","12":"tag-france","13":"tag-livres"},"share_on_mastodon":{"url":"https:\/\/pubeurope.com\/@fr\/114997513634727344","error":""},"_links":{"self":[{"href":"https:\/\/www.europesays.com\/fr\/wp-json\/wp\/v2\/posts\/306794","targetHints":{"allow":["GET"]}}],"collection":[{"href":"https:\/\/www.europesays.com\/fr\/wp-json\/wp\/v2\/posts"}],"about":[{"href":"https:\/\/www.europesays.com\/fr\/wp-json\/wp\/v2\/types\/post"}],"author":[{"embeddable":true,"href":"https:\/\/www.europesays.com\/fr\/wp-json\/wp\/v2\/users\/2"}],"replies":[{"embeddable":true,"href":"https:\/\/www.europesays.com\/fr\/wp-json\/wp\/v2\/comments?post=306794"}],"version-history":[{"count":0,"href":"https:\/\/www.europesays.com\/fr\/wp-json\/wp\/v2\/posts\/306794\/revisions"}],"wp:featuredmedia":[{"embeddable":true,"href":"https:\/\/www.europesays.com\/fr\/wp-json\/wp\/v2\/media\/306795"}],"wp:attachment":[{"href":"https:\/\/www.europesays.com\/fr\/wp-json\/wp\/v2\/media?parent=306794"}],"wp:term":[{"taxonomy":"category","embeddable":true,"href":"https:\/\/www.europesays.com\/fr\/wp-json\/wp\/v2\/categories?post=306794"},{"taxonomy":"post_tag","embeddable":true,"href":"https:\/\/www.europesays.com\/fr\/wp-json\/wp\/v2\/tags?post=306794"}],"curies":[{"name":"wp","href":"https:\/\/api.w.org\/{rel}","templated":true}]}}