{"id":306796,"date":"2025-08-09T06:59:15","date_gmt":"2025-08-09T06:59:15","guid":{"rendered":"https:\/\/www.europesays.com\/fr\/306796\/"},"modified":"2025-08-09T06:59:15","modified_gmt":"2025-08-09T06:59:15","slug":"les-soprano-la-premiere-serie-a-parler-de-sante-mentale","status":"publish","type":"post","link":"https:\/\/www.europesays.com\/fr\/306796\/","title":{"rendered":"\u00ab\u00a0Les Soprano\u00a0\u00bb, la premi\u00e8re s\u00e9rie \u00e0 parler de sant\u00e9 mentale"},"content":{"rendered":"\n<p class=\"article__paragraph article__paragraph--lf \">Un homme fait une crise de panique. Sur les conseils de son m\u00e9decin g\u00e9n\u00e9raliste, il consulte une psychiatre. Celle-ci lui diagnostique une d\u00e9pression nerveuse et il entame une th\u00e9rapie. Au\u00a0fil des s\u00e9ances, il parlera (beaucoup) de sa m\u00e8re, avec qui il entretient des rapports compliqu\u00e9s. Il \u00e9voquera sa femme, son fils et sa fille, mais aussi sa propre enfance, la figure de son p\u00e8re disparu, son travail. Rien de tr\u00e8s extraordinaire.<\/p>\n<p class=\"article__paragraph article__paragraph--lf \">Sauf que le h\u00e9ros de la s\u00e9rie Les Soprano, dont le premier \u00e9pisode est diffus\u00e9 le 10\u00a0janvier\u00a01999 sur la cha\u00eene am\u00e9ricaine HBO, n\u2019est pas un patient comme les autres. Tony Soprano (James Gandolfini) est un chef de la mafia, \u00e0 la t\u00eate d\u2019une \u00ab\u00a0famille\u00a0\u00bb du New Jersey. Cet homme qui encha\u00eene les mauvais coups s\u2019\u00e9croule quand les canards sauvages qu\u2019il aimait voir patauger dans sa piscine s\u2019envolent.<\/p>\n<p class=\"article__paragraph article__paragraph--lf \">Vue d\u2019aujourd\u2019hui, la description du mal-\u00eatre d\u2019un individu n\u2019a rien d\u2019extraordinaire. La sant\u00e9 mentale est partout dans les s\u00e9ries t\u00e9l\u00e9vis\u00e9es et les profils des patients sont divers. <a href=\"https:\/\/www.lemonde.fr\/culture\/article\/2021\/01\/27\/en-therapie-la-subtile-mise-en-scene-d-un-trauma-personnel-et-collectif_6067743_3246.html\" rel=\"nofollow noopener\" target=\"_blank\">En th\u00e9rapie<\/a>, du duo Eric Toledano et Olivier Nakache, adaptation de la s\u00e9rie isra\u00e9lienne BeTipul, et dont les deux saisons, diffus\u00e9es sur Arte (en\u00a02021 et en\u00a02022), ont cr\u00e9\u00e9 l\u2019\u00e9v\u00e9nement, allonge sur le divan une chirurgienne, un policier de la brigade de recherche et d\u2019intervention, un chef d\u2019entreprise, une \u00e9tudiante\u2026 13 Reasons Why (2017) se pr\u00e9sente comme une enqu\u00eate autour du suicide d\u2019une adolescente. Atypical (2017) suit un jeune homme autiste, quand la s\u00e9rie d\u2019animation BoJack Horseman (2014) a pour protagoniste un acteur oubli\u00e9 et d\u00e9pendant au sexe, \u00e0 l\u2019alcool et aux stup\u00e9fiants\u2026<\/p>\n<p>                              Lire aussi |  Article r\u00e9serv\u00e9 \u00e0 nos abonn\u00e9s  <a href=\"https:\/\/www.lemonde.fr\/series-d-ete\/article\/2020\/07\/29\/les-soprano-des-heros-qui-n-en-sont-pas_6047644_3451060.html\" class=\"js-article-read-also catcher--favoris__link\" data-premium=\"1\" id=\"article-title-3181455\" rel=\"nofollow noopener\" target=\"_blank\">\u00ab\u00a0Les Soprano\u00a0\u00bb, des h\u00e9ros qui n\u2019en sont pas<\/a>    <\/p>\n<p>   Lire plus tard  <\/p>\n<p class=\"reading-mode-only \"><strong>Il vous reste 75.01% de cet article \u00e0 lire. La suite est r\u00e9serv\u00e9e aux abonn\u00e9s.<\/strong><\/p>\n","protected":false},"excerpt":{"rendered":"Un homme fait une crise de panique. Sur les conseils de son m\u00e9decin g\u00e9n\u00e9raliste, il consulte une psychiatre.&hellip;\n","protected":false},"author":2,"featured_media":306797,"comment_status":"","ping_status":"","sticky":false,"template":"","format":"standard","meta":{"footnotes":""},"categories":[1356],"tags":[58,59,1011,27,252,1364],"class_list":{"0":"post-306796","1":"post","2":"type-post","3":"status-publish","4":"format-standard","5":"has-post-thumbnail","7":"category-television","8":"tag-divertissement","9":"tag-entertainment","10":"tag-fr","11":"tag-france","12":"tag-television","13":"tag-tv"},"share_on_mastodon":{"url":"https:\/\/pubeurope.com\/@fr\/114997517593644566","error":""},"_links":{"self":[{"href":"https:\/\/www.europesays.com\/fr\/wp-json\/wp\/v2\/posts\/306796","targetHints":{"allow":["GET"]}}],"collection":[{"href":"https:\/\/www.europesays.com\/fr\/wp-json\/wp\/v2\/posts"}],"about":[{"href":"https:\/\/www.europesays.com\/fr\/wp-json\/wp\/v2\/types\/post"}],"author":[{"embeddable":true,"href":"https:\/\/www.europesays.com\/fr\/wp-json\/wp\/v2\/users\/2"}],"replies":[{"embeddable":true,"href":"https:\/\/www.europesays.com\/fr\/wp-json\/wp\/v2\/comments?post=306796"}],"version-history":[{"count":0,"href":"https:\/\/www.europesays.com\/fr\/wp-json\/wp\/v2\/posts\/306796\/revisions"}],"wp:featuredmedia":[{"embeddable":true,"href":"https:\/\/www.europesays.com\/fr\/wp-json\/wp\/v2\/media\/306797"}],"wp:attachment":[{"href":"https:\/\/www.europesays.com\/fr\/wp-json\/wp\/v2\/media?parent=306796"}],"wp:term":[{"taxonomy":"category","embeddable":true,"href":"https:\/\/www.europesays.com\/fr\/wp-json\/wp\/v2\/categories?post=306796"},{"taxonomy":"post_tag","embeddable":true,"href":"https:\/\/www.europesays.com\/fr\/wp-json\/wp\/v2\/tags?post=306796"}],"curies":[{"name":"wp","href":"https:\/\/api.w.org\/{rel}","templated":true}]}}