{"id":306798,"date":"2025-08-09T07:00:19","date_gmt":"2025-08-09T07:00:19","guid":{"rendered":"https:\/\/www.europesays.com\/fr\/306798\/"},"modified":"2025-08-09T07:00:19","modified_gmt":"2025-08-09T07:00:19","slug":"il-a-fait-chanter-toute-la-france-apres-deux-avc-cette-star-des-annees-80-prend-sa-retraite","status":"publish","type":"post","link":"https:\/\/www.europesays.com\/fr\/306798\/","title":{"rendered":"Il a fait chanter toute la France\u2026 Apr\u00e8s deux AVC, cette star des ann\u00e9es 80 prend sa retraite"},"content":{"rendered":"<p>Figure incontournable des ann\u00e9es 80, ce chanteur a d\u00e9cid\u00e9 de quitter d\u00e9finitivement la sc\u00e8ne. Apr\u00e8s deux AVC, le chanteur ne participera pas aux 20 ans de la tourn\u00e9e Stars 80.<\/p>\n<p class=\"chapo\">La sc\u00e8ne musicale fran\u00e7aise perd l\u2019une de ses voix les plus reconnaissables. Christian Dingler, n\u00e9 \u00e0 Strasbourg le 10 octobre 1947 et connu sous le pseudonyme de Cookie Dingler, met fin \u00e0 sa carri\u00e8re \u00e0 77 ans. Interpr\u00e8te du tube \u201cFemme lib\u00e9r\u00e9e\u201d sorti en 1984, il ne prendra pas part aux 20 ans de la tourn\u00e9e Stars 80, dont le prochain concert est annonc\u00e9 \u00e0 Belle-\u00cele-en-Mer le 13 ao\u00fbt 2025.<\/p>\n<p>Cette d\u00e9cision intervient apr\u00e8s des probl\u00e8mes de sant\u00e9 r\u00e9p\u00e9t\u00e9s. \u00ab\u00a0J&rsquo;ai eu deux AVC. Il m&rsquo;en reste quelques s\u00e9quelles, dont une neuropathie, j&rsquo;ai donc un peu de mal \u00e0 marcher et je suis parfois confus\u00a0\u00bb, a-t-il confi\u00e9 au magazine Ici Paris, pr\u00e9cisant qu\u2019il ne sera pas pr\u00e9sent pour cet anniversaire et qu\u2019il s\u2019appr\u00eate \u00e0 prendre sa retraite.<\/p>\n<p>  Cookie Dingler et Stars 80\u202f: une absence marquante pour l\u2019anniversaire  <\/p>\n<p>Figure r\u00e9guli\u00e8re de la troupe Stars 80 depuis des ann\u00e9es, Cookie Dingler ne partagera donc pas l\u2019affiche avec les autres vedettes attendues pour c\u00e9l\u00e9brer les 20 ans du spectacle. L\u2019annonce marque un tournant pour le public qui avait fait de \u201cFemme lib\u00e9r\u00e9e\u201d un passage oblig\u00e9 de ces concerts festifs et nostalgiques.<\/p>\n<p>  De \u201cFemme lib\u00e9r\u00e9e\u201d aux adieux\u202f: un succ\u00e8s n\u00e9 par surprise, devenu culte  <\/p>\n<p>Le chanteur n\u2019avait pas initialement envisag\u00e9 une telle trajectoire. \u00ab\u00a0Je n&rsquo;\u00e9tais pas professionnel de la musique, m\u00eame si j&rsquo;en faisais. Avec un groupe, nous tournions beaucoup dans la r\u00e9gion. Ma voisine, une tr\u00e8s bonne copine, prof d&rsquo;allemand, a un jour \u00e9crit un texte, Femme lib\u00e9r\u00e9e, sur une de mes musiques. Je l&rsquo;ai jou\u00e9 dans mon club \u00e0 Strasbourg. On a fait des t\u00e9l\u00e9s r\u00e9gionales. Un producteur parisien s&rsquo;y est int\u00e9ress\u00e9. On est mont\u00e9s \u00e0 Paris. Le titre est parvenu en haut des charts\u00a0\u00bb, raconte-t-il.<\/p>\n<p>Quatre d\u00e9cennies plus tard, l\u2019empreinte du morceau reste intacte. \u00ab\u00a0Femme lib\u00e9r\u00e9e est inscrit au patrimoine de la chanson fran\u00e7aise !\u00a0\u00bb, affirme Cookie Dingler. \u00ab\u00a0C&rsquo;est incroyable ! Chaque chanson est particuli\u00e8re mais celle-l\u00e0 est pass\u00e9e \u00e0 un stade sup\u00e9rieur, arrivant au sommet ! On ne peut pas pr\u00e9voir \u00e0 l&rsquo;avance, sinon on ferait des tubes tout le temps !\u00a0\u00bb Avant d\u2019ajouter\u202f: \u00ab\u00a0Ce titre est tr\u00e8s populaire, intemporel, il est devenu incontournable\u00a0\u00bb.<\/p>\n<p>Son retrait de la sc\u00e8ne laissera un vide pour les fans de vari\u00e9t\u00e9s fran\u00e7aises et de la tourn\u00e9e Stars 80, o\u00f9 il c\u00f4toyait des artistes embl\u00e9matiques de la m\u00eame g\u00e9n\u00e9ration.<\/p>\n","protected":false},"excerpt":{"rendered":"Figure incontournable des ann\u00e9es 80, ce chanteur a d\u00e9cid\u00e9 de quitter d\u00e9finitivement la sc\u00e8ne. Apr\u00e8s deux AVC, le&hellip;\n","protected":false},"author":2,"featured_media":306799,"comment_status":"","ping_status":"","sticky":false,"template":"","format":"standard","meta":{"footnotes":""},"categories":[1355],"tags":[10281,58,59,1011,27,1361,873],"class_list":{"0":"post-306798","1":"post","2":"type-post","3":"status-publish","4":"format-standard","5":"has-post-thumbnail","7":"category-musique","8":"tag-buzz-nonli","9":"tag-divertissement","10":"tag-entertainment","11":"tag-fr","12":"tag-france","13":"tag-music","14":"tag-musique"},"share_on_mastodon":{"url":"https:\/\/pubeurope.com\/@fr\/114997521603638228","error":""},"_links":{"self":[{"href":"https:\/\/www.europesays.com\/fr\/wp-json\/wp\/v2\/posts\/306798","targetHints":{"allow":["GET"]}}],"collection":[{"href":"https:\/\/www.europesays.com\/fr\/wp-json\/wp\/v2\/posts"}],"about":[{"href":"https:\/\/www.europesays.com\/fr\/wp-json\/wp\/v2\/types\/post"}],"author":[{"embeddable":true,"href":"https:\/\/www.europesays.com\/fr\/wp-json\/wp\/v2\/users\/2"}],"replies":[{"embeddable":true,"href":"https:\/\/www.europesays.com\/fr\/wp-json\/wp\/v2\/comments?post=306798"}],"version-history":[{"count":0,"href":"https:\/\/www.europesays.com\/fr\/wp-json\/wp\/v2\/posts\/306798\/revisions"}],"wp:featuredmedia":[{"embeddable":true,"href":"https:\/\/www.europesays.com\/fr\/wp-json\/wp\/v2\/media\/306799"}],"wp:attachment":[{"href":"https:\/\/www.europesays.com\/fr\/wp-json\/wp\/v2\/media?parent=306798"}],"wp:term":[{"taxonomy":"category","embeddable":true,"href":"https:\/\/www.europesays.com\/fr\/wp-json\/wp\/v2\/categories?post=306798"},{"taxonomy":"post_tag","embeddable":true,"href":"https:\/\/www.europesays.com\/fr\/wp-json\/wp\/v2\/tags?post=306798"}],"curies":[{"name":"wp","href":"https:\/\/api.w.org\/{rel}","templated":true}]}}