{"id":30681,"date":"2025-04-17T03:27:12","date_gmt":"2025-04-17T03:27:12","guid":{"rendered":"https:\/\/www.europesays.com\/fr\/30681\/"},"modified":"2025-04-17T03:27:12","modified_gmt":"2025-04-17T03:27:12","slug":"rassemblements-a-paris-et-marseille-en-soutien-aux-200-journalistes-tues-a-gaza","status":"publish","type":"post","link":"https:\/\/www.europesays.com\/fr\/30681\/","title":{"rendered":"Rassemblements \u00e0 Paris et Marseille en soutien aux 200\u00a0journalistes tu\u00e9s \u00e0 Gaza"},"content":{"rendered":"<p class=\"latino-300b text-grey-800\">\n<p>  Par<br \/>\nLe Nouvel Obs avec AFP          <\/p>\n<p class=\"latino-300r text-grey-600\">\n      Publi\u00e9 le<\/p>\n<p>    16 avril 2025 \u00e0 21h14<\/p>\n<p>      <img fetchpriority=\"high\" decoding=\"async\" class=\"mx-auto\" src=\"data:image\/svg+xml,%3Csvg%20xmlns%3D%27http%3A%2F%2Fwww.w3.org%2F2000%2Fsvg%27%20fill%3D%22%23e4e4e4%22%20viewBox%3D%270%200%20510%20340%27%20width%3D%22510%22%20height%3D%22340%22%3E%3Cpath%20d%3D%27M0%200h510v340H0z%27%2F%3E%3C%2Fsvg%3E\"  loading=\"eager\" width=\"510\" height=\"340\" data-oncrawl-image-size=\"510x340\" alt=\"Un rassemblement devant l\u2019Opera Bastille pour d\u00e9noncer la mort des 200\u00a0journalistes palestiniens en dix-huit mois dans la bande de Gaza, \u00e0 Paris, le 16\u00a0avril 2025.\"\/>      <\/p>\n<p class=\"latino-100m text-grey-600\">\n            Un rassemblement devant l\u2019Opera Bastille pour d\u00e9noncer la mort des 200\u00a0journalistes palestiniens en dix-huit mois dans la bande de Gaza, \u00e0 Paris, le 16\u00a0avril 2025.\u00a0SADAK SOUICI\/ZUMA\/SIPA        <\/p>\n<p>    Lire\u00a0plus\u00a0tard  <\/p>\n<p><a aria-label=\"Nous suivre sur Google News\" href=\"https:\/\/news.google.com\/publications\/CAAqBwgKMJe4nQkw3dFs?hl=fr&amp;gl=FR&amp;ceid=FR%3Afr\" target=\"_blank\" data-piano=\"Page_Article,Sous_date_publi,Nous_suivre_sur_google_news,1er_clic,action\" class=\"btn btn--small btn--secondary\" rel=\"noopener\"><\/p>\n<p>      Google Actualit\u00e9s<br \/>\n  <\/a><\/p>\n<p>  Partager<\/p>\n<p>        Facebook<\/p>\n<p>        Bluesky<\/p>\n<p>        E-mail<\/p>\n<p>        Copier le lien<\/p>\n<p>      Envoyer<\/p>\n<p>    Temps de lecture\u00a0:\u00a01\u00a0min.<\/p>\n<p class=\"node__paragraphe antonia-750r text-grey-800 pb-20 pb-md-30\">\nPlusieurs centaines de personnes se sont rassembl\u00e9es ce mercredi 16\u00a0avril \u00e0 Paris et Marseille \u00e0 l\u2019appel d\u2019organisations de journalistes d\u00e9sirant marquer leur solidarit\u00e9 avec leurs confr\u00e8res tu\u00e9s \u00e0 Gaza, ont constat\u00e9 des journalistes de l\u2019AFP.<\/p>\n<p class=\"latino-500b text-grey-600 pb-15\">A lire aussi<\/p>\n<p><a href=\"https:\/\/www.nouvelobs.com\/monde\/20240111.OBS83136\/israel-cible-t-il-deliberement-les-journalistes-a-gaza.html\" data-article-key=\"20240111.OBS83136\" class=\"link--box flex-grow-1\" data-piano=\"Page_Article,Lire_aussi,,Lien1,navigation\" target=\"_blank\" rel=\"noopener\"><\/p>\n<p>                <img decoding=\"async\" src=\"data:image\/svg+xml,%3Csvg%20xmlns%3D%27http%3A%2F%2Fwww.w3.org%2F2000%2Fsvg%27%20fill%3D%22%23e4e4e4%22%20viewBox%3D%270%200%20120%2080%27%20width%3D%22120%22%20height%3D%2280%22%3E%3Cpath%20d%3D%27M0%200h120v80H0z%27%2F%3E%3C%2Fsvg%3E\"  width=\"120\" height=\"80\" loading=\"lazy\" alt=\"Entour\u00e9 de ses amis et coll\u00e8gues, le journaliste d\u2019Al-Jazeera Wa\u00ebl al-Dahdouh (2\u1d49 \u00e0 droite) fait ses adieux \u00e0 son fils Hamza al-Dahdouh et \u00e0 Moustafa Thuraya, \u00e9galement reporters, \u00e0 Rafah, dans le sud de la bande de Gaza, le 7 janvier 2024. \"\/><\/p>\n<p class=\"latino-300r latino-lg-600m text-grey-800\">\n                      <strong class=\"latino-300b latino-lg-600m text-grey-500\">Entretien\u00a0<\/strong><br \/>\n                    Isra\u00ebl cible-t-il d\u00e9lib\u00e9r\u00e9ment les journalistes \u00e0 Gaza\u00a0?        <\/p>\n<p class=\"latino-100m text-uppercase text-grey-600 py-10\">\n          Abonn\u00e9        <\/p>\n<p><\/a><\/p>\n<p>    Lire\u00a0plus\u00a0tard  <\/p>\n<p class=\"node__paragraphe antonia-750r text-grey-800 pb-20 pb-md-30\">\nA Paris, quelque 200 journalistes, dont <a href=\"https:\/\/www.nouvelobs.com\/societe\/20180124.OBS1128\/journaliste-militant-intellectuel-mediatique-qui-est-vraiment-edwy-plenel.html\" target=\"_blank\" rel=\"noopener\">le fondateur de Mediapart Edwy Plenel<\/a>, se sont symboliquement allong\u00e9s sur les marches de l\u2019Op\u00e9ra Bastille, \u00e0 mesure que les noms des victimes \u00e9taient \u00e9gren\u00e9s. Pr\u00e8s de 200 journalistes ont \u00e9t\u00e9 tu\u00e9s \u00e0 Gaza depuis le d\u00e9but de la guerre en octobre\u00a02023.<\/p>\n<p class=\"node__paragraphe antonia-750r text-grey-800 pb-20 pb-md-30\">\nIls portaient des dossards de presse macul\u00e9s de rouge et des photos des victimes. \u00ab\u00a0Gaza des visages, pas que des nombres\u00a0\u00bb, pouvait-on lire \u00e0 c\u00f4t\u00e9 des photos.<\/p>\n<p>\u00ab\u00a0Il n\u2019y a jamais autant eu de victimes dans notre profession\u00a0\u00bb<\/p>\n<p class=\"node__paragraphe antonia-750r text-grey-800 pb-20 pb-md-30\">\nDans la foule, des pancartes d\u2019organisations syndicales c\u00f4toyaient de nombreux drapeaux palestiniens et keffiehs. \u00ab\u00a0On ne se taira pas, g\u00e9nocide \u00e0 Gaza\u00a0\u00bb et \u00ab\u00a0Free Palestine\u00a0\u00bb, ont \u00e9galement scand\u00e9 quelques participants.<\/p>\n<p class=\"latino-500b text-grey-600 pb-15\">A lire aussi<\/p>\n<p><a href=\"https:\/\/www.nouvelobs.com\/monde\/20250402.OBS102253\/extension-de-l-operation-militaire-a-gaza-israel-continuera-de-pilonner-l-enclave-jusqu-a-ce-qu-il-n-y-ait-plus-rien-mais-surtout-plus-personne.html\" data-article-key=\"20250402.OBS102253\" class=\"link--box flex-grow-1\" data-piano=\"Page_Article,Lire_aussi,,Lien2,navigation\" target=\"_blank\" rel=\"noopener\"><\/p>\n<p>                <img decoding=\"async\" src=\"data:image\/svg+xml,%3Csvg%20xmlns%3D%27http%3A%2F%2Fwww.w3.org%2F2000%2Fsvg%27%20fill%3D%22%23e4e4e4%22%20viewBox%3D%270%200%20120%2080%27%20width%3D%22120%22%20height%3D%2280%22%3E%3Cpath%20d%3D%27M0%200h120v80H0z%27%2F%3E%3C%2Fsvg%3E\"  width=\"120\" height=\"80\" loading=\"lazy\" alt=\"Apr\u00e8s une frappe a\u00e9rienne isra\u00e9lienne \u00e0 Khan Youn\u00e8s, dans le sud de la bande de Gaza, le 2\u00a0avril 2025.\"\/><\/p>\n<p class=\"latino-300r latino-lg-600m text-grey-800\">\n                      <strong class=\"latino-300b latino-lg-600m text-grey-500\">Interview\u00a0<\/strong><br \/>\n                    Extension de l\u2019op\u00e9ration militaire \u00e0 Gaza\u00a0: \u00ab\u00a0Isra\u00ebl continuera de pilonner l\u2019enclave jusqu\u2019\u00e0 ce qu\u2019il n\u2019y ait plus rien, mais surtout plus personne\u00a0\u00bb        <\/p>\n<p class=\"latino-100m text-uppercase text-grey-600 py-10\">\n          En acc\u00e8s libre        <\/p>\n<p><\/a><\/p>\n<p>    Lire\u00a0plus\u00a0tard  <\/p>\n<p class=\"node__paragraphe antonia-750r text-grey-800 pb-20 pb-md-30\">\nLe dirigeant d\u2019un syndicat de journalistes palestiniens en Europe, Youssef Habash, a d\u00e9nonc\u00e9 un \u00ab\u00a0g\u00e9nocide\u00a0\u00bb et appel\u00e9 a la fin du blocus a Gaza.<\/p>\n<p class=\"node__paragraphe antonia-750r text-grey-800 pb-20 pb-md-30\">\nIl n\u2019y \u00ab\u00a0jamais eu autant de victimes dans notre profession. Le droit des citoyens du monde a \u00eatre inform\u00e9 est compromis\u00a0\u00bb, a estim\u00e9 Pablo Aiquel, secr\u00e9taire g\u00e9n\u00e9ral du SNJ-CGT, s\u2019exprimant au nom de la F\u00e9d\u00e9ration internationale des journalistes (FIJ).<\/p>\n<p class=\"node__paragraphe antonia-750r text-grey-800 pb-20 pb-md-30\">\n\u00ab\u00a0Ce rassemblement arrive tard, peut \u00eatre trop tard. (\u2026) Je n\u2019avais jamais vu un conflit o\u00f9 lorsqu\u2019un journaliste p\u00e9rit, on dit qu\u2019il \u00e9tait un terroriste\u00a0\u00bb, a de son c\u00f4t\u00e9 d\u00e9plor\u00e9 Thibaut Bruttin, directeur g\u00e9n\u00e9ral de Reporters sans fronti\u00e8res (RSF).<\/p>\n<p>160\u00a0personnes \u00e0 Marseille<\/p>\n<p class=\"node__paragraphe antonia-750r text-grey-800 pb-20 pb-md-30\">\nA Marseille, environ 160 personnes se sont r\u00e9unies sur le Vieux-Port. Les noms des journalistes tu\u00e9s \u00e0 Gaza ont \u00e9t\u00e9 cit\u00e9s, avant une minute de silence en leur hommage.<\/p>\n<p class=\"latino-500b text-grey-600 pb-15\">A lire aussi<\/p>\n<p><a href=\"https:\/\/www.nouvelobs.com\/monde\/20250415.OBS102782\/situation-humanitaire-a-gaza-les-conditions-de-vie-sont-absolument-inimaginables.html\" data-article-key=\"20250415.OBS102782\" class=\"link--box flex-grow-1\" data-piano=\"Page_Article,Lire_aussi,,Lien3,navigation\" target=\"_blank\" rel=\"noopener\"><\/p>\n<p>                <img decoding=\"async\" src=\"data:image\/svg+xml,%3Csvg%20xmlns%3D%27http%3A%2F%2Fwww.w3.org%2F2000%2Fsvg%27%20fill%3D%22%23e4e4e4%22%20viewBox%3D%270%200%20120%2080%27%20width%3D%22120%22%20height%3D%2280%22%3E%3Cpath%20d%3D%27M0%200h120v80H0z%27%2F%3E%3C%2Fsvg%3E\"  width=\"120\" height=\"80\" loading=\"lazy\" alt=\"Des Palestiniens se pressent pour recevoir de la nourriture lors d\u2019une distribution \u00e0 Deir al-Balah, dans le centre de la bande de Gaza, le 16\u00a0janvier 2025.\"\/><\/p>\n<p class=\"latino-300r latino-lg-600m text-grey-800\">\n                      <strong class=\"latino-300b latino-lg-600m text-grey-500\">Interview\u00a0<\/strong><br \/>\n                    Situation humanitaire \u00e0 Gaza\u00a0: \u00ab\u00a0Les conditions de vie sont absolument inimaginables\u00a0\u00bb        <\/p>\n<p class=\"latino-100m text-uppercase text-grey-600 py-10\">\n          Abonn\u00e9        <\/p>\n<p><\/a><\/p>\n<p>    Lire\u00a0plus\u00a0tard  <\/p>\n<p class=\"node__paragraphe antonia-750r text-grey-800 pb-20 pb-md-30\">\nDans<a target=\"_blank\" href=\"https:\/\/www.lemonde.fr\/idees\/article\/2025\/04\/13\/nous-journalistes-francais-nous-declarons-solidaires-de-nos-collegues-de-gaza_6595257_3232.html\" rel=\"noopener\"> une tribune publi\u00e9e ce lundi par le quotidien \u00ab\u00a0Le Monde\u00a0\u00bb<\/a>, plusieurs organisations, dont les syndicats de journaliste SNJ, CGT et CFDT, RSF, la FIJ et une quarantaine de soci\u00e9t\u00e9s de journalistes ou r\u00e9dactions de divers m\u00e9dias, dont l\u2019AFP, avaient d\u00e9nonc\u00e9 \u00ab\u00a0une h\u00e9catombe d\u2019une magnitude jamais vue\u00a0\u00bb.<\/p>\n<p class=\"node__paragraphe antonia-750r text-grey-800 pb-20 pb-md-30\">\n\u00ab\u00a0L\u2019arm\u00e9e isra\u00e9lienne cherche \u00e0 imposer un black-out m\u00e9diatique sur Gaza, \u00e0 r\u00e9duire au silence, autant que possible, les t\u00e9moins des crimes de guerre commis par ses troupes\u00a0\u00bb, avaient-elles accus\u00e9.<\/p>\n<p class=\"node__paragraphe antonia-750r text-grey-800 pb-20 pb-md-30\">\nLa guerre \u00e0 Gaza a \u00e9t\u00e9 d\u00e9clench\u00e9e par l\u2019attaque sans pr\u00e9c\u00e9dent perp\u00e9tr\u00e9e le 7\u00a0octobre 2023 par le Hamas contre le sud d\u2019Isra\u00ebl. Cette attaque a entra\u00een\u00e9 la mort de 1\u00a0218 personnes c\u00f4t\u00e9 isra\u00e9lien, en majorit\u00e9 des civils, selon un d\u00e9compte de l\u2019AFP bas\u00e9 sur des chiffres officiels. Sur 251 personnes alors enlev\u00e9es, 58 sont toujours retenues \u00e0 Gaza dont 34 mortes, selon l\u2019arm\u00e9e.<\/p>\n<p class=\"node__paragraphe antonia-750r text-grey-800 pb-20 pb-md-30\">\nSelon le minist\u00e8re de la Sant\u00e9 du Hamas, le nombre de morts \u00e0 Gaza depuis le d\u00e9but de la riposte isra\u00e9lienne s\u2019\u00e9l\u00e8ve \u00e0 51\u00a0025, des donn\u00e9es jug\u00e9es fiables par l\u2019ONU.<\/p>\n<p class=\"latino-600m text-grey-800\">\n<p>  Par<br \/>\nLe Nouvel Obs avec AFP    <\/p>\n","protected":false},"excerpt":{"rendered":"Par Le Nouvel Obs avec AFP Publi\u00e9 le 16 avril 2025 \u00e0 21h14 Un rassemblement devant l\u2019Opera Bastille&hellip;\n","protected":false},"author":2,"featured_media":30682,"comment_status":"","ping_status":"","sticky":false,"template":"","format":"standard","meta":{"footnotes":""},"categories":[1888],"tags":[10546,17,11,1777,674,1011,27,665,8299,884,74,12,626,10469,25,7618,10470],"class_list":{"0":"post-30681","1":"post","2":"type-post","3":"status-publish","4":"format-standard","5":"has-post-thumbnail","7":"category-paris","8":"tag-10546","9":"tag-17","10":"tag-actualites","11":"tag-eu","12":"tag-europe","13":"tag-fr","14":"tag-france","15":"tag-gaza","16":"tag-journalistes","17":"tag-marseille","18":"tag-monde","19":"tag-news","20":"tag-paris","21":"tag-rassemblements","22":"tag-republique-francaise","23":"tag-soutien","24":"tag-tues"},"share_on_mastodon":{"url":"https:\/\/pubeurope.com\/@fr\/114351180725060775","error":""},"_links":{"self":[{"href":"https:\/\/www.europesays.com\/fr\/wp-json\/wp\/v2\/posts\/30681","targetHints":{"allow":["GET"]}}],"collection":[{"href":"https:\/\/www.europesays.com\/fr\/wp-json\/wp\/v2\/posts"}],"about":[{"href":"https:\/\/www.europesays.com\/fr\/wp-json\/wp\/v2\/types\/post"}],"author":[{"embeddable":true,"href":"https:\/\/www.europesays.com\/fr\/wp-json\/wp\/v2\/users\/2"}],"replies":[{"embeddable":true,"href":"https:\/\/www.europesays.com\/fr\/wp-json\/wp\/v2\/comments?post=30681"}],"version-history":[{"count":0,"href":"https:\/\/www.europesays.com\/fr\/wp-json\/wp\/v2\/posts\/30681\/revisions"}],"wp:featuredmedia":[{"embeddable":true,"href":"https:\/\/www.europesays.com\/fr\/wp-json\/wp\/v2\/media\/30682"}],"wp:attachment":[{"href":"https:\/\/www.europesays.com\/fr\/wp-json\/wp\/v2\/media?parent=30681"}],"wp:term":[{"taxonomy":"category","embeddable":true,"href":"https:\/\/www.europesays.com\/fr\/wp-json\/wp\/v2\/categories?post=30681"},{"taxonomy":"post_tag","embeddable":true,"href":"https:\/\/www.europesays.com\/fr\/wp-json\/wp\/v2\/tags?post=30681"}],"curies":[{"name":"wp","href":"https:\/\/api.w.org\/{rel}","templated":true}]}}