{"id":306812,"date":"2025-08-09T07:07:10","date_gmt":"2025-08-09T07:07:10","guid":{"rendered":"https:\/\/www.europesays.com\/fr\/306812\/"},"modified":"2025-08-09T07:07:10","modified_gmt":"2025-08-09T07:07:10","slug":"donald-trump-evoque-un-echange-de-territoire-avec-la-russie-les-ukrainiens-ne-cederont-pas-leur-terre-a-loccupant-previent-volodymyr-zelensk","status":"publish","type":"post","link":"https:\/\/www.europesays.com\/fr\/306812\/","title":{"rendered":"Donald Trump \u00e9voque un \u00ab\u00a0\u00e9change de territoire \u00bb avec la Russie\u00a0; \u00ab\u00a0Les Ukrainiens ne c\u00e9deront pas leur terre \u00e0 l\u2019occupant\u00a0\u00bb, pr\u00e9vient Volodymyr Zelensky"},"content":{"rendered":"<p>   Volodymyr Zelensky met en garde contre des \u00ab\u00a0d\u00e9cisions prises sans l\u2019Ukraine\u00a0\u00bb             <\/p>\n<p class=\"post__live-container--answer-text post__space-node\">Dans un <a href=\"https:\/\/t.me\/V_Zelenskiy_official\/15575\" target=\"_blank\" rel=\"noopener nofollow\" title=\"Nouvelle fen\u00eatre\">message post\u00e9 sur les r\u00e9seaux sociaux<\/a>, le pr\u00e9sident ukrainien adresse une mise en garde apr\u00e8s l\u2019annonce d\u2019une rencontre entre Donald Trump et Vladimir Poutine en Alaska le 15\u00a0ao\u00fbt pour tenter de mettre fin \u00e0 la guerre en Ukraine d\u00e9clench\u00e9e par la Russie.<\/p>\n<p class=\"post__live-container--answer-text post__space-node\">\u00ab\u00a0Les Ukrainiens d\u00e9fendent ce qui leur appartient. (\u2026) Le peuple ukrainien m\u00e9rite la paix. Mais tous les partenaires doivent comprendre ce qu\u2019est une paix digne. Cette guerre doit \u00eatre termin\u00e9e, et c\u2019est \u00e0 la Russie de la finir. C\u2019est la Russie qui l\u2019a commenc\u00e9e et qui la prolonge, sans \u00e9couter aucun d\u00e9lai, et c\u2019est bien cela le probl\u00e8me, pas autre chose. (\u2026)\u00a0\u00bb, d\u00e9clare Volodymyr Zelensky.<\/p>\n<p class=\"post__live-container--answer-text post__space-node\">\u00ab\u00a0Les Ukrainiens ne c\u00e9deront pas leur terre \u00e0 l\u2019occupant. L\u2019Ukraine est pr\u00eate \u00e0 prendre de vraies d\u00e9cisions qui peuvent apporter la paix. Toute d\u00e9cision qui est contre nous, toute d\u00e9cision prise sans l\u2019Ukraine, est en m\u00eame temps une d\u00e9cision contre la paix. Elles n\u2019apporteront rien. (\u2026). Nous sommes pr\u00eats, avec le pr\u00e9sident Trump, avec tous nos partenaires, \u00e0 travailler pour une paix r\u00e9elle et surtout durable\u00a0: une paix qui ne s\u2019effondrera pas \u00e0 cause de la volont\u00e9 de Moscou\u00a0\u00bb.<\/p>\n<p class=\"post__live-container--answer-text post__space-node\">Moscou r\u00e9clame que l\u2019Ukraine lui c\u00e8de quatre r\u00e9gions partiellement occup\u00e9es (celles de Donetsk, Lougansk, Zaporijia et Kherson), en plus de la Crim\u00e9e annex\u00e9e en\u00a02014, et qu\u2019elle renonce aux livraisons d\u2019armes occidentales et \u00e0 toute adh\u00e9sion \u00e0 l\u2019OTAN.<\/p>\n<p class=\"post__live-container--answer-text post__space-node\">Des exigences inacceptables pour Kiev, qui veut le retrait des troupes russes et des garanties de s\u00e9curit\u00e9 occidentales, dont la poursuite des livraisons d\u2019armes et le d\u00e9ploiement d\u2019un contingent europ\u00e9en, ce \u00e0 quoi s\u2019oppose la Russie. L\u2019Ukraine demande aussi, de concert avec ses alli\u00e9s europ\u00e9ens, un cessez-le-feu de 30 jours, auquel se refusent les Russes.<\/p>\n","protected":false},"excerpt":{"rendered":"Volodymyr Zelensky met en garde contre des \u00ab\u00a0d\u00e9cisions prises sans l\u2019Ukraine\u00a0\u00bb Dans un message post\u00e9 sur les r\u00e9seaux&hellip;\n","protected":false},"author":2,"featured_media":306813,"comment_status":"","ping_status":"","sticky":false,"template":"","format":"standard","meta":{"footnotes":""},"categories":[5],"tags":[11,1011,27,14,12,28],"class_list":{"0":"post-306812","1":"post","2":"type-post","3":"status-publish","4":"format-standard","5":"has-post-thumbnail","7":"category-international","8":"tag-actualites","9":"tag-fr","10":"tag-france","11":"tag-international","12":"tag-news","13":"tag-world"},"share_on_mastodon":{"url":"https:\/\/pubeurope.com\/@fr\/114997549067234973","error":""},"_links":{"self":[{"href":"https:\/\/www.europesays.com\/fr\/wp-json\/wp\/v2\/posts\/306812","targetHints":{"allow":["GET"]}}],"collection":[{"href":"https:\/\/www.europesays.com\/fr\/wp-json\/wp\/v2\/posts"}],"about":[{"href":"https:\/\/www.europesays.com\/fr\/wp-json\/wp\/v2\/types\/post"}],"author":[{"embeddable":true,"href":"https:\/\/www.europesays.com\/fr\/wp-json\/wp\/v2\/users\/2"}],"replies":[{"embeddable":true,"href":"https:\/\/www.europesays.com\/fr\/wp-json\/wp\/v2\/comments?post=306812"}],"version-history":[{"count":0,"href":"https:\/\/www.europesays.com\/fr\/wp-json\/wp\/v2\/posts\/306812\/revisions"}],"wp:featuredmedia":[{"embeddable":true,"href":"https:\/\/www.europesays.com\/fr\/wp-json\/wp\/v2\/media\/306813"}],"wp:attachment":[{"href":"https:\/\/www.europesays.com\/fr\/wp-json\/wp\/v2\/media?parent=306812"}],"wp:term":[{"taxonomy":"category","embeddable":true,"href":"https:\/\/www.europesays.com\/fr\/wp-json\/wp\/v2\/categories?post=306812"},{"taxonomy":"post_tag","embeddable":true,"href":"https:\/\/www.europesays.com\/fr\/wp-json\/wp\/v2\/tags?post=306812"}],"curies":[{"name":"wp","href":"https:\/\/api.w.org\/{rel}","templated":true}]}}