{"id":306817,"date":"2025-08-09T07:10:14","date_gmt":"2025-08-09T07:10:14","guid":{"rendered":"https:\/\/www.europesays.com\/fr\/306817\/"},"modified":"2025-08-09T07:10:14","modified_gmt":"2025-08-09T07:10:14","slug":"des-jumeaux-numeriques-au-chevet-du-bloc-operatoire","status":"publish","type":"post","link":"https:\/\/www.europesays.com\/fr\/306817\/","title":{"rendered":"Des jumeaux num\u00e9riques au chevet du bloc op\u00e9ratoire"},"content":{"rendered":"<p class=\"is-style-chapo\">La gestion des blocs op\u00e9ratoires peut \u00eatre un vrai casse-t\u00eate. A Saint-Etienne, un projet de recherche innovant, les jumeaux num\u00e9riques, entend am\u00e9liorer la planification, la prise de d\u00e9cision, ainsi que la prise en charge du patient.<\/p>\n<p><img loading=\"lazy\" decoding=\"async\" width=\"1024\" height=\"576\" src=\"https:\/\/www.europesays.com\/fr\/wp-content\/uploads\/2025\/08\/doctor-79579_1280-1-1024x576.jpg\" alt=\"\" class=\"wp-image-80244\"  \/><\/p>\n<p>\u00ab Jamais une journ\u00e9e ne se passe comme pr\u00e9vu au bloc op\u00e9ratoire\u00a0\u00bb, constate Marie-Paule Bourbon, directrice du plateau technique de la clinique Mutualiste. Op\u00e9ration annul\u00e9e ou report\u00e9e, patient en retard ou malade, peuvent vite venir enrayer une machine pourtant bien huil\u00e9e. Ces al\u00e9as ne sont pas des exceptions et am\u00e8nent \u00e0 devoir d\u00e9caler une intervention, et donc \u00e0 avoir de la visibilit\u00e9 sur la disponibilit\u00e9 des blocs, savoir quel chirurgien est disponible, etc. Le tout avec une prise de d\u00e9cision qui doit \u00eatre rapide.<\/p>\n<p>Pour venir en aide aux soignants, la clinique mutualiste <a href=\"https:\/\/www.if-saint-etienne.fr\/economie\/a-champdieu-dessintey-teste-un-concept-dauto-reeducation-guidee\" target=\"_blank\" rel=\"noreferrer noopener\">A\u00e9sio Sant\u00e9<\/a> et l\u2019\u00e9cole des <a href=\"https:\/\/www.mines-stetienne.fr\/\" target=\"_blank\" rel=\"noreferrer noopener\">Mines de Saint-Etienne<\/a>, travaillent \u00e0 un projet novateur visant \u00e0 r\u00e9volutionner l\u2019organisation et la gestion des blocs op\u00e9ratoires, gr\u00e2ce aux jumeaux num\u00e9riques. Un projet port\u00e9 par le groupe A\u00e9sio Sant\u00e9 et co-financ\u00e9 par le Fonds avenir sant\u00e9 num\u00e9rique. \u00ab\u00a0Lors d\u2019un congr\u00e8s d\u2019ing\u00e9nierie de la sant\u00e9 \u00e0 la facult\u00e9 de m\u00e9decine, il y a quelques ann\u00e9es, j\u2019ai rencontr\u00e9 une \u00e9tudiante qui avait mis ce projet au point, explique le docteur Fran\u00e7ois Dufour, m\u00e9decin anesth\u00e9siste. Cela a pris quelques ann\u00e9es ensuite pour trouver les financements, et le projet a finalement d\u00e9marr\u00e9 en fin d\u2019ann\u00e9e derni\u00e8re\u00a0\u00bb.<\/p>\n<p>Une vue d\u2019ensemble<\/p>\n<p>Tous les jours, il y a un programme \u00e9tabli des op\u00e9rations au sein des blocs. Ainsi, les soignants savent combien de temps doit durer chaque intervention, qui occupe tel bloc, avec quelle \u00e9quipe, etc. Cette organisation est d\u00e9roul\u00e9e de semaine en semaine. Mais souvent, les m\u00e9decins se rendent compte que ce qui est programm\u00e9 ne refl\u00e8te pas la r\u00e9alit\u00e9 a posteriori. \u00ab\u00a0Le jumeau num\u00e9rique d\u00e9di\u00e9 au bloc va d\u00e9rouler le programme tel qu\u2019il aurait d\u00fb se passer, d\u00e9taille le m\u00e9decin. Le but est de revoir notre programmation. Si toutes les semaines, une m\u00eame op\u00e9ration dure 2 heures alors qu\u2019il est not\u00e9 1h30, cela permet de pouvoir ajuster les choses\u00a0\u00bb. <\/p>\n<p>De la m\u00eame fa\u00e7on, si un patient ne peut \u00eatre op\u00e9r\u00e9 parce qu\u2019il est malade, le jumeau num\u00e9rique, qui a une vision d\u2019ensemble, saura imm\u00e9diatement quand reprogrammer l\u2019intervention et comment occuper le bloc vide. \u00ab\u00a0C\u2019est quelque chose que l\u2019on fait d\u00e9j\u00e0, mais de mani\u00e8re artisanale, ajoute Marie-Paule Bourbon. La sant\u00e9 co\u00fbte cher et on ne peut pas se permettre d\u2019avoir une salle d\u2019op\u00e9ration vide\u00a0\u00bb.<\/p>\n<p>Optimiser la prise en charge<\/p>\n<p>Dans ce projet, un jumeau num\u00e9rique est \u00e9galement d\u00e9di\u00e9 au patient. Il est quant \u00e0 lui charg\u00e9 de mod\u00e9liser son parcours, pour anticiper les diff\u00e9rentes \u00e9tapes et optimiser sa prise en charge, selon son profil et ses pathologies. Mais pour le projet n\u2019en est qu\u2019\u00e0 la premi\u00e8re phase de son d\u00e9veloppement. \u00ab\u00a0Nous avons r\u00e9alis\u00e9 une phase d\u2019\u00e9tudes initiale avec une analyse du flux des malades pour faire une mod\u00e9lisation informatique de ces donn\u00e9es, explique Fran\u00e7ois Dufour. La seconde phase consiste \u00e0 rendre cet outil op\u00e9rationnel afin qu\u2019il puisse \u00e9changer avec notre outil informatique. Le but \u00e9tant que ce soit une aide \u00e0 la d\u00e9cision pour nous, mais la main humaine aura toujours le dernier mot\u00a0\u00bb.<\/p>\n<p>Pour l\u2019instant, les donn\u00e9es ne sont pas exploitables et consistent en des tableaux remplis de chiffres, que cette seconde phase pourra analyser. \u00ab\u00a0Pour cela, il faut trouver les personnes comp\u00e9tentes. On esp\u00e8re que ce sera fait dans l\u2019ann\u00e9e, mais les profils ne sont pas simples \u00e0 trouver\u00a0\u00bb.<\/p>\n","protected":false},"excerpt":{"rendered":"La gestion des blocs op\u00e9ratoires peut \u00eatre un vrai casse-t\u00eate. A Saint-Etienne, un projet de recherche innovant, les&hellip;\n","protected":false},"author":2,"featured_media":306818,"comment_status":"","ping_status":"","sticky":false,"template":"","format":"standard","meta":{"footnotes":""},"categories":[9653],"tags":[1111,11,32173,2430,44741,16350,44742,1777,674,1011,27,44743,12,25,4001],"class_list":{"0":"post-306817","1":"post","2":"type-post","3":"status-publish","4":"format-standard","5":"has-post-thumbnail","7":"category-saint-etienne","8":"tag-actu","9":"tag-actualites","10":"tag-aesio-sante","11":"tag-auvergne-rhone-alpes","12":"tag-clinique-mutualiste-saint-etienne","13":"tag-constructif","14":"tag-ecole-des-mines-saint-etienne","15":"tag-eu","16":"tag-europe","17":"tag-fr","18":"tag-france","19":"tag-jumeaux-numeriques","20":"tag-news","21":"tag-republique-francaise","22":"tag-saint-etienne"},"share_on_mastodon":{"url":"https:\/\/pubeurope.com\/@fr\/114997561063747383","error":""},"_links":{"self":[{"href":"https:\/\/www.europesays.com\/fr\/wp-json\/wp\/v2\/posts\/306817","targetHints":{"allow":["GET"]}}],"collection":[{"href":"https:\/\/www.europesays.com\/fr\/wp-json\/wp\/v2\/posts"}],"about":[{"href":"https:\/\/www.europesays.com\/fr\/wp-json\/wp\/v2\/types\/post"}],"author":[{"embeddable":true,"href":"https:\/\/www.europesays.com\/fr\/wp-json\/wp\/v2\/users\/2"}],"replies":[{"embeddable":true,"href":"https:\/\/www.europesays.com\/fr\/wp-json\/wp\/v2\/comments?post=306817"}],"version-history":[{"count":0,"href":"https:\/\/www.europesays.com\/fr\/wp-json\/wp\/v2\/posts\/306817\/revisions"}],"wp:featuredmedia":[{"embeddable":true,"href":"https:\/\/www.europesays.com\/fr\/wp-json\/wp\/v2\/media\/306818"}],"wp:attachment":[{"href":"https:\/\/www.europesays.com\/fr\/wp-json\/wp\/v2\/media?parent=306817"}],"wp:term":[{"taxonomy":"category","embeddable":true,"href":"https:\/\/www.europesays.com\/fr\/wp-json\/wp\/v2\/categories?post=306817"},{"taxonomy":"post_tag","embeddable":true,"href":"https:\/\/www.europesays.com\/fr\/wp-json\/wp\/v2\/tags?post=306817"}],"curies":[{"name":"wp","href":"https:\/\/api.w.org\/{rel}","templated":true}]}}