{"id":306822,"date":"2025-08-09T07:15:14","date_gmt":"2025-08-09T07:15:14","guid":{"rendered":"https:\/\/www.europesays.com\/fr\/306822\/"},"modified":"2025-08-09T07:15:14","modified_gmt":"2025-08-09T07:15:14","slug":"le-jardin-alexandre-1er-a-toulon-soffre-une-nouvelle-jeunesse-au-coeur-du-quartier-chalucet","status":"publish","type":"post","link":"https:\/\/www.europesays.com\/fr\/306822\/","title":{"rendered":"Le Jardin Alexandre 1er \u00e0 Toulon s\u2019offre une nouvelle jeunesse au c\u0153ur du quartier Chalucet"},"content":{"rendered":"<p>Enti\u00e8rement r\u00e9nov\u00e9 et agrandi, le Jardin Alexandre 1er offre un nouvel espace de d\u00e9tente et de culture au c\u0153ur de Toulon.<\/p>\n<p><img fetchpriority=\"high\" decoding=\"async\" width=\"1200\" height=\"800\" alt=\"Jardin Alexandre 1er Toulon Chalucet\" title=\"park-bench-7558357_1280\" src=\"https:\/\/www.europesays.com\/fr\/wp-content\/uploads\/2025\/08\/park-bench-7558357_1280.webp.webp\" class=\"img-responsive wp-image-73602\"\/><\/p>\n<p>Jardin Alexandre 1er Toulon \u2013\u00a0 CREDIT : pixabay<\/p>\n<p data-start=\"135\" data-end=\"508\"><strong data-start=\"135\" data-end=\"174\">Un \u00e9crin de verdure au centre-ville<\/strong><br data-start=\"174\" data-end=\"177\"\/>En plein c\u0153ur de Toulon, le Jardin Alexandre 1er s\u2019impose comme l\u2019un des espaces verts embl\u00e9matiques de la ville. Int\u00e9gr\u00e9 au nouveau quartier de la Cr\u00e9ativit\u00e9 et de la Connaissance \u2026<\/p>\n<p>Lire la suite dans l\u2019article <a href=\"https:\/\/www.varactu.fr\/le-jardin-alexandre-1er-a-toulon-soffre-une-nouvelle-jeunesse-au-coeur-du-quartier-chalucet\/\" rel=\"nofollow noopener\" target=\"_blank\">Le Jardin Alexandre 1er \u00e0 Toulon s\u2019offre une nouvelle jeunesse au c\u0153ur du quartier Chalucet<\/a> qui est apparu en premier sur <a href=\"https:\/\/www.varactu.fr\" rel=\"nofollow noopener\" target=\"_blank\">Var Actu<\/a>.<\/p>\n","protected":false},"excerpt":{"rendered":"Enti\u00e8rement r\u00e9nov\u00e9 et agrandi, le Jardin Alexandre 1er offre un nouvel espace de d\u00e9tente et de culture au&hellip;\n","protected":false},"author":2,"featured_media":306823,"comment_status":"","ping_status":"","sticky":false,"template":"","format":"standard","meta":{"footnotes":""},"categories":[9619],"tags":[1111,11,1777,674,1011,27,12,882,25,2310],"class_list":{"0":"post-306822","1":"post","2":"type-post","3":"status-publish","4":"format-standard","5":"has-post-thumbnail","7":"category-toulon","8":"tag-actu","9":"tag-actualites","10":"tag-eu","11":"tag-europe","12":"tag-fr","13":"tag-france","14":"tag-news","15":"tag-provence-alpes-cote-dazur","16":"tag-republique-francaise","17":"tag-toulon"},"share_on_mastodon":{"url":"https:\/\/pubeurope.com\/@fr\/114997580706553372","error":""},"_links":{"self":[{"href":"https:\/\/www.europesays.com\/fr\/wp-json\/wp\/v2\/posts\/306822","targetHints":{"allow":["GET"]}}],"collection":[{"href":"https:\/\/www.europesays.com\/fr\/wp-json\/wp\/v2\/posts"}],"about":[{"href":"https:\/\/www.europesays.com\/fr\/wp-json\/wp\/v2\/types\/post"}],"author":[{"embeddable":true,"href":"https:\/\/www.europesays.com\/fr\/wp-json\/wp\/v2\/users\/2"}],"replies":[{"embeddable":true,"href":"https:\/\/www.europesays.com\/fr\/wp-json\/wp\/v2\/comments?post=306822"}],"version-history":[{"count":0,"href":"https:\/\/www.europesays.com\/fr\/wp-json\/wp\/v2\/posts\/306822\/revisions"}],"wp:featuredmedia":[{"embeddable":true,"href":"https:\/\/www.europesays.com\/fr\/wp-json\/wp\/v2\/media\/306823"}],"wp:attachment":[{"href":"https:\/\/www.europesays.com\/fr\/wp-json\/wp\/v2\/media?parent=306822"}],"wp:term":[{"taxonomy":"category","embeddable":true,"href":"https:\/\/www.europesays.com\/fr\/wp-json\/wp\/v2\/categories?post=306822"},{"taxonomy":"post_tag","embeddable":true,"href":"https:\/\/www.europesays.com\/fr\/wp-json\/wp\/v2\/tags?post=306822"}],"curies":[{"name":"wp","href":"https:\/\/api.w.org\/{rel}","templated":true}]}}