{"id":306824,"date":"2025-08-09T07:16:12","date_gmt":"2025-08-09T07:16:12","guid":{"rendered":"https:\/\/www.europesays.com\/fr\/306824\/"},"modified":"2025-08-09T07:16:12","modified_gmt":"2025-08-09T07:16:12","slug":"mehdi-beneddine-sc-toulon","status":"publish","type":"post","link":"https:\/\/www.europesays.com\/fr\/306824\/","title":{"rendered":"Mehdi BENEDDINE &#8211; SC Toulon"},"content":{"rendered":"<p><a href=\"http:\/\/www.sctoulon.fr\/wp-content\/uploads\/2025\/08\/MB.png\" rel=\"nofollow noopener\" target=\"_blank\"><img loading=\"lazy\" decoding=\"async\" class=\"alignright size-medium wp-image-11689\" src=\"https:\/\/www.europesays.com\/fr\/wp-content\/uploads\/2025\/08\/MB-400x350.png\" alt=\"\" width=\"400\" height=\"350\"  \/><\/a>Mehdi BENEDDINE vient renforcer la d\u00e9fense Azur et Or !<\/p>\n<p>Form\u00e9 \u00e0 l\u2019AS Monaco, ce lat\u00e9ral gauche a connu la premi\u00e8re division alg\u00e9rienne avec l\u2019USM Alger o\u00f9 il a notamment disput\u00e9 la Coupe de la CAF. Il a \u00e9galement \u00e9volu\u00e9 en National avec QRM, Ch\u00e2teauroux et N\u00eemes.<\/p>\n<p>Bienvenue \u00e0 Toulon !<\/p>\n","protected":false},"excerpt":{"rendered":"Mehdi BENEDDINE vient renforcer la d\u00e9fense Azur et Or ! Form\u00e9 \u00e0 l\u2019AS Monaco, ce lat\u00e9ral gauche a&hellip;\n","protected":false},"author":2,"featured_media":306825,"comment_status":"","ping_status":"","sticky":false,"template":"","format":"standard","meta":{"footnotes":""},"categories":[9619],"tags":[1111,11,1777,674,1011,27,12,882,25,2310],"class_list":{"0":"post-306824","1":"post","2":"type-post","3":"status-publish","4":"format-standard","5":"has-post-thumbnail","7":"category-toulon","8":"tag-actu","9":"tag-actualites","10":"tag-eu","11":"tag-europe","12":"tag-fr","13":"tag-france","14":"tag-news","15":"tag-provence-alpes-cote-dazur","16":"tag-republique-francaise","17":"tag-toulon"},"share_on_mastodon":{"url":"https:\/\/pubeurope.com\/@fr\/114997584514220797","error":""},"_links":{"self":[{"href":"https:\/\/www.europesays.com\/fr\/wp-json\/wp\/v2\/posts\/306824","targetHints":{"allow":["GET"]}}],"collection":[{"href":"https:\/\/www.europesays.com\/fr\/wp-json\/wp\/v2\/posts"}],"about":[{"href":"https:\/\/www.europesays.com\/fr\/wp-json\/wp\/v2\/types\/post"}],"author":[{"embeddable":true,"href":"https:\/\/www.europesays.com\/fr\/wp-json\/wp\/v2\/users\/2"}],"replies":[{"embeddable":true,"href":"https:\/\/www.europesays.com\/fr\/wp-json\/wp\/v2\/comments?post=306824"}],"version-history":[{"count":0,"href":"https:\/\/www.europesays.com\/fr\/wp-json\/wp\/v2\/posts\/306824\/revisions"}],"wp:featuredmedia":[{"embeddable":true,"href":"https:\/\/www.europesays.com\/fr\/wp-json\/wp\/v2\/media\/306825"}],"wp:attachment":[{"href":"https:\/\/www.europesays.com\/fr\/wp-json\/wp\/v2\/media?parent=306824"}],"wp:term":[{"taxonomy":"category","embeddable":true,"href":"https:\/\/www.europesays.com\/fr\/wp-json\/wp\/v2\/categories?post=306824"},{"taxonomy":"post_tag","embeddable":true,"href":"https:\/\/www.europesays.com\/fr\/wp-json\/wp\/v2\/tags?post=306824"}],"curies":[{"name":"wp","href":"https:\/\/api.w.org\/{rel}","templated":true}]}}