{"id":306834,"date":"2025-08-09T07:25:10","date_gmt":"2025-08-09T07:25:10","guid":{"rendered":"https:\/\/www.europesays.com\/fr\/306834\/"},"modified":"2025-08-09T07:25:10","modified_gmt":"2025-08-09T07:25:10","slug":"malgre-linterdiction-de-son-spectacle-par-la-prefecture-dille-et-vilaine-dieudonne-est-monte-sur-scene","status":"publish","type":"post","link":"https:\/\/www.europesays.com\/fr\/306834\/","title":{"rendered":"Malgr\u00e9 l\u2019interdiction de son spectacle par la pr\u00e9fecture d\u2019Ille-et-Vilaine, Dieudonn\u00e9 est mont\u00e9 sur sc\u00e8ne"},"content":{"rendered":"<p>Comme \u00e0 son habitude, le lieu a \u00e9t\u00e9 tenu secret jusqu\u2019\u00e0 la derni\u00e8re minute. Finalement, c\u2019est chez un particulier de Sens-de-Bretagne (35), une commune situ\u00e9e \u00e0 30 km du nord de Rennes, que Dieudonn\u00e9 s\u2019est produit, ce vendredi 8 ao\u00fbt. Et ce, malgr\u00e9 l\u2019arr\u00eat\u00e9 pris la veille par la pr\u00e9fecture d\u2019Ille-et-Vilaine interdisant sa repr\u00e9sentation. Cette derni\u00e8re pointait un \u00ab risque \u00e9lev\u00e9 que soient, \u00e0 nouveau, tenus des propos constitutifs d\u2019une infraction p\u00e9nale ou de nature \u00e0 porter atteinte \u00e0 la dignit\u00e9 de la personne humaine \u00bb.<\/p>\n<p>Une centaine de personnes se sont d\u00e9plac\u00e9es pour voir le pol\u00e9miste, selon le journaliste du T\u00e9l\u00e9gramme pr\u00e9sent sur place. Le chanteur Francis Lalanne, qui s\u2019est r\u00e9cemment fait remarquer pour ses d\u00e9clarations conspirationnistes, assurait la premi\u00e8re partie.<\/p>\n<p>Pas d\u2019interruption\u2026 mais des poursuites p\u00e9nales ?<\/p>\n<p>Fin juillet, dans le Pas-de-Calais, les gendarmes avaient interrompu la repr\u00e9sentation, alors que le pr\u00e9fet de ce d\u00e9partement avait pris un arr\u00eat\u00e9 similaire. En Ille-et-Vilaine, les forces de l\u2019ordre sont \u00e9galement venues sur place, afin de constater que Dieudonn\u00e9 ne respectait pas l\u2019interdiction mais elles ont laiss\u00e9 le spectacle se tenir. Le pol\u00e9miste s\u2019expose cependant \u00e0 des poursuites p\u00e9nales, indique la gendarmerie.<\/p>\n<p>Qu\u2019en sera-t-il \u00e0 Lorient ? Dieudonn\u00e9 est attendu ce samedi \u00ab dans un rayon de 30 km \u00bb autour de la ville morbihannaise. Et, l\u00e0 aussi, <a href=\"https:\/\/www.letelegramme.fr\/morbihan\/lorient-56100\/aurais-je-le-droit-cette-fois-ci-a-lintervention-du-raid-ou-du-gign-le-spectacle-de-dieudonne-interdit-a-lorient-6867697.php\" target=\"_blank\" rel=\"nofollow noopener\">les autorit\u00e9s lui ont interdit de se produire<\/a>.<\/p>\n","protected":false},"excerpt":{"rendered":"Comme \u00e0 son habitude, le lieu a \u00e9t\u00e9 tenu secret jusqu\u2019\u00e0 la derni\u00e8re minute. Finalement, c\u2019est chez un&hellip;\n","protected":false},"author":2,"featured_media":306835,"comment_status":"","ping_status":"","sticky":false,"template":"","format":"standard","meta":{"footnotes":""},"categories":[2821],"tags":[1111,11,829,765,1777,674,1011,27,12,584,25],"class_list":{"0":"post-306834","1":"post","2":"type-post","3":"status-publish","4":"format-standard","5":"has-post-thumbnail","7":"category-rennes","8":"tag-actu","9":"tag-actualites","10":"tag-bretagne","11":"tag-en-continu","12":"tag-eu","13":"tag-europe","14":"tag-fr","15":"tag-france","16":"tag-news","17":"tag-rennes","18":"tag-republique-francaise"},"share_on_mastodon":{"url":"https:\/\/pubeurope.com\/@fr\/114997620382974290","error":""},"_links":{"self":[{"href":"https:\/\/www.europesays.com\/fr\/wp-json\/wp\/v2\/posts\/306834","targetHints":{"allow":["GET"]}}],"collection":[{"href":"https:\/\/www.europesays.com\/fr\/wp-json\/wp\/v2\/posts"}],"about":[{"href":"https:\/\/www.europesays.com\/fr\/wp-json\/wp\/v2\/types\/post"}],"author":[{"embeddable":true,"href":"https:\/\/www.europesays.com\/fr\/wp-json\/wp\/v2\/users\/2"}],"replies":[{"embeddable":true,"href":"https:\/\/www.europesays.com\/fr\/wp-json\/wp\/v2\/comments?post=306834"}],"version-history":[{"count":0,"href":"https:\/\/www.europesays.com\/fr\/wp-json\/wp\/v2\/posts\/306834\/revisions"}],"wp:featuredmedia":[{"embeddable":true,"href":"https:\/\/www.europesays.com\/fr\/wp-json\/wp\/v2\/media\/306835"}],"wp:attachment":[{"href":"https:\/\/www.europesays.com\/fr\/wp-json\/wp\/v2\/media?parent=306834"}],"wp:term":[{"taxonomy":"category","embeddable":true,"href":"https:\/\/www.europesays.com\/fr\/wp-json\/wp\/v2\/categories?post=306834"},{"taxonomy":"post_tag","embeddable":true,"href":"https:\/\/www.europesays.com\/fr\/wp-json\/wp\/v2\/tags?post=306834"}],"curies":[{"name":"wp","href":"https:\/\/api.w.org\/{rel}","templated":true}]}}