{"id":306840,"date":"2025-08-09T07:28:21","date_gmt":"2025-08-09T07:28:21","guid":{"rendered":"https:\/\/www.europesays.com\/fr\/306840\/"},"modified":"2025-08-09T07:28:21","modified_gmt":"2025-08-09T07:28:21","slug":"epfig-accident-sur-la35-dimportants-ralentissements","status":"publish","type":"post","link":"https:\/\/www.europesays.com\/fr\/306840\/","title":{"rendered":"Epfig. Accident sur l\u2019A35 : d\u2019importants ralentissements"},"content":{"rendered":"<p>Un accident s\u2019est produit ce vendredi 8 ao\u00fbt en fin de matin\u00e9e sur l\u2019A35, dans le sens Strasbourg-Colmar, \u00e0 hauteur du ban communal d\u2019Epfig. Un v\u00e9hicule et une moto sont entr\u00e9s en collision, pour une raison ind\u00e9termin\u00e9e. Le motard, \u00e2g\u00e9 de 26 ans, est l\u00e9g\u00e8rement bless\u00e9.<\/p>\n<p>Les sapeurs-pompiers de Molsheim et d\u2019Obernai sont intervenus sur place, ainsi que les gendarmes du peloton autoroutier et la CEA. L\u2019accident a entra\u00een\u00e9 la neutralisation de la voie rapide, provoquant d\u2019importants ralentissements, toujours en cours, sur environ 4 km.<\/p>\n","protected":false},"excerpt":{"rendered":"Un accident s\u2019est produit ce vendredi 8 ao\u00fbt en fin de matin\u00e9e sur l\u2019A35, dans le sens Strasbourg-Colmar,&hellip;\n","protected":false},"author":2,"featured_media":306841,"comment_status":"","ping_status":"","sticky":false,"template":"","format":"standard","meta":{"footnotes":""},"categories":[2820],"tags":[119,1111,11,26193,24625,3143,44744,1777,674,274,107,1011,27,775,12,26194,25,640],"class_list":{"0":"post-306840","1":"post","2":"type-post","3":"status-publish","4":"format-standard","5":"has-post-thumbnail","7":"category-strasbourg","8":"tag-accident","9":"tag-actu","10":"tag-actualites","11":"tag-bernstein","12":"tag-edition-molsheim-obernai","13":"tag-edition-selestat-erstein","14":"tag-epfig","15":"tag-eu","16":"tag-europe","17":"tag-faits-divers-justice","18":"tag-fil-info","19":"tag-fr","20":"tag-france","21":"tag-grand-est","22":"tag-news","23":"tag-pays-de-barr","24":"tag-republique-francaise","25":"tag-strasbourg"},"share_on_mastodon":{"url":"https:\/\/pubeurope.com\/@fr\/114997631561115444","error":""},"_links":{"self":[{"href":"https:\/\/www.europesays.com\/fr\/wp-json\/wp\/v2\/posts\/306840","targetHints":{"allow":["GET"]}}],"collection":[{"href":"https:\/\/www.europesays.com\/fr\/wp-json\/wp\/v2\/posts"}],"about":[{"href":"https:\/\/www.europesays.com\/fr\/wp-json\/wp\/v2\/types\/post"}],"author":[{"embeddable":true,"href":"https:\/\/www.europesays.com\/fr\/wp-json\/wp\/v2\/users\/2"}],"replies":[{"embeddable":true,"href":"https:\/\/www.europesays.com\/fr\/wp-json\/wp\/v2\/comments?post=306840"}],"version-history":[{"count":0,"href":"https:\/\/www.europesays.com\/fr\/wp-json\/wp\/v2\/posts\/306840\/revisions"}],"wp:featuredmedia":[{"embeddable":true,"href":"https:\/\/www.europesays.com\/fr\/wp-json\/wp\/v2\/media\/306841"}],"wp:attachment":[{"href":"https:\/\/www.europesays.com\/fr\/wp-json\/wp\/v2\/media?parent=306840"}],"wp:term":[{"taxonomy":"category","embeddable":true,"href":"https:\/\/www.europesays.com\/fr\/wp-json\/wp\/v2\/categories?post=306840"},{"taxonomy":"post_tag","embeddable":true,"href":"https:\/\/www.europesays.com\/fr\/wp-json\/wp\/v2\/tags?post=306840"}],"curies":[{"name":"wp","href":"https:\/\/api.w.org\/{rel}","templated":true}]}}