{"id":306844,"date":"2025-08-09T07:35:10","date_gmt":"2025-08-09T07:35:10","guid":{"rendered":"https:\/\/www.europesays.com\/fr\/306844\/"},"modified":"2025-08-09T07:35:10","modified_gmt":"2025-08-09T07:35:10","slug":"lhistoire-du-chateau-de-bougon-de-residence-flamboyante-a-batiment-squatte-recemment-ravage-par-les-flammes","status":"publish","type":"post","link":"https:\/\/www.europesays.com\/fr\/306844\/","title":{"rendered":"l\u2019histoire du ch\u00e2teau de Bougon, de r\u00e9sidence flamboyante \u00e0 b\u00e2timent squatt\u00e9 r\u00e9cemment ravag\u00e9 par les flammes"},"content":{"rendered":"<p><strong>R\u00c9CIT &#8211;<\/strong> Ravag\u00e9e par les flammes en d\u00e9but de semaine, cette b\u00e2tisse \u00e0 l\u2019abandon doit son existence \u00e0 un industriel fortun\u00e9 du XIXe si\u00e8cle. R\u00e9quisitionn\u00e9e par les Allemands, elle a \u00e9t\u00e9 r\u00e9cup\u00e9r\u00e9e par l\u2019arm\u00e9e \u00e0 la fin de la guerre.<\/p>\n<p class=\"fig-paragraph\">Son \u00e9tat n\u2019\u00e9tait pas glorieux.\u00a0<a href=\"http:\/\/www.lefigaro.fr\/nantes\/pres-de-nantes-un-chateau-du-xixe-siecle-en-proie-aux-flammes-depuis-dimanche-soir-20250804\" target=\"_blank\" data-fig-type=\"NewsFlash\" rel=\"noopener\" data-gtm-custom-categorie=\"navigation\" data-gtm-custom-action=\"crossclick\" data-gtm-custom-label=\"Contextuel\" data-gtm-event=\"customEventSPE\" data-fig-domain=\"LEFIGARO\">L\u2019incendie<\/a>\u00a0dont il a \u00e9t\u00e9 victime il y a une semaine n\u2019est pas pr\u00e8s de lui redonner de la splendeur. Dimanche 3 ao\u00fbt, \u00e0 quelques centaines de m\u00e8tres de\u00a0<a href=\"http:\/\/www.lefigaro.fr\/nantes\/aeroport-de-nantes-atlantique-le-medef-s-inquiete-de-la-possibilite-d-un-plafonnement-du-nombre-de-vols-20250806\" target=\"_blank\" data-fig-type=\"NewsFlash\" rel=\"noopener\" data-gtm-custom-categorie=\"navigation\" data-gtm-custom-action=\"crossclick\" data-gtm-custom-label=\"Contextuel\" data-gtm-event=\"customEventSPE\" data-fig-domain=\"LEFIGARO\">l\u2019a\u00e9roport de Nantes<\/a>, le ch\u00e2teau Bougon a pris feu. D\u00e9j\u00e0 ravag\u00e9e par les flammes en 2007, la b\u00e2tisse du XIXe si\u00e8cle a cette fois perdu tous les planchers qui lui restaient. Ainsi qu\u2019une bonne partie de sa toiture. \u00abLe b\u00e2timent menace de s\u2019effondrer\u00bb, a averti la mairie de\u00a0<a href=\"http:\/\/www.lefigaro.fr\/nantes\/bouguenais-cette-commune-de-loire-atlantique-qui-ne-veut-pas-d-un-centre-de-retention-pour-les-etrangers-20230622\" target=\"_blank\" data-fig-type=\"Article\" rel=\"noopener\" data-gtm-custom-categorie=\"navigation\" data-gtm-custom-action=\"crossclick\" data-gtm-custom-label=\"Contextuel\" data-gtm-event=\"customEventSPE\" data-fig-domain=\"LEFIGARO\">Bouguenais<\/a>, dans un arr\u00eat\u00e9 de p\u00e9ril interdisant tout acc\u00e8s au site. Localis\u00e9 sur une parcelle de l\u2019\u00c9tat affect\u00e9e \u00e0 l\u2019aviation civile, ce lieu d\u00e9saffect\u00e9 \u00e9tait d\u00e9j\u00e0 ferm\u00e9 au public. Mais faisait r\u00e9guli\u00e8rement l\u2019objet d\u2019intrusions r\u00e9guli\u00e8res.<\/p>\n<p class=\"fig-paragraph\">\u00abL\u2019\u00e9mergence des r\u00e9seaux sociaux a mis en avant ce lieu sur certains sites \u201csp\u00e9cialis\u00e9s\u201d tel Urbex et des traces de \u201cpassage\u201d sont fr\u00e9quentes\u00bb, souligne la DGAC (Direction g\u00e9n\u00e9rale de l\u2019Aviation civile), gestionnaire du site. L\u2019arriv\u00e9e d\u2019un a\u00e9rodrome et la Seconde Guerre mondiale sont venues bouleverser le\u2026<\/p>\n<p class=\"fig-premium-paywall__infos\">\n        Cet article est r\u00e9serv\u00e9 aux abonn\u00e9s.        Il vous reste 78% \u00e0 d\u00e9couvrir.\n    <\/p>\n<p>                <img  data- alt=\"Le Figaro\" class=\"fig-img--complete fig-img\"\/><\/p>\n<p class=\"fig-premium-paywall__title\">Vous avez envie de lire la suite ?<\/p>\n<p class=\"fig-premium-paywall__subtitle\">D\u00e9bloquez tous les articles imm\u00e9diatement.<\/p>\n<p class=\"fig-premium-paywall__connect\">\n                D\u00e9j\u00e0 abonn\u00e9\u00a0?                <a class=\"fig-premium-paywall__connect-link\" href=\"https:\/\/connect.lefigaro.fr\/login?client=horizon_web&amp;type=main&amp;redirect_uri=https%3A%2F%2Fwww.lefigaro.fr%2Fnantes%2Fpres-de-nantes-l-histoire-du-chateau-de-bougon-de-residence-flamboyante-a-batiment-squatte-recemment-ravage-par-les-flammes-20250809\" data-js-gtm=\"{&quot;customCategorie&quot;: &quot;conversion&quot;, &quot;customAction&quot;: &quot;before_Landing_Connexion_paywall_auto&quot;, &quot;customLabel&quot;: &quot;bGVmaWdhcm8uZnJfXzFmMDczYThkLWM2YjctNjRiMi04ZjE2LWQ1Mjg5ZGMzNGE5OF9fTmV3c0ZsYXNo_Pr\u00e8s de Nantes\u00a0: l\u2019histoire du ch\u00e2teau de Bougon, de r\u00e9sidence flamboyante \u00e0 b\u00e2timent squatt\u00e9 r\u00e9cemment ravag\u00e9 par les flammes_305&quot;, &quot;customIDSPE&quot;: &quot;bGVmaWdhcm8uZnJfXzFmMDczYThkLWM2YjctNjRiMi04ZjE2LWQ1Mjg5ZGMzNGE5OF9fTmV3c0ZsYXNo&quot;, &quot;event&quot;: &quot;customEventSPE&quot;}\" target=\"_blank\" rel=\"noopener\"><br \/>\n                    Connectez-vous<br \/>\n                <\/a>\n            <\/p>\n","protected":false},"excerpt":{"rendered":"R\u00c9CIT &#8211; Ravag\u00e9e par les flammes en d\u00e9but de semaine, cette b\u00e2tisse \u00e0 l\u2019abandon doit son existence \u00e0&hellip;\n","protected":false},"author":2,"featured_media":306845,"comment_status":"","ping_status":"","sticky":false,"template":"","format":"standard","meta":{"footnotes":""},"categories":[2818],"tags":[1111,11,663,1777,674,1011,27,766,12,2551,2636,25],"class_list":{"0":"post-306844","1":"post","2":"type-post","3":"status-publish","4":"format-standard","5":"has-post-thumbnail","7":"category-nantes","8":"tag-actu","9":"tag-actualites","10":"tag-aeroport","11":"tag-eu","12":"tag-europe","13":"tag-fr","14":"tag-france","15":"tag-nantes","16":"tag-news","17":"tag-patrimoine","18":"tag-pays-de-la-loire","19":"tag-republique-francaise"},"share_on_mastodon":{"url":"https:\/\/pubeurope.com\/@fr\/114997659123715065","error":""},"_links":{"self":[{"href":"https:\/\/www.europesays.com\/fr\/wp-json\/wp\/v2\/posts\/306844","targetHints":{"allow":["GET"]}}],"collection":[{"href":"https:\/\/www.europesays.com\/fr\/wp-json\/wp\/v2\/posts"}],"about":[{"href":"https:\/\/www.europesays.com\/fr\/wp-json\/wp\/v2\/types\/post"}],"author":[{"embeddable":true,"href":"https:\/\/www.europesays.com\/fr\/wp-json\/wp\/v2\/users\/2"}],"replies":[{"embeddable":true,"href":"https:\/\/www.europesays.com\/fr\/wp-json\/wp\/v2\/comments?post=306844"}],"version-history":[{"count":0,"href":"https:\/\/www.europesays.com\/fr\/wp-json\/wp\/v2\/posts\/306844\/revisions"}],"wp:featuredmedia":[{"embeddable":true,"href":"https:\/\/www.europesays.com\/fr\/wp-json\/wp\/v2\/media\/306845"}],"wp:attachment":[{"href":"https:\/\/www.europesays.com\/fr\/wp-json\/wp\/v2\/media?parent=306844"}],"wp:term":[{"taxonomy":"category","embeddable":true,"href":"https:\/\/www.europesays.com\/fr\/wp-json\/wp\/v2\/categories?post=306844"},{"taxonomy":"post_tag","embeddable":true,"href":"https:\/\/www.europesays.com\/fr\/wp-json\/wp\/v2\/tags?post=306844"}],"curies":[{"name":"wp","href":"https:\/\/api.w.org\/{rel}","templated":true}]}}