{"id":306852,"date":"2025-08-09T07:39:10","date_gmt":"2025-08-09T07:39:10","guid":{"rendered":"https:\/\/www.europesays.com\/fr\/306852\/"},"modified":"2025-08-09T07:39:10","modified_gmt":"2025-08-09T07:39:10","slug":"direct-direct-de-nombreux-bouchons-attendus-a-toulouse-et-dans-toute-la-region-occitanie-des-ce-samedi","status":"publish","type":"post","link":"https:\/\/www.europesays.com\/fr\/306852\/","title":{"rendered":"Direct. Direct. De nombreux bouchons attendus \u00e0 Toulouse et dans toute la r\u00e9gion Occitanie d\u00e8s ce samedi"},"content":{"rendered":"<p>            Par<br \/>\n        <strong><br \/>\n            <a href=\"https:\/\/actu.fr\/auteur\/lea-afonso\" title=\"Consulter tous les articles de L\u00e9a Afonso\" target=\"_blank\" rel=\"noopener\">L\u00e9a Afonso<\/a><br \/>\n        <\/strong><\/p>\n<p>        Publi\u00e9 le<\/p>\n<p>            9 ao\u00fbt 2025 \u00e0 9h02<br \/>\n        ; mis \u00e0 jour le 9 ao\u00fbt 2025 \u00e0 9h18    <\/p>\n<p>Ce ne seront pas les <a href=\"https:\/\/actu.fr\/occitanie\/toulouse_31555\/journee-noire-sur-la-route-des-vacances-le-point-sur-les-embouteillages-autour-de-toulouse_62989620.html\" target=\"_blank\" rel=\"noopener\">bouchons du tr\u00e8s redout\u00e9 chass\u00e9-crois\u00e9 des juillettistes et des ao\u00fbtiens<\/a>\u2026 mais ils seront quand m\u00eame bien pr\u00e9sents. D\u00e8s ce samedi 9\u00a0ao\u00fbt 2025, jusqu\u2019au dimanche 10\u00a0ao\u00fbt, Bison fut\u00e9 pr\u00e9voit de <strong>l\u2019orange<\/strong>, voire du <strong>rouge<\/strong> sur nos routes \u00e0 <a href=\"https:\/\/actu.fr\/toulouse\/\" target=\"_blank\" rel=\"noopener\">Toulouse<\/a> et en <a href=\"https:\/\/actu.fr\/occitanie\/\" target=\"_blank\" rel=\"noopener\">Occitanie<\/a>. Il faudra \u00eatre patient\u2026 Suivez notre direct pour \u00eatre au plus pr\u00e8s de l\u2019information.<\/p>\n<p>9h20 \u2013 la bifurcation entre l\u2019A61 et l\u2019A9 impact\u00e9e par un accident<\/p>\n<p class=\" wall-content\">Le trafic sur la majorit\u00e9 de l\u2019A61 reste fluide, mais <strong>l\u2019accident survenu sur l\u2019A9<\/strong> vient ralentir le trafic au niveau de la bifurcation entre les deux autoroutes.<\/p>\n<p class=\" wall-content\">Un premier kilom\u00e8tre de ralentissement sur l\u2019A61 est observ\u00e9 \u00e0 Narbonne pour les vacanciers qui se rendent en Espagne depuis Toulouse. Et ce n\u2019est que le d\u00e9but : ensuite, un ralentissement de 15 kilom\u00e8tres les attend sur la section de l\u2019A9 reliant Avignon \u00e0 Barcelone.<\/p>\n<p>9h \u2013 Premiers ralentissements sur l\u2019A9<\/p>\n<p class=\" wall-content\">Il n\u2019est que 9 heures et d\u00e9j\u00e0, les automobilistes subissent de <strong>premiers ralentissements<\/strong>. Pour les automobilistes de la Ville rose qui partent vers l\u2019Espagne ou qui en reviennent, les voyants restent au vert le long de l\u2019A61.<\/p>\n<p class=\" wall-content\">C\u2019est \u00e0 la bifurcation avec l\u2019A9, qui relie Avignon \u00e0 Barcelone, que les probl\u00e8mes commencent. Juste avant Narbonne, \u00e0 Armissan, un accident impliquant un v\u00e9hicule est survenu. Il cr\u00e9e un important ralentissement, qui s\u2019\u00e9tend sur <strong>15 kilom\u00e8tres<\/strong> entre Armissan et Bages dans le sens nord-sud, c\u2019est \u00e0 dire d\u2019Avignon vers Barcelone.<\/p>\n<p>    <img   decoding=\"async\" loading=\"lazy\" src=\"https:\/\/www.europesays.com\/fr\/wp-content\/uploads\/2025\/08\/bouchons-960x640.jpg\" alt=\"Le ralentissement sur l'A9 commence \u00e0 impacter la bifurcation avec l'A61.\" width=\"960\" height=\"640\"\/><br \/>\n    Le ralentissement sur l\u2019A9 commence \u00e0 impacter la bifurcation avec l\u2019A61. (\u00a9Bison fut\u00e9)Vid\u00e9os : en ce moment sur Actu8h \u2013 Une journ\u00e9e dense attendue<\/p>\n<p class=\" wall-content\">\n<p class=\" wall-content\">La journ\u00e9e sera dense en r\u00e9gion Occitanie. Bison fut\u00e9 pr\u00e9voit de <strong>l\u2019orange<\/strong> sur les routes dans <strong>le sens des d\u00e9parts<\/strong>. Pour ceux qui auraient termin\u00e9 leurs vacances, il faudra prendre son mal en patience dans le<strong> sens des retours<\/strong>\u2009: les routes seront <strong>rouges<\/strong> \u00e0 l\u2019ouest de la r\u00e9gion. Autrement dit, \u00ab\u2009une circulation tr\u00e8s difficile\u2009\u00bb annonc\u00e9e.<\/p>\n<p class=\" wall-content\">Suivez toute l\u2019actualit\u00e9 de vos villes et m\u00e9dias favoris en vous inscrivant \u00e0 <a href=\"https:\/\/moncompte.actu.fr\" title=\"D\u00e9couvez Mon Actu\" rel=\"nofollow noopener\" data-trk=\"{&quot;cta&quot;:{&quot;action&quot;:&quot;https:\\\/\\\/moncompte.actu.fr&quot;,&quot;category&quot;:&quot;mon compte&quot;,&quot;from&quot;:&quot;article footer&quot;,&quot;name&quot;:&quot;Mon actu&quot;,&quot;type&quot;:&quot;cta&quot;}}\" target=\"_blank\">Mon Actu<\/a>.<\/p>\n<ul class=\"ac-article-tag wall-content\">\n<li><a href=\"https:\/\/actu.fr\/tag\/peripherique-de-toulouse\" data-trk=\"{&quot;cta&quot;:{&quot;action&quot;:&quot;P\\u00e9riph\\u00e9rique de Toulouse&quot;,&quot;category&quot;:&quot;tag&quot;,&quot;from&quot;:&quot;article footer&quot;,&quot;name&quot;:&quot;P\\u00e9riph\\u00e9rique de Toulouse&quot;,&quot;type&quot;:&quot;cta&quot;}}\" target=\"_blank\" rel=\"noopener\">#P\u00e9riph\u00e9rique de Toulouse<\/a><\/li>\n<\/ul>\n","protected":false},"excerpt":{"rendered":"Par L\u00e9a Afonso Publi\u00e9 le 9 ao\u00fbt 2025 \u00e0 9h02 ; mis \u00e0 jour le 9 ao\u00fbt 2025&hellip;\n","protected":false},"author":2,"featured_media":306853,"comment_status":"","ping_status":"","sticky":false,"template":"","format":"standard","meta":{"footnotes":""},"categories":[2816],"tags":[1111,11,1777,674,1011,27,12,2680,4800,25,104,2312],"class_list":{"0":"post-306852","1":"post","2":"type-post","3":"status-publish","4":"format-standard","5":"has-post-thumbnail","7":"category-toulouse","8":"tag-actu","9":"tag-actualites","10":"tag-eu","11":"tag-europe","12":"tag-fr","13":"tag-france","14":"tag-news","15":"tag-occitanie","16":"tag-peripherique-de-toulouse","17":"tag-republique-francaise","18":"tag-societe","19":"tag-toulouse"},"share_on_mastodon":{"url":"https:\/\/pubeurope.com\/@fr\/114997675034257037","error":""},"_links":{"self":[{"href":"https:\/\/www.europesays.com\/fr\/wp-json\/wp\/v2\/posts\/306852","targetHints":{"allow":["GET"]}}],"collection":[{"href":"https:\/\/www.europesays.com\/fr\/wp-json\/wp\/v2\/posts"}],"about":[{"href":"https:\/\/www.europesays.com\/fr\/wp-json\/wp\/v2\/types\/post"}],"author":[{"embeddable":true,"href":"https:\/\/www.europesays.com\/fr\/wp-json\/wp\/v2\/users\/2"}],"replies":[{"embeddable":true,"href":"https:\/\/www.europesays.com\/fr\/wp-json\/wp\/v2\/comments?post=306852"}],"version-history":[{"count":0,"href":"https:\/\/www.europesays.com\/fr\/wp-json\/wp\/v2\/posts\/306852\/revisions"}],"wp:featuredmedia":[{"embeddable":true,"href":"https:\/\/www.europesays.com\/fr\/wp-json\/wp\/v2\/media\/306853"}],"wp:attachment":[{"href":"https:\/\/www.europesays.com\/fr\/wp-json\/wp\/v2\/media?parent=306852"}],"wp:term":[{"taxonomy":"category","embeddable":true,"href":"https:\/\/www.europesays.com\/fr\/wp-json\/wp\/v2\/categories?post=306852"},{"taxonomy":"post_tag","embeddable":true,"href":"https:\/\/www.europesays.com\/fr\/wp-json\/wp\/v2\/tags?post=306852"}],"curies":[{"name":"wp","href":"https:\/\/api.w.org\/{rel}","templated":true}]}}