{"id":306854,"date":"2025-08-09T07:40:31","date_gmt":"2025-08-09T07:40:31","guid":{"rendered":"https:\/\/www.europesays.com\/fr\/306854\/"},"modified":"2025-08-09T07:40:31","modified_gmt":"2025-08-09T07:40:31","slug":"lionnel-astier-a-tellement-adore-joue-dans-le-telefilm-quil-a-fait-une-demande-particuliere","status":"publish","type":"post","link":"https:\/\/www.europesays.com\/fr\/306854\/","title":{"rendered":"Lionnel Astier a tellement ador\u00e9 jou\u00e9 dans le t\u00e9l\u00e9film qu&rsquo;il a fait une demande particuli\u00e8re&#8230;"},"content":{"rendered":"<p class=\"articleContent-meta\">\n        Aujourd&rsquo;hui \u00e0 08:00 &#8211; par             <a class=\"articleContent-metaAuthorsLink\" href=\"https:\/\/www.cesoirtv.com\/auteur\/thomas-fourcroy\/\" target=\"_blank\" rel=\"noopener\">Thomas Fourcroy<\/a><\/p>\n<p>                    Tweeter<\/p>\n<p>                    Partager sur Facebook<\/p>\n<p>                        <img decoding=\"async\" src=\"https:\/\/www.europesays.com\/fr\/wp-content\/uploads\/2025\/08\/meurtres-a-toulouse-29-mai.jpg\" alt=\"Player Video\" class=\"player-applyRatio poster exclude-seedtag\"\/><\/p>\n<p>Le samedi 9 ao\u00fbt \u00e0 21h10, France 3 rediffuse Meurtres \u00e0 Toulouse. Un unitaire d&rsquo;une collection entr\u00e9e dans le c\u0153ur de Lionnel Astier&#8230; <\/p>\n<p>Amateurs de polars, vous allez faire face \u00e0 une rediffusion de saison, ce soir sur France 3, avec Meurtres \u00e0 Toulouse. R\u00e9alis\u00e9 en 2020 par Sylvie Ayme, l&rsquo;unitaire issu de la collection itin\u00e9rante compte sur un casting de choix compos\u00e9 d&rsquo;Astrid Whettnall, Yvan Le Bolloc&rsquo;h, Marc Citti, <a href=\"https:\/\/www.cesoirtv.com\/news\/series\/2325-meurtres-a-lille-il-me-prenait-pour-une-actrice-pretentieuse-la-drole-danecdote-dannelise-hesme-au-sujet-de-loup-denis-elion\/\" target=\"_blank\" rel=\"noopener\">Annelise Hesme<\/a>, mais aussi Camille Aguilar et <a href=\"https:\/\/www.cesoirtv.com\/news\/series\/3251-alex-hugo-lionnel-astier-va-faire-son-retour-grace-a-samuel-le-bihan\/\" target=\"_blank\" rel=\"noopener\">Lionnel Astier<\/a>. Deux derniers cot\u00e9s qui se verraient bien rempiler&#8230;<\/p>\n<p>Meurtres \u00e0 Toulouse : une ville pas si rose<\/p>\n<p>C&rsquo;est le corps et le c\u0153ur emplis de cicatrices que le commandant Simon Keller tente d&rsquo;assurer ses missions \u00e0 Toulouse. Une ville rose qui sera bouscul\u00e9e par l&rsquo;apparition de plusieurs cadavres, diss\u00e9min\u00e9s dans plusieurs quartiers et places. Un nouveau dossier complexe pour un Keller qui sera aid\u00e9 par la jeune C\u00e9cile Gimet, Major de son \u00e9cole de police. Un duo qui, tr\u00e8s vite, fera le lien entre cette s\u00e9rie de meurtres et l\u2019\u0153uvre de Claude Nougaro, l\u00e9gende de Toulouse. Simon, malade, et C\u00e9cile, en proie \u00e0 un pass\u00e9 compliqu\u00e9, uniront leurs forces, mais se d\u00e9couvriront \u00e9galement de nombreux points communs.<\/p>\n<p>                                Meurtres \u00e0&#8230; : le coup de c\u0153ur de Lionnel Astier !<\/p>\n<p>Dans les colonnes de nos confr\u00e8res de T\u00e9l\u00e9-Loisirs, Lionnel Astier s&rsquo;est montr\u00e9 ravi de cette exp\u00e9rience dans la collection Meurtres \u00e0&#8230; Un projet qui sonne comme une \u00ab\u00a0petite histoire d&rsquo;amour\u00a0\u00bb chez l&rsquo;acteur, marqu\u00e9 par sa connexion avec Camille Aguilar : \u00ab\u00a0Il y a eu quelque chose d&rsquo;imm\u00e9diat entre nous que je ne saurais pas expliquer. Elle est d&rsquo;origine espagnole, nous sommes tous les deux du sud et nous avons eu un lien qu&rsquo;on a pu d\u00e9velopper. Quand j&rsquo;ai vu la fiction, j&rsquo;ai trouv\u00e9 que notre entente se sentait sur le tournage.\u00a0\u00bb Par ailleurs, on rappelle que leurs personnages, les enqu\u00eateurs Simon Keller et C\u00e9cile Gimet \u00e9mettent le v\u0153u de bosser \u00e0 nouveau ensemble. De quoi imaginer le duo rempiler dans un Meurtres \u00e0&#8230; ? R\u00e9ponse de Lionnel Astier : \u00ab\u00a0On a demand\u00e9 \u00e0 la production d&rsquo;en tourner un deuxi\u00e8me, mais ils nous ont dit que ce n&rsquo;\u00e9tait pas le principe de la s\u00e9rie, alors on essaye de trouver une id\u00e9e (rires). On aimerait bien parce que, je peux le dire car ce n&rsquo;est pas toujours le cas mais \u00e7a a \u00e9t\u00e9 un bonheur ce film. Les plan\u00e8tes se sont align\u00e9es. Nous \u00e9tions tr\u00e8s en confiance et les sentiments sont sortis.\u00a0\u00bb<\/p>\n","protected":false},"excerpt":{"rendered":"Aujourd&rsquo;hui \u00e0 08:00 &#8211; par Thomas Fourcroy Tweeter Partager sur Facebook Le samedi 9 ao\u00fbt \u00e0 21h10, France&hellip;\n","protected":false},"author":2,"featured_media":306855,"comment_status":"","ping_status":"","sticky":false,"template":"","format":"standard","meta":{"footnotes":""},"categories":[2816],"tags":[1111,11,1409,5334,1777,674,1011,27,876,44745,3566,44747,12,2680,25,2312,44746],"class_list":{"0":"post-306854","1":"post","2":"type-post","3":"status-publish","4":"format-standard","5":"has-post-thumbnail","7":"category-toulouse","8":"tag-actu","9":"tag-actualites","10":"tag-bande-annonce","11":"tag-channel_bandes-annonces","12":"tag-eu","13":"tag-europe","14":"tag-fr","15":"tag-france","16":"tag-france-3","17":"tag-guid_6256117454001","18":"tag-meurtres-u00e0","19":"tag-meurtres-u00e0-toulouse-29052021-210500-france-3","20":"tag-news","21":"tag-occitanie","22":"tag-republique-francaise","23":"tag-toulouse","24":"tag-uuid_03306ee8-61ff-46d3-a9aa-2e1d0ad51aff"},"share_on_mastodon":{"url":"https:\/\/pubeurope.com\/@fr\/114997679161684007","error":""},"_links":{"self":[{"href":"https:\/\/www.europesays.com\/fr\/wp-json\/wp\/v2\/posts\/306854","targetHints":{"allow":["GET"]}}],"collection":[{"href":"https:\/\/www.europesays.com\/fr\/wp-json\/wp\/v2\/posts"}],"about":[{"href":"https:\/\/www.europesays.com\/fr\/wp-json\/wp\/v2\/types\/post"}],"author":[{"embeddable":true,"href":"https:\/\/www.europesays.com\/fr\/wp-json\/wp\/v2\/users\/2"}],"replies":[{"embeddable":true,"href":"https:\/\/www.europesays.com\/fr\/wp-json\/wp\/v2\/comments?post=306854"}],"version-history":[{"count":0,"href":"https:\/\/www.europesays.com\/fr\/wp-json\/wp\/v2\/posts\/306854\/revisions"}],"wp:featuredmedia":[{"embeddable":true,"href":"https:\/\/www.europesays.com\/fr\/wp-json\/wp\/v2\/media\/306855"}],"wp:attachment":[{"href":"https:\/\/www.europesays.com\/fr\/wp-json\/wp\/v2\/media?parent=306854"}],"wp:term":[{"taxonomy":"category","embeddable":true,"href":"https:\/\/www.europesays.com\/fr\/wp-json\/wp\/v2\/categories?post=306854"},{"taxonomy":"post_tag","embeddable":true,"href":"https:\/\/www.europesays.com\/fr\/wp-json\/wp\/v2\/tags?post=306854"}],"curies":[{"name":"wp","href":"https:\/\/api.w.org\/{rel}","templated":true}]}}