{"id":306856,"date":"2025-08-09T07:41:12","date_gmt":"2025-08-09T07:41:12","guid":{"rendered":"https:\/\/www.europesays.com\/fr\/306856\/"},"modified":"2025-08-09T07:41:12","modified_gmt":"2025-08-09T07:41:12","slug":"stands-pedagogiques-nourrissages-commentes-des-animations-quotidiennes-au-zoo-de-lille-pendant-lete","status":"publish","type":"post","link":"https:\/\/www.europesays.com\/fr\/306856\/","title":{"rendered":"Stands p\u00e9dagogiques, nourrissages comment\u00e9s\u2026 Des animations quotidiennes au zoo de Lille pendant l\u2019\u00e9t\u00e9"},"content":{"rendered":"<p>            Par<br \/>\n        <strong><br \/>\n            <a href=\"https:\/\/actu.fr\/auteur\/amandine-vachez\" title=\"Consulter tous les articles de Amandine Vachez\" rel=\"nofollow noopener\" target=\"_blank\">Amandine Vachez<\/a><br \/>\n        <\/strong><\/p>\n<p>        Publi\u00e9 le<\/p>\n<p>            9 ao\u00fbt 2025 \u00e0 9h00        <\/p>\n<p>Au-del\u00e0 de son<b> offre de visite<\/b>, le zoo de <a href=\"https:\/\/actu.fr\/lille\/\" rel=\"nofollow noopener\" target=\"_blank\">Lille<\/a> (Nord) a une <b>vocation p\u00e9dagogique<\/b>. Pendant<b> l\u2019\u00e9t\u00e9<\/b>, en plus de la balade qui permet aux visiteurs de rencontrer les <a href=\"https:\/\/actu.fr\/tag\/animaux\" rel=\"nofollow noopener\" target=\"_blank\">animaux<\/a> h\u00e9berg\u00e9s dans le zoo du c\u0153ur de la citadelle, des<b> animations ludo-p\u00e9dagogiques<\/b> sont organis\u00e9es<b> tous les jours<\/b>, sauf le mardi (jour de fermeture de l\u2019\u00e9tablissement).<\/p>\n<p>Quel programme les jours d\u2019\u00e9t\u00e9\u2009?<\/p>\n<p class=\" wall-content\">Voici ce qui attend les visiteurs du zoo, pendant l\u2019\u00e9t\u00e9\u2009:<\/p>\n<ul class=\" wall-content\">\n<li><b>Des mini-stands p\u00e9dagogiques\u2009:<\/b><\/li>\n<\/ul>\n<p class=\" wall-content\"><b>\u2013 \u00ab\u2009Les tr\u00e9sors de l\u2019espace autour du monde\u2009\u00bb, de 10\u2009h \u00e0 11\u2009h\u200930<\/b><br \/>La pr\u00e9sentation de plumes, piquants et autres objets biologiques permettra \u00e0 chacun d\u2019appr\u00e9hender leurs diff\u00e9rentes fonctions.<br \/>Espace Autour du monde \u2013 Pour tous \u2013 Sans r\u00e9servation \u2013 Gratuit pour les visiteurs du zoo.<\/p>\n<p class=\" wall-content\"><b>\u2013 \u00ab\u2009Vietnamazing\u2009\u00bb \u2013 De 14\u2009h \u00e0 16\u2009h<\/b><br \/>Le zoo de Lille, membre de l\u2019association europ\u00e9enne des zoos et aquariums (EAZA) participe \u00e0 la campagne de sensibilisation internationale \u00ab\u2009Vietnamazing\u2009\u00bb. Des jeux p\u00e9dagogiques seront propos\u00e9s afin de d\u00e9couvrir de mani\u00e8re ludique le monde incroyable des loutres et des binturongs.<br \/>Enclos jouxtant l\u2019espace\u00a0Voyage exotique \u2013\u00a0Pour tous \u2013 Sans r\u00e9servation \u2013 Gratuit pour les visiteurs du zoo.<\/p>\n<ul class=\" wall-content\">\n<li><b>Les nourrissages comment\u00e9s\u2009:<\/b><\/li>\n<\/ul>\n<p class=\" wall-content\">Vous souhaitez en savoir plus sur le mode de vie des animaux accueillis au zoo\u2009? Venez \u00e0 la rencontre de l\u2019\u00e9quipe de m\u00e9diation, avec\u2009:<\/p>\n<p class=\" wall-content\"><b>\u2013 11\u2009h\u200930\u2009: les siamangs<\/b> \u2013 Espace d\u2019\u00eele en \u00eele,<\/p>\n<p class=\" wall-content\"><b>\u2013 12\u2009h\u2009: les loups \u00e0 crini\u00e8res \u2013<\/b> Espace Excursion sud-am\u00e9ricaine,<\/p>\n<p class=\" wall-content\"><b>\u2013 14\u2009h\u200930\u2009: les loutres et les binturongs \u2013 <\/b>Enclos jouxtant l\u2019espace Voyage exotique,<\/p>\n<p class=\" wall-content\"><b>\u2013 16\u2009h\u200930\u2009: les loups \u00e0 crini\u00e8res \u2013<\/b> Espace Excursion sud-am\u00e9ricaine<\/p>\n<p class=\" wall-content\">Pour tous \u2013 Sans r\u00e9servation \u2013 Gratuit pour les visiteurs du zoo \u2013 Dur\u00e9e 10\u00a0minutes environ.<\/p>\n<p class=\" wall-content\">En compl\u00e9ment, des animations ponctuelles sont r\u00e9guli\u00e8rement propos\u00e9es, \u00e0 destination des familles. Tout le programme est <a href=\"https:\/\/www.lille.fr\/Zoo-de-Lille\/Les-animations\/Le-grand-public\" rel=\"nofollow noopener\" target=\"_blank\">disponible en ligne<\/a>. Bonne visite\u2009!<\/p>\n<p>Pour rappel, l\u2019acc\u00e8s au zoo est gratuit aux habitants de Lille, Hellemmes et Lomme (sous condition de d\u00e9tenir le Pass Lille &amp; moi). Sinon, l\u2019entr\u00e9e est \u00e0 6\u00a0euros (adulte, tarif plein) et 3\u00a0euros (enfant de 5 \u00e0 17\u00a0ans, tarif plein). Toutes les infos pratiques sont r\u00e9unies <a href=\"https:\/\/www.lille.fr\/Zoo-de-Lille\/Preparez-votre-visite\" rel=\"nofollow noopener\" target=\"_blank\">sur le site officiel du zoo de Lille<\/a>.<\/p>\n<p class=\" wall-content\">Suivez toute l\u2019actualit\u00e9 de vos villes et m\u00e9dias favoris en vous inscrivant \u00e0 <a href=\"https:\/\/moncompte.actu.fr\" title=\"D\u00e9couvez Mon Actu\" rel=\"nofollow noopener\" data-trk=\"{&quot;cta&quot;:{&quot;action&quot;:&quot;https:\\\/\\\/moncompte.actu.fr&quot;,&quot;category&quot;:&quot;mon compte&quot;,&quot;from&quot;:&quot;article footer&quot;,&quot;name&quot;:&quot;Mon actu&quot;,&quot;type&quot;:&quot;cta&quot;}}\" target=\"_blank\">Mon Actu<\/a>.<\/p>\n","protected":false},"excerpt":{"rendered":"Par Amandine Vachez Publi\u00e9 le 9 ao\u00fbt 2025 \u00e0 9h00 Au-del\u00e0 de son offre de visite, le zoo&hellip;\n","protected":false},"author":2,"featured_media":306857,"comment_status":"","ping_status":"","sticky":false,"template":"","format":"standard","meta":{"footnotes":""},"categories":[2815],"tags":[1111,11,1867,1777,674,652,1011,27,811,1307,1652,12,25],"class_list":{"0":"post-306856","1":"post","2":"type-post","3":"status-publish","4":"format-standard","5":"has-post-thumbnail","7":"category-lille","8":"tag-actu","9":"tag-actualites","10":"tag-animaux","11":"tag-eu","12":"tag-europe","13":"tag-famille","14":"tag-fr","15":"tag-france","16":"tag-hauts-de-france","17":"tag-lille","18":"tag-loisirs-culture","19":"tag-news","20":"tag-republique-francaise"},"share_on_mastodon":{"url":"https:\/\/pubeurope.com\/@fr\/114997682750547405","error":""},"_links":{"self":[{"href":"https:\/\/www.europesays.com\/fr\/wp-json\/wp\/v2\/posts\/306856","targetHints":{"allow":["GET"]}}],"collection":[{"href":"https:\/\/www.europesays.com\/fr\/wp-json\/wp\/v2\/posts"}],"about":[{"href":"https:\/\/www.europesays.com\/fr\/wp-json\/wp\/v2\/types\/post"}],"author":[{"embeddable":true,"href":"https:\/\/www.europesays.com\/fr\/wp-json\/wp\/v2\/users\/2"}],"replies":[{"embeddable":true,"href":"https:\/\/www.europesays.com\/fr\/wp-json\/wp\/v2\/comments?post=306856"}],"version-history":[{"count":0,"href":"https:\/\/www.europesays.com\/fr\/wp-json\/wp\/v2\/posts\/306856\/revisions"}],"wp:featuredmedia":[{"embeddable":true,"href":"https:\/\/www.europesays.com\/fr\/wp-json\/wp\/v2\/media\/306857"}],"wp:attachment":[{"href":"https:\/\/www.europesays.com\/fr\/wp-json\/wp\/v2\/media?parent=306856"}],"wp:term":[{"taxonomy":"category","embeddable":true,"href":"https:\/\/www.europesays.com\/fr\/wp-json\/wp\/v2\/categories?post=306856"},{"taxonomy":"post_tag","embeddable":true,"href":"https:\/\/www.europesays.com\/fr\/wp-json\/wp\/v2\/tags?post=306856"}],"curies":[{"name":"wp","href":"https:\/\/api.w.org\/{rel}","templated":true}]}}