{"id":306863,"date":"2025-08-09T07:47:21","date_gmt":"2025-08-09T07:47:21","guid":{"rendered":"https:\/\/www.europesays.com\/fr\/306863\/"},"modified":"2025-08-09T07:47:21","modified_gmt":"2025-08-09T07:47:21","slug":"entourage-les-johnny-rallument-le-feu-du-lien-social","status":"publish","type":"post","link":"https:\/\/www.europesays.com\/fr\/306863\/","title":{"rendered":"Entourage : les Johnny rallument le feu du lien social"},"content":{"rendered":"<p>Cr\u00e9er des activit\u00e9s pour cr\u00e9er du lien\u2026Les Johnny de l\u2019association Entourage restent mobilis\u00e9s durant la p\u00e9riode estivale pour faire en sorte que l\u2019\u00e9t\u00e9 soit le plus agr\u00e9able possible pour celles et ceux qui n\u2019ont pas les moyens de s\u2019offrir des vacances<\/p>\n<p>L\u2019<a href=\"https:\/\/www.entourage.social\/\" target=\"_blank\" rel=\"noreferrer noopener\">association<\/a> <strong>Entourage<\/strong> reste mobilis\u00e9e tout l\u2019\u00e9t\u00e9 pour <strong>maintenir la flamme du lien social<\/strong> en s\u2019appuyant sur ses \u00ab\u00a0<strong>Johnny<\/strong>\u00ab\u00a0. Des jeunes b\u00e9n\u00e9voles qui consacrent une partie de leurs vacances aux plus <strong>d\u00e9munis et isol\u00e9s<\/strong>.\u00a0<\/p>\n<p>Leur mission ? c\u2019est Emna qui nous la raconte lors d\u2019une soir\u00e9e organis\u00e9e au <strong>Taille Crayon<\/strong> \u00e0 Villeurbanne. <\/p>\n<p><img fetchpriority=\"high\" decoding=\"async\" width=\"1200\" height=\"675\" src=\"https:\/\/www.europesays.com\/fr\/wp-content\/uploads\/2025\/08\/Johnny-Emna-Entourage.jpg\" alt=\"Emna Entourage\" class=\"wp-image-250958\"  \/>Emna<\/p>\n<p>\u00ab\u00a0Un <strong>Johnny<\/strong>, en fait, c\u2019est un stagiaire qui va \u00eatre l\u00e0 pour animer <strong>des \u00e9v\u00e9nements tout l\u2019\u00e9t\u00e9<\/strong>, pour <strong>cr\u00e9er du lien social<\/strong> et pour <strong>coordonner toutes les activit\u00e9s<\/strong>, pour mobiliser des gens, etc\u2026 On fait des <strong>jeux de soci\u00e9t\u00e9<\/strong>, de la<strong> p\u00e9tanque<\/strong>. Du foot aussi, du <strong>badminton<\/strong>\u2026. On a aussi des<strong> soir\u00e9es-jeux <\/strong>dans un bar associatif, un peu comme ce soir ici au <strong>Taille-Crayon<\/strong>.. Et on a aussi, avec des associations partenaires, des activit\u00e9s comme de la <strong>chorale<\/strong>, du <strong>dessin<\/strong>, du <strong>tissage<\/strong>, etc. Et pendant toutes ces activit\u00e9s, on cr\u00e9e du lien, les personnes se rencontrent et \u00e7a fait de la <strong>mixit\u00e9 sociale<\/strong>\u00ab\u00a0.<\/p>\n<p>Ecoutez le podcast<\/p>\n<p>Entourage et ses Johnny<\/p>\n<blockquote class=\"instagram-media\" data-instgrm-captioned=\"\" data-instgrm-permalink=\"https:\/\/www.instagram.com\/reel\/DL11Qw1ooIb\/?utm_source=ig_embed&amp;utm_campaign=loading\" data-instgrm-version=\"14\" style=\" background:#FFF; border:0; border-radius:3px; box-shadow:0 0 1px 0 rgba(0,0,0,0.5),0 1px 10px 0 rgba(0,0,0,0.15); margin: 1px; max-width:540px; min-width:326px; padding:0; width:99.375%; width:-webkit-calc(100% - 2px); width:calc(100% - 2px);\"\/>\n<p><strong>Amar<\/strong>, lui,\u00a0\u00e9tait <strong>journaliste<\/strong> en Alg\u00e9rie. Il a du quitter son pays suite \u00e0 des pressions politiques. Apres un passage \u00e0 Marseille, Amar d\u00e9barque \u00e0 Lyon\u2026Des mois de gal\u00e8re \u00e0 la rue. Puis une rencontre avec l\u2019<strong>association Entourage<\/strong> avec une id\u00e9e en t\u00eate : poser ses bagages pour entamer une r\u00e9insertion. \u00ab\u00a0Gr\u00e2ce \u00e0 l\u2019association <strong>Entourage<\/strong>, j\u2019ai trouv\u00e9 quelqu\u2019un qui voulait m\u2019aider. Et c\u2019est \u00e0 partir de l\u00e0 que j\u2019ai commenc\u00e9 l\u2019aventure avec <strong>Entourage<\/strong>. J\u2019avais les mains libres, j\u2019\u00e9tais pr\u00eat \u00e0 donner, \u00e0 \u00eatre utile \u00e0 mon tour\u00a0\u00bb.<\/p>\n<p>Ecoutez aussi : <a href=\"https:\/\/www.lyondemain.fr\/metropole-vacances-sportives-lyon\/\" target=\"_blank\" rel=\"noreferrer noopener\">Des vacances sportives et accessibles pour les jeunes \u00e0 Lyon<\/a><\/p>\n<p><img loading=\"lazy\" decoding=\"async\" width=\"1200\" height=\"675\" src=\"https:\/\/www.europesays.com\/fr\/wp-content\/uploads\/2025\/08\/Johnny-Amar-Entourage.jpg\" alt=\"Johnny\" class=\"wp-image-250959\"  \/>Amar<\/p>\n<p>Rencontrer de nouveaux amis pour faciliter l\u2019int\u00e9gration <\/p>\n<p><strong>Amar<\/strong>, avec tout son v\u00e9cu, est devenu <strong>b\u00e9n\u00e9vole<\/strong> au sein d\u2019Entourage. Il encadre notamment le <strong>r\u00e9seau des Johnny<\/strong>. Et il est membre du <strong>Conseil de la Rue<\/strong>\u2026<\/p>\n<p><strong>Mevo<\/strong> est arriv\u00e9 en France apr\u00e8s avoir fait des \u00e9tudes au <strong>B\u00e9nin<\/strong>. Les soir\u00e9es mises en place par l\u2019association sont pour lui un <strong>temps d\u2019\u00e9changes<\/strong>, un <strong>brassage culturel<\/strong> salutaire. \u00ab\u00a0Tu viens dans un nouveau pays, il faut que tu puisses rencontrer des <strong>nouveaux amis<\/strong> afin que l\u2019<strong>int\u00e9gration<\/strong> soit plus facile\u00a0\u00bb.<\/p>\n<p><img loading=\"lazy\" decoding=\"async\" width=\"1200\" height=\"675\" src=\"https:\/\/www.europesays.com\/fr\/wp-content\/uploads\/2025\/08\/Johnny-Mevo-petanque.jpg\" alt=\"p\u00e9tanque\" class=\"wp-image-250962\"  \/>Mevo<\/p>\n<p>L\u2019association <strong>Entourage<\/strong>, qui dispose de plusieurs antennes en France, s\u2019appuie sur une <strong>application<\/strong> qui permet de <strong>mettre en relation les amis de la rue et leurs voisins <\/strong>Aussi bien l\u2019\u00e9t\u00e9 qu\u2019en plein hiver. <strong>C\u00e9line Devinoy<\/strong> est responsable du <strong>p\u00f4le inclusion<\/strong> Auvergne-Rh\u00f4ne-Alpes.<\/p>\n<p>Ecoutez aussi : <a href=\"https:\/\/www.lyondemain.fr\/parc-urbain-villeurbanne-la-cantina-podcasts-lalca\/\" target=\"_blank\" rel=\"noreferrer noopener\">Villeurbanne : quand un parking devient un parc urbain inclusif<\/a><\/p>\n<p><img loading=\"lazy\" decoding=\"async\" width=\"1200\" height=\"675\" src=\"https:\/\/www.europesays.com\/fr\/wp-content\/uploads\/2025\/08\/Johnny-Celine-Devinoy.jpg\" alt=\"C\u00e9line Devinoy Entourage\" class=\"wp-image-250960\"  \/>C\u00e9line Devinoy<\/p>\n<p>Des Johnny pour animer l\u2019\u00e9t\u00e9<\/p>\n<p>\u00ab\u00a0Les <strong>Johnny<\/strong>, c\u2019est une op\u00e9ration qu\u2019on m\u00e8ne depuis maintenant au moins 5-6 ans. Cela consiste \u00e0 recruter tout plein de <strong>jeunes \u00e9tudiants en stage<\/strong> pendant tout l\u2019\u00e9t\u00e9. Et leur r\u00f4le, eux, c\u2019est justement de booster ce <strong>lien entre les citoyens<\/strong> sur l\u2019\u00e9t\u00e9. Cr\u00e9er plein d\u2019occasions de rencontres entre les citoyens pour un peu combler justement le manque de b\u00e9n\u00e9voles. d\u2019associations, pendant cette dure p\u00e9riode estivale. Et on les appelle les <strong>Johnny<\/strong> parce qu\u2019ils allument le feu tout l\u2019\u00e9t\u00e9, qu\u2019ils sont \u00e0 fond, que c\u2019est un peu des rayons de soleil\u2026\u00a0\u00bb<\/p>\n<p>Si vous aussi, vous souhaitez donner de votre temps aux autres, ponctuellement ou plus r\u00e9guli\u00e8rement\u2026 Rendez-vous sur l\u2019application Entourage\u2026<\/p>\n<ul class=\"wp-block-jetpack-slideshow_swiper-wrapper swiper-wrapper\">\n<li class=\"wp-block-jetpack-slideshow_slide swiper-slide\"><img loading=\"lazy\" decoding=\"async\" width=\"1200\" height=\"675\" alt=\"Johnny\" class=\"wp-block-jetpack-slideshow_image wp-image-250955\" data-id=\"250955\" src=\"https:\/\/www.europesays.com\/fr\/wp-content\/uploads\/2025\/08\/Soiree-des-Johnny.jpg\"  \/>Soir\u00e9e jeux au Taille-Crayon<\/li>\n<li class=\"wp-block-jetpack-slideshow_slide swiper-slide\"><img loading=\"lazy\" decoding=\"async\" width=\"1200\" height=\"675\" alt=\"soir\u00e9e au Taille-Crayon\" class=\"wp-block-jetpack-slideshow_image wp-image-250956\" data-id=\"250956\" src=\"https:\/\/www.europesays.com\/fr\/wp-content\/uploads\/2025\/08\/Johnny-soiree-au-Taille-Crayon.jpg\"  \/><\/li>\n<li class=\"wp-block-jetpack-slideshow_slide swiper-slide\"><img loading=\"lazy\" decoding=\"async\" width=\"1200\" height=\"675\" alt=\"Johnny\" class=\"wp-block-jetpack-slideshow_image wp-image-250961\" data-id=\"250961\" src=\"https:\/\/www.europesays.com\/fr\/wp-content\/uploads\/2025\/08\/Johnny-petanque-au-Taille-Crayon.jpg\"  \/><\/li>\n<li class=\"wp-block-jetpack-slideshow_slide swiper-slide\"><img loading=\"lazy\" decoding=\"async\" width=\"1200\" height=\"675\" alt=\"Johnny\" class=\"wp-block-jetpack-slideshow_image wp-image-250957\" data-id=\"250957\" src=\"https:\/\/www.europesays.com\/fr\/wp-content\/uploads\/2025\/08\/Johnny-soiree-jeux.jpg\"  \/><\/li>\n<\/ul>\n<p><a class=\"wp-block-jetpack-slideshow_button-prev swiper-button-prev swiper-button-white\" role=\"button\"\/><a class=\"wp-block-jetpack-slideshow_button-next swiper-button-next swiper-button-white\" role=\"button\"\/><a aria-label=\"Pause Slideshow\" class=\"wp-block-jetpack-slideshow_button-pause\" role=\"button\"\/><\/p>\n<p>Ecoutez aussi : <a href=\"https:\/\/www.lyondemain.fr\/passerelle-fracture-numerique-accompagnement\/\" target=\"_blank\" rel=\"noreferrer noopener\">Passerelle : \u00ab\u00a0Notre mission est de recevoir les invisibles\u00a0\u00bb<\/a><\/p>\n<p><img loading=\"lazy\" decoding=\"async\" width=\"1200\" height=\"675\" src=\"https:\/\/www.europesays.com\/fr\/wp-content\/uploads\/2025\/08\/Johnny-soiree-Entourage-Villeurbanne.jpg\" alt=\"Johnny\" class=\"wp-image-250963\"  \/><br \/>\nJ\u2019aime \u00e7a\u00a0:<\/p>\n<p>J\u2019aime chargement\u2026<\/p>\n<p><a class=\"sd-link-color\"\/><\/p>\n<p>\n\tArticles similaires\n<\/p>\n<p>\t\t\t\t<img decoding=\"async\" src=\"https:\/\/www.europesays.com\/fr\/wp-content\/uploads\/2025\/08\/1754725641_284_7866158698e17e8ed633c05e8f8e7fe5d9e057ad78661c4dc34e413abb6b9f19\" alt=\"G\u00e9rald Bouchon\"\/><\/p>\n<p>Pionnier des radios libres, passionn\u00e9 de radio, journaliste et dirigeant de m\u00e9dias \u00e9co-responsables..<\/p>\n<p>\t\t\t<script async src=\"\/\/www.instagram.com\/embed.js\"><\/script><\/p>\n","protected":false},"excerpt":{"rendered":"Cr\u00e9er des activit\u00e9s pour cr\u00e9er du lien\u2026Les Johnny de l\u2019association Entourage restent mobilis\u00e9s durant la p\u00e9riode estivale pour&hellip;\n","protected":false},"author":2,"featured_media":306864,"comment_status":"","ping_status":"","sticky":false,"template":"","format":"standard","meta":{"footnotes":""},"categories":[1889],"tags":[44748,1111,11,44446,2430,44749,6379,1777,674,1011,27,7093,44447,5671,2428,12,25,15317,44750,2064],"class_list":{"0":"post-306863","1":"post","2":"type-post","3":"status-publish","4":"format-standard","5":"has-post-thumbnail","7":"category-lyon","8":"tag-activites-estivales","9":"tag-actu","10":"tag-actualites","11":"tag-application-entourage","12":"tag-auvergne-rhone-alpes","13":"tag-creer-du-lien","14":"tag-etudiants","15":"tag-eu","16":"tag-europe","17":"tag-fr","18":"tag-france","19":"tag-johnny","20":"tag-le-taille-crayon","21":"tag-lien-social","22":"tag-lyon","23":"tag-news","24":"tag-republique-francaise","25":"tag-sans-abri","26":"tag-soiree-caritative","27":"tag-stages"},"share_on_mastodon":{"url":"https:\/\/pubeurope.com\/@fr\/114997706581774261","error":""},"_links":{"self":[{"href":"https:\/\/www.europesays.com\/fr\/wp-json\/wp\/v2\/posts\/306863","targetHints":{"allow":["GET"]}}],"collection":[{"href":"https:\/\/www.europesays.com\/fr\/wp-json\/wp\/v2\/posts"}],"about":[{"href":"https:\/\/www.europesays.com\/fr\/wp-json\/wp\/v2\/types\/post"}],"author":[{"embeddable":true,"href":"https:\/\/www.europesays.com\/fr\/wp-json\/wp\/v2\/users\/2"}],"replies":[{"embeddable":true,"href":"https:\/\/www.europesays.com\/fr\/wp-json\/wp\/v2\/comments?post=306863"}],"version-history":[{"count":0,"href":"https:\/\/www.europesays.com\/fr\/wp-json\/wp\/v2\/posts\/306863\/revisions"}],"wp:featuredmedia":[{"embeddable":true,"href":"https:\/\/www.europesays.com\/fr\/wp-json\/wp\/v2\/media\/306864"}],"wp:attachment":[{"href":"https:\/\/www.europesays.com\/fr\/wp-json\/wp\/v2\/media?parent=306863"}],"wp:term":[{"taxonomy":"category","embeddable":true,"href":"https:\/\/www.europesays.com\/fr\/wp-json\/wp\/v2\/categories?post=306863"},{"taxonomy":"post_tag","embeddable":true,"href":"https:\/\/www.europesays.com\/fr\/wp-json\/wp\/v2\/tags?post=306863"}],"curies":[{"name":"wp","href":"https:\/\/api.w.org\/{rel}","templated":true}]}}