{"id":306865,"date":"2025-08-09T07:48:11","date_gmt":"2025-08-09T07:48:11","guid":{"rendered":"https:\/\/www.europesays.com\/fr\/306865\/"},"modified":"2025-08-09T07:48:11","modified_gmt":"2025-08-09T07:48:11","slug":"lyon-une-voiture-en-feu-dans-un-parking-souterrain-de-la-duchere","status":"publish","type":"post","link":"https:\/\/www.europesays.com\/fr\/306865\/","title":{"rendered":"Lyon. Une voiture en feu dans un parking souterrain de la Duch\u00e8re"},"content":{"rendered":"<p>Les pompiers sont intervenus ce matin aux alentours de 7h pour un incendie. Ce dernier a eu lieu dans le parking souterrain d&rsquo;un immeuble d&rsquo;habitation du quartier de la Duch\u00e8re. Situ\u00e9e au niveau -1, une voiture \u00e9tait en proie aux flammes avenue Rosa Parks dans le 9e arrondissement de Lyon.\u00a0<\/p>\n<p>Apr\u00e8s avoir ma\u00eetris\u00e9 le feu, des\u00a0reconnaissances ont \u00e9t\u00e9 men\u00e9es dans ce parking couvert de deux \u00e9tages. \u00ab\u00a0Aucune victime n&rsquo;est \u00e0 d\u00e9plorer\u00a0\u00bb, nous ont indiqu\u00e9 les sapeurs-pompiers. Les circonstances de l&rsquo;incendie ne sont pas encore connues.<\/p>\n","protected":false},"excerpt":{"rendered":"Les pompiers sont intervenus ce matin aux alentours de 7h pour un incendie. Ce dernier a eu lieu&hellip;\n","protected":false},"author":2,"featured_media":306866,"comment_status":"","ping_status":"","sticky":false,"template":"","format":"standard","meta":{"footnotes":""},"categories":[1889],"tags":[1111,11,2430,2757,1777,674,274,1011,27,1310,2428,24817,12,25],"class_list":{"0":"post-306865","1":"post","2":"type-post","3":"status-publish","4":"format-standard","5":"has-post-thumbnail","7":"category-lyon","8":"tag-actu","9":"tag-actualites","10":"tag-auvergne-rhone-alpes","11":"tag-edition-lyon-villeurbanne","12":"tag-eu","13":"tag-europe","14":"tag-faits-divers-justice","15":"tag-fr","16":"tag-france","17":"tag-incendie","18":"tag-lyon","19":"tag-lyon-9e-arrondissement","20":"tag-news","21":"tag-republique-francaise"},"share_on_mastodon":{"url":"https:\/\/pubeurope.com\/@fr\/114997710211151901","error":""},"_links":{"self":[{"href":"https:\/\/www.europesays.com\/fr\/wp-json\/wp\/v2\/posts\/306865","targetHints":{"allow":["GET"]}}],"collection":[{"href":"https:\/\/www.europesays.com\/fr\/wp-json\/wp\/v2\/posts"}],"about":[{"href":"https:\/\/www.europesays.com\/fr\/wp-json\/wp\/v2\/types\/post"}],"author":[{"embeddable":true,"href":"https:\/\/www.europesays.com\/fr\/wp-json\/wp\/v2\/users\/2"}],"replies":[{"embeddable":true,"href":"https:\/\/www.europesays.com\/fr\/wp-json\/wp\/v2\/comments?post=306865"}],"version-history":[{"count":0,"href":"https:\/\/www.europesays.com\/fr\/wp-json\/wp\/v2\/posts\/306865\/revisions"}],"wp:featuredmedia":[{"embeddable":true,"href":"https:\/\/www.europesays.com\/fr\/wp-json\/wp\/v2\/media\/306866"}],"wp:attachment":[{"href":"https:\/\/www.europesays.com\/fr\/wp-json\/wp\/v2\/media?parent=306865"}],"wp:term":[{"taxonomy":"category","embeddable":true,"href":"https:\/\/www.europesays.com\/fr\/wp-json\/wp\/v2\/categories?post=306865"},{"taxonomy":"post_tag","embeddable":true,"href":"https:\/\/www.europesays.com\/fr\/wp-json\/wp\/v2\/tags?post=306865"}],"curies":[{"name":"wp","href":"https:\/\/api.w.org\/{rel}","templated":true}]}}