{"id":306867,"date":"2025-08-09T07:51:10","date_gmt":"2025-08-09T07:51:10","guid":{"rendered":"https:\/\/www.europesays.com\/fr\/306867\/"},"modified":"2025-08-09T07:51:10","modified_gmt":"2025-08-09T07:51:10","slug":"lhomme-qui-a-allume-sa-cigarette-avec-la-flamme-du-soldat-inconnu-condamne-3","status":"publish","type":"post","link":"https:\/\/www.europesays.com\/fr\/306867\/","title":{"rendered":"l&rsquo;homme qui a allum\u00e9 sa cigarette avec la flamme du Soldat inconnu condamn\u00e9"},"content":{"rendered":"<p>            Par<br \/>\n        <strong><br \/>\n            <a href=\"https:\/\/actu.fr\/auteur\/redaction-paris\" title=\"Consulter tous les articles de R\u00e9daction Paris\" rel=\"nofollow noopener\" target=\"_blank\">R\u00e9daction Paris<\/a><br \/>\n        <\/strong><\/p>\n<p>        Publi\u00e9 le<\/p>\n<p>            9 ao\u00fbt 2025 \u00e0 9h26        <\/p>\n<p>Un geste film\u00e9 et devenu viral. Puis, le sch\u00e9ma habituel des commentaires politiques. Quelques jours apr\u00e8s avoir \u00e9t\u00e9 observ\u00e9 en train d\u2019allumer sa cigarette avec la flamme situ\u00e9e sur <strong>la tombe du Soldat inconnu<\/strong>, sous <a href=\"https:\/\/actu.fr\/tag\/arc-de-triomphe\" rel=\"nofollow noopener\" target=\"_blank\">l\u2019Arc de Triomphe<\/a> dans le 8e arrondissement de <a href=\"https:\/\/actu.fr\/paris\/\" rel=\"nofollow noopener\" target=\"_blank\">Paris<\/a>, Hakim K. a \u00e9cop\u00e9 d\u2019une peine de <strong>trois mois de prison avec sursis<\/strong>, vendredi 8\u00a0ao\u00fbt 2025, a rapport\u00e9 l\u2019Agence France-Presse (AFP).<\/p>\n<p>Une toxicomanie et une addiction \u00e0 l\u2019alcool<\/p>\n<p class=\" wall-content\">Jug\u00e9 en comparution imm\u00e9diate, l\u2019homme de 47\u00a0ans, conducteur d\u2019engins de travaux, a d\u00e9clar\u00e9 \u00ab<strong>\u2009regrett\u00e9 am\u00e8rement<\/strong>\u2009\u00bb et \u00ab<strong>\u2009s\u2019excus<\/strong> (er) <strong>aupr\u00e8s de tous les Fran\u00e7ais<\/strong>\u2009\u00bb. Selon lui, cet acte s\u2019av\u00e9rait \u00ab\u2009la b\u00eatise du si\u00e8cle\u2009\u00bb. D\u2019apr\u00e8s une expertise psychiatrique men\u00e9e dans le cadre de l\u2019enqu\u00eate, le pr\u00e9venu a d\u00e9velopp\u00e9 \u00ab\u2009une <strong>polytoxicomanie, une addiction \u00e0 l\u2019alcool<\/strong>, et un TDAH (trouble d\u00e9ficit de l\u2019attention avec ou sans hyperactivit\u00e9)\u2009\u00bb, selon la pr\u00e9sidente du tribunal. Un trouble <strong>bipolaire<\/strong> lui a \u00e9galement \u00e9t\u00e9 diagnostiqu\u00e9.<\/p>\n<p class=\" wall-content\">Mardi 5\u00a0ao\u00fbt, une vid\u00e9o montrant un homme en g\u00e9nuflexion sur la tombe du Soldat inconnu pour allumer sa cigarette, sous les regards interloqu\u00e9s d\u2019une poign\u00e9e de touristes, avait massivement <strong>circul\u00e9<\/strong> sur les <a href=\"https:\/\/actu.fr\/tag\/reseaux-sociaux\" rel=\"nofollow noopener\" target=\"_blank\">r\u00e9seaux sociaux<\/a>. S\u2019en \u00e9taient ensuivis des commentaires <strong>r\u00e9probateurs<\/strong> de la classe politique. Le ministre de l\u2019Int\u00e9rieur <a href=\"https:\/\/actu.fr\/tag\/bruno-retailleau\" rel=\"nofollow noopener\" target=\"_blank\">Bruno Retailleau<\/a> avait ainsi fustig\u00e9 un geste \u00ab\u2009indigne et mis\u00e9rable\u2009\u00bb qui bafoue la \u00ab\u2009m\u00e9moire de ceux qui sont morts pour la France\u2009\u00bb.<\/p>\n<p class=\" wall-content\">Install\u00e9e le 11\u00a0novembre 1920, la s\u00e9pulture symbolise <strong>les soldats morts pour la France<\/strong> au cours de son histoire. Une flamme \u00e9ternelle a \u00e9t\u00e9 appos\u00e9e trois ans plus tard. Chaque soir, cette derni\u00e8re est raviv\u00e9e par l\u2019association \u00ab\u2009La Flamme sous l\u2019Arc de Triomphe, Flamme de la nation\u2009\u00bb. L\u2019organisation a f\u00eat\u00e9 ses <strong>cent ans<\/strong> en 2025. \u00c0 cette occasion, le chef de l\u2019\u00c9tat <a href=\"https:\/\/actu.fr\/tag\/emmanuel-macron\" rel=\"nofollow noopener\" target=\"_blank\">Emmanuel Macron<\/a> avait remis un glaive au g\u00e9n\u00e9ral Saint Chamas, pr\u00e9sident de la Flamme.<\/p>\n<p class=\" wall-content\">Avec AFP<\/p>\n<p class=\" wall-content\">Suivez toute l\u2019actualit\u00e9 de vos villes et m\u00e9dias favoris en vous inscrivant \u00e0 <a href=\"https:\/\/moncompte.actu.fr\" title=\"D\u00e9couvez Mon Actu\" rel=\"nofollow noopener\" data-trk=\"{&quot;cta&quot;:{&quot;action&quot;:&quot;https:\\\/\\\/moncompte.actu.fr&quot;,&quot;category&quot;:&quot;mon compte&quot;,&quot;from&quot;:&quot;article footer&quot;,&quot;name&quot;:&quot;Mon actu&quot;,&quot;type&quot;:&quot;cta&quot;}}\" target=\"_blank\">Mon Actu<\/a>.<\/p>\n","protected":false},"excerpt":{"rendered":"Par R\u00e9daction Paris Publi\u00e9 le 9 ao\u00fbt 2025 \u00e0 9h26 Un geste film\u00e9 et devenu viral. Puis, le&hellip;\n","protected":false},"author":2,"featured_media":306868,"comment_status":"","ping_status":"","sticky":false,"template":"","format":"standard","meta":{"footnotes":""},"categories":[1888],"tags":[1111,1928,11,1927,17864,1777,674,118,1011,27,303,12,1926,626,1925,25],"class_list":{"0":"post-306867","1":"post","2":"type-post","3":"status-publish","4":"format-standard","5":"has-post-thumbnail","7":"category-paris","8":"tag-actu","9":"tag-actu-paris","10":"tag-actualites","11":"tag-actualites-paris","12":"tag-arc-de-triomphe","13":"tag-eu","14":"tag-europe","15":"tag-faits-divers","16":"tag-fr","17":"tag-france","18":"tag-justice","19":"tag-news","20":"tag-news-paris","21":"tag-paris","22":"tag-paris-news","23":"tag-republique-francaise"},"share_on_mastodon":{"url":"https:\/\/pubeurope.com\/@fr\/114997722206796856","error":""},"_links":{"self":[{"href":"https:\/\/www.europesays.com\/fr\/wp-json\/wp\/v2\/posts\/306867","targetHints":{"allow":["GET"]}}],"collection":[{"href":"https:\/\/www.europesays.com\/fr\/wp-json\/wp\/v2\/posts"}],"about":[{"href":"https:\/\/www.europesays.com\/fr\/wp-json\/wp\/v2\/types\/post"}],"author":[{"embeddable":true,"href":"https:\/\/www.europesays.com\/fr\/wp-json\/wp\/v2\/users\/2"}],"replies":[{"embeddable":true,"href":"https:\/\/www.europesays.com\/fr\/wp-json\/wp\/v2\/comments?post=306867"}],"version-history":[{"count":0,"href":"https:\/\/www.europesays.com\/fr\/wp-json\/wp\/v2\/posts\/306867\/revisions"}],"wp:featuredmedia":[{"embeddable":true,"href":"https:\/\/www.europesays.com\/fr\/wp-json\/wp\/v2\/media\/306868"}],"wp:attachment":[{"href":"https:\/\/www.europesays.com\/fr\/wp-json\/wp\/v2\/media?parent=306867"}],"wp:term":[{"taxonomy":"category","embeddable":true,"href":"https:\/\/www.europesays.com\/fr\/wp-json\/wp\/v2\/categories?post=306867"},{"taxonomy":"post_tag","embeddable":true,"href":"https:\/\/www.europesays.com\/fr\/wp-json\/wp\/v2\/tags?post=306867"}],"curies":[{"name":"wp","href":"https:\/\/api.w.org\/{rel}","templated":true}]}}