{"id":306869,"date":"2025-08-09T07:52:21","date_gmt":"2025-08-09T07:52:21","guid":{"rendered":"https:\/\/www.europesays.com\/fr\/306869\/"},"modified":"2025-08-09T07:52:21","modified_gmt":"2025-08-09T07:52:21","slug":"250-familles-et-femmes-isolees-exilees-devant-lhotel-de-ville-de-paris-on-met-letat-face-a-ses-responsabilites","status":"publish","type":"post","link":"https:\/\/www.europesays.com\/fr\/306869\/","title":{"rendered":"250 familles et femmes isol\u00e9es exil\u00e9es devant l\u2019H\u00f4tel de Ville de Paris\u00a0: \u00ab\u00a0On met l\u2019\u00c9tat face \u00e0 ses responsabilit\u00e9s\u00a0\u00bb"},"content":{"rendered":"<p>Sur le parvis de l\u2019H\u00f4tel de ville de Paris, on entend crier au m\u00e9gaphone \u00ab\u00a0On ne l\u00e2chera rien\u00a0! Tous ensemble, solidarit\u00e9\u00a0!\u00a0\u00bb. Il est 21\u00a0heures et \u00e0 l\u2019instar des deux derniers soirs, les parents et femmes isol\u00e9es exil\u00e9s manifestent pour une solution d\u2019h\u00e9bergement d\u2019urgence.<\/p>\n<p>Tout au long de l\u2019ann\u00e9e, <a href=\"https:\/\/www.humanite.fr\/societe\/gouvernement\/accueil-des-migrants-les-familles-sans-abri-occupant-le-parvis-de-la-mairie-du-11e-arrondissement-ont-ete-mises-a-labri-ce-vendredi-matin\" data-type=\"link\" data-id=\"https:\/\/www.humanite.fr\/societe\/gouvernement\/accueil-des-migrants-les-familles-sans-abri-occupant-le-parvis-de-la-mairie-du-11e-arrondissement-ont-ete-mises-a-labri-ce-vendredi-matin\" target=\"_blank\" rel=\"noopener\">Utopia 56<\/a> organise quotidiennement des permanences devant la mairie pour tenter de trouver un abri aux plus pr\u00e9caires. Jusqu\u2019ici, nombreux \u00e9taient log\u00e9s au sein de l\u2019h\u00e9bergement d\u2019urgence alternatif <a href=\"https:\/\/www.humanite.fr\/societe\/sans-abri\/un-an-apres-les-jo-la-rue-comme-seul-heritage-pour-les-sans-abri\" data-type=\"link\" data-id=\"https:\/\/www.humanite.fr\/societe\/sans-abri\/un-an-apres-les-jo-la-rue-comme-seul-heritage-pour-les-sans-abri\" target=\"_blank\" rel=\"noopener\">mis en place depuis un an<\/a> par l\u2019association.<\/p>\n<p>Mais la p\u00e9riode estivale a fortement amenuis\u00e9 les moyens humains, rendant impossible la gestion de ces sites. Le coordinateur de l\u2019antenne de Paris de Utopia 56, Nathan Lequeux, d\u00e9plore une situation intenable due \u00e0 la baisse d\u2019effectif. \u00ab\u00a0En tant qu\u2019association citoyenne, on repose sur les b\u00e9n\u00e9voles, et l\u2019\u00e9t\u00e9 on en perd deux tiers\u00a0\u00bb, regrette-t-il&#8230;.<\/p>\n","protected":false},"excerpt":{"rendered":"Sur le parvis de l\u2019H\u00f4tel de ville de Paris, on entend crier au m\u00e9gaphone \u00ab\u00a0On ne l\u00e2chera rien\u00a0!&hellip;\n","protected":false},"author":2,"featured_media":306870,"comment_status":"","ping_status":"","sticky":false,"template":"","format":"standard","meta":{"footnotes":""},"categories":[1888],"tags":[1111,1928,11,1927,1777,674,35241,1011,27,12,1926,626,1925,25,15317,44751],"class_list":{"0":"post-306869","1":"post","2":"type-post","3":"status-publish","4":"format-standard","5":"has-post-thumbnail","7":"category-paris","8":"tag-actu","9":"tag-actu-paris","10":"tag-actualites","11":"tag-actualites-paris","12":"tag-eu","13":"tag-europe","14":"tag-exilu00e9s","15":"tag-fr","16":"tag-france","17":"tag-news","18":"tag-news-paris","19":"tag-paris","20":"tag-paris-news","21":"tag-republique-francaise","22":"tag-sans-abri","23":"tag-utopia56"},"share_on_mastodon":{"url":"https:\/\/pubeurope.com\/@fr\/114997726030485654","error":""},"_links":{"self":[{"href":"https:\/\/www.europesays.com\/fr\/wp-json\/wp\/v2\/posts\/306869","targetHints":{"allow":["GET"]}}],"collection":[{"href":"https:\/\/www.europesays.com\/fr\/wp-json\/wp\/v2\/posts"}],"about":[{"href":"https:\/\/www.europesays.com\/fr\/wp-json\/wp\/v2\/types\/post"}],"author":[{"embeddable":true,"href":"https:\/\/www.europesays.com\/fr\/wp-json\/wp\/v2\/users\/2"}],"replies":[{"embeddable":true,"href":"https:\/\/www.europesays.com\/fr\/wp-json\/wp\/v2\/comments?post=306869"}],"version-history":[{"count":0,"href":"https:\/\/www.europesays.com\/fr\/wp-json\/wp\/v2\/posts\/306869\/revisions"}],"wp:featuredmedia":[{"embeddable":true,"href":"https:\/\/www.europesays.com\/fr\/wp-json\/wp\/v2\/media\/306870"}],"wp:attachment":[{"href":"https:\/\/www.europesays.com\/fr\/wp-json\/wp\/v2\/media?parent=306869"}],"wp:term":[{"taxonomy":"category","embeddable":true,"href":"https:\/\/www.europesays.com\/fr\/wp-json\/wp\/v2\/categories?post=306869"},{"taxonomy":"post_tag","embeddable":true,"href":"https:\/\/www.europesays.com\/fr\/wp-json\/wp\/v2\/tags?post=306869"}],"curies":[{"name":"wp","href":"https:\/\/api.w.org\/{rel}","templated":true}]}}