{"id":306877,"date":"2025-08-09T07:56:09","date_gmt":"2025-08-09T07:56:09","guid":{"rendered":"https:\/\/www.europesays.com\/fr\/306877\/"},"modified":"2025-08-09T07:56:09","modified_gmt":"2025-08-09T07:56:09","slug":"ce-que-lon-sait-de-la-rencontre-trump-poutine-en-alaska-le-15-aout-liberation","status":"publish","type":"post","link":"https:\/\/www.europesays.com\/fr\/306877\/","title":{"rendered":"Ce que l\u2019on sait de la rencontre Trump-Poutine en Alaska le 15\u00a0ao\u00fbt \u2013 Lib\u00e9ration"},"content":{"rendered":"<p class=\"sc-ksZaOG ehjQrN text-element\">Un t\u00eate-\u00e0-t\u00eate in\u00e9dit depuis le retour de Donald Trump \u00e0 la Maison Blanche. Sur son r\u00e9seau social Truth Social, le pr\u00e9sident am\u00e9ricain a annonc\u00e9 vendredi que sa <a href=\"https:\/\/www.liberation.fr\/international\/amerique\/donald-trump-pret-a-rencontrer-vladimir-poutine-des-la-semaine-prochaine-20250807_MV2FIVAAMRHJJFXVXXASQ7KVEU\/\" target=\"_blank\" rel=\"noopener\" title=\"https:\/\/www.liberation.fr\/international\/amerique\/donald-trump-pret-a-rencontrer-vladimir-poutine-des-la-semaine-prochaine-20250807_MV2FIVAAMRHJJFXVXXASQ7KVEU\/\">rencontre avec Vladimir Poutine<\/a> se tiendrait dans l\u2019Etat d\u2019Alaska, dans le nord des Etats-Unis, le 15 ao\u00fbt. Le Kremlin a ensuite confirm\u00e9 la rencontre et invit\u00e9 Donald Trump \u00e0 visiter la Russie prochainement. \u00abJe ferai tout ce que je peux pour arr\u00eater la tuerie\u00bb, avait dit jeudi Donald Trump.<\/p>\n<p class=\"sc-ksZaOG ehjQrN text-element\">Vendredi \u00e0 la Maison Blanche, le pr\u00e9sident am\u00e9ricain a \u00e9voqu\u00e9 un possible \u00ab\u00e9change de territoires\u00bb entre l\u2019Ukraine et la Russie dans le cadre d\u2019un futur accord entre les deux pays, sans autre pr\u00e9cision.<\/p>\n<p class=\"sc-ksZaOG ehjQrN text-element\">Le choix de cet Etat a \u00e9t\u00e9 qualifi\u00e9 d\u2019\u00abassez logique\u00bb par le conseiller diplomatique du Kremlin, Iouri Ouchakov, cit\u00e9 vendredi par les agences russes. En effet, ce vaste territoire \u00e0 cheval sur le cercle polaire arctique, qui avait \u00e9t\u00e9 vendu aux Etats-Unis par la Russie en 1867, n\u2019est s\u00e9par\u00e9 de celle-ci que par le d\u00e9troit de Bering.<\/p>\n<p class=\"sc-ksZaOG ehjQrN text-element\">\u00abLa Russie et les Etats-Unis sont des voisins proches, avec une fronti\u00e8re commune\u00bb, a soulign\u00e9 Iouri Ouchakov. \u00abL\u2019Alaska et l\u2019Arctique sont des zones o\u00f9 les int\u00e9r\u00eats \u00e9conomiques de nos deux pays se recoupent et il y a des possibilit\u00e9s de projets de grande ampleur mutuellement avantageux\u00bb, a-t-il par ailleurs relev\u00e9, rappelant toutefois que les discussions porteraient avant tout sur l\u2019Ukraine.<\/p>\n<p class=\"sc-ksZaOG ehjQrN text-element\">Les Etats-Unis ne reconnaissent pas la juridiction de la Cour p\u00e9nale internationale (CPI), qui a \u00e9mis un mandat d\u2019arr\u00eat international \u00e0 l\u2019encontre de Vladimir Poutine en raison de l\u2019invasion russe du pays.<\/p>\n<p class=\"sc-ksZaOG ehjQrN text-element\">La derni\u00e8re rencontre des deux dirigeants remonte \u00e0 juin 2019, en marge d\u2019un sommet du G20 au Japon, lors du premier mandat du pr\u00e9sident r\u00e9publicain. Leur unique sommet bilat\u00e9ral a eu lieu \u00e0 Helsinki le 16 juillet 2018.<\/p>\n<p class=\"sc-ksZaOG ehjQrN text-element\">Le pr\u00e9sident ukrainien n\u2019a pas \u00e9t\u00e9 convi\u00e9 au sommet du 15 ao\u00fbt. Volodymyr Zelensky estime toutefois qu\u2019une rencontre entre lui et Vladimir Poutine est une \u00abpriorit\u00e9\u00bb et qu\u2019il \u00abest l\u00e9gitime que l\u2019Ukraine participe aux n\u00e9gociations\u00bb concernant <a href=\"https:\/\/www.liberation.fr\/international\/europe\/ukraine-zelensky-annonce-avoir-discute-sanctions-contre-la-russie-et-cooperation-militaire-avec-trump-20250805_HMMI56DPYNE5ZJYAOS3ZYBSDT4\/\" target=\"_blank\" rel=\"noopener\" title=\"https:\/\/www.liberation.fr\/international\/europe\/ukraine-zelensky-annonce-avoir-discute-sanctions-contre-la-russie-et-cooperation-militaire-avec-trump-20250805_HMMI56DPYNE5ZJYAOS3ZYBSDT4\/\">l\u2019avenir de son pays<\/a>. Pour Vladimir Poutine, les \u00abconditions\u00bb ne sont pas r\u00e9unies pour une telle rencontre, qui selon lui n\u2019aurait de sens qu\u2019en phase finale des n\u00e9gociations de paix.<\/p>\n<p class=\"sc-ksZaOG ehjQrN text-element\">Quant \u00e0 Donald Trump, sa r\u00e9ponse a \u00e9t\u00e9 limpide : sur la question de savoir s\u2019il pensait que Vladimir Poutine devait d\u2019abord s\u2019entretenir avec Volodymyr Zelensky avant de le rencontrer lui, le pr\u00e9sident am\u00e9ricain a r\u00e9pondu \u00abnon\u00bb.<\/p>\n<p class=\"sc-ksZaOG ehjQrN text-element\">Apr\u00e8s l\u2019annonce de la rencontre, le pr\u00e9sident ukrainien a violemment r\u00e9agi sur les r\u00e9seaux sociaux. \u00abToute d\u00e9cision qui serait prise contre nous, toute d\u00e9cision qui serait prise sans l\u2019Ukraine, ce serait des d\u00e9cisions contre la paix\u00bb, a-t-il pr\u00e9venu. \u00abLes Ukrainiens n\u2019abandonneront pas leur terre aux occupants\u00bb, a-t-il ajout\u00e9.<\/p>\n<p class=\"sc-ksZaOG ehjQrN text-element\">Entre la Russie et l\u2019Ukraine, les positions sont encore aux antipodes. Le <a href=\"https:\/\/www.liberation.fr\/international\/europe\/negociations-russie-ukraine-un-troisieme-round-et-de-faibles-espoirs-20250722_5I7PBP7DOJEI5D5BVBHE5EYDE4\/\" target=\"_blank\" rel=\"noopener\" title=\"https:\/\/www.liberation.fr\/international\/europe\/negociations-russie-ukraine-un-troisieme-round-et-de-faibles-espoirs-20250722_5I7PBP7DOJEI5D5BVBHE5EYDE4\/\">dernier cycle de n\u00e9gociations directes <\/a>\u00e0 Istanbul en juillet n\u2019avait d\u00e9bouch\u00e9 que sur un nouvel \u00e9change de prisonniers et de d\u00e9pouilles de soldats. Parall\u00e8lement, la <a href=\"https:\/\/www.liberation.fr\/international\/europe\/guerre-en-ukraine-donald-trump-juge-les-frappes-russes-qui-ont-fait-28-morts-a-kyiv-ecoeurantes-20250801_J36MTVRFUBC5ZON4ISRUD4AKZ4\/\" target=\"_blank\" rel=\"noopener\" title=\"https:\/\/www.liberation.fr\/international\/europe\/guerre-en-ukraine-donald-trump-juge-les-frappes-russes-qui-ont-fait-28-morts-a-kyiv-ecoeurantes-20250801_J36MTVRFUBC5ZON4ISRUD4AKZ4\/\">Russie poursuit ses attaques a\u00e9riennes mortelles<\/a> sur l\u2019Ukraine, o\u00f9 elle grignote chaque jour du terrain sur le front.<\/p>\n<p class=\"sc-ksZaOG ehjQrN text-element\">Moscou r\u00e9clame que l\u2019Ukraine lui c\u00e8de quatre r\u00e9gions partiellement occup\u00e9es (celles de Donetsk, Lougansk, Zaporijjia et Kherson), en plus de la Crim\u00e9e annex\u00e9e en 2014, et qu\u2019elle renonce aux livraisons d\u2019armes occidentales et \u00e0 toute adh\u00e9sion \u00e0 l\u2019Otan.<\/p>\n<p class=\"sc-ksZaOG ehjQrN text-element\">Des exigences inacceptables pour Kyiv, qui veut le retrait des troupes russes et des garanties de s\u00e9curit\u00e9 occidentales, dont la poursuite des livraisons d\u2019armes et le d\u00e9ploiement d\u2019un contingent europ\u00e9en, ce \u00e0 quoi s\u2019oppose la Russie.<\/p>\n<p class=\"sc-ksZaOG ehjQrN text-element\">L\u2019Ukraine demande aussi, de concert avec ses alli\u00e9s europ\u00e9ens, un cessez-le-feu de 30 jours, auquel se refusent les Russes.<\/p>\n<p class=\"sc-ksZaOG ehjQrN text-element\"><b>Mise \u00e0 jour<\/b> \u00e0 9 heures avec la r\u00e9action de Volodymyr Zelensky<\/p>\n","protected":false},"excerpt":{"rendered":"Un t\u00eate-\u00e0-t\u00eate in\u00e9dit depuis le retour de Donald Trump \u00e0 la Maison Blanche. Sur son r\u00e9seau social Truth&hellip;\n","protected":false},"author":2,"featured_media":306878,"comment_status":"","ping_status":"","sticky":false,"template":"","format":"standard","meta":{"footnotes":""},"categories":[1590],"tags":[11,75,73,1777,674,12,132,220,297,135],"class_list":{"0":"post-306877","1":"post","2":"type-post","3":"status-publish","4":"format-standard","5":"has-post-thumbnail","7":"category-ukraine","8":"tag-actualites","9":"tag-donald-trump","10":"tag-etats-unis","11":"tag-eu","12":"tag-europe","13":"tag-news","14":"tag-russie","15":"tag-ukraine","16":"tag-ukraine-la-crise","17":"tag-vladimir-poutine"},"share_on_mastodon":{"url":"https:\/\/pubeurope.com\/@fr\/114997741741138431","error":""},"_links":{"self":[{"href":"https:\/\/www.europesays.com\/fr\/wp-json\/wp\/v2\/posts\/306877","targetHints":{"allow":["GET"]}}],"collection":[{"href":"https:\/\/www.europesays.com\/fr\/wp-json\/wp\/v2\/posts"}],"about":[{"href":"https:\/\/www.europesays.com\/fr\/wp-json\/wp\/v2\/types\/post"}],"author":[{"embeddable":true,"href":"https:\/\/www.europesays.com\/fr\/wp-json\/wp\/v2\/users\/2"}],"replies":[{"embeddable":true,"href":"https:\/\/www.europesays.com\/fr\/wp-json\/wp\/v2\/comments?post=306877"}],"version-history":[{"count":0,"href":"https:\/\/www.europesays.com\/fr\/wp-json\/wp\/v2\/posts\/306877\/revisions"}],"wp:featuredmedia":[{"embeddable":true,"href":"https:\/\/www.europesays.com\/fr\/wp-json\/wp\/v2\/media\/306878"}],"wp:attachment":[{"href":"https:\/\/www.europesays.com\/fr\/wp-json\/wp\/v2\/media?parent=306877"}],"wp:term":[{"taxonomy":"category","embeddable":true,"href":"https:\/\/www.europesays.com\/fr\/wp-json\/wp\/v2\/categories?post=306877"},{"taxonomy":"post_tag","embeddable":true,"href":"https:\/\/www.europesays.com\/fr\/wp-json\/wp\/v2\/tags?post=306877"}],"curies":[{"name":"wp","href":"https:\/\/api.w.org\/{rel}","templated":true}]}}