{"id":306881,"date":"2025-08-09T07:58:11","date_gmt":"2025-08-09T07:58:11","guid":{"rendered":"https:\/\/www.europesays.com\/fr\/306881\/"},"modified":"2025-08-09T07:58:11","modified_gmt":"2025-08-09T07:58:11","slug":"australie-allemagne-italie-nouvelle-zelande-et-royaume-uni-rejettent-fermement","status":"publish","type":"post","link":"https:\/\/www.europesays.com\/fr\/306881\/","title":{"rendered":"Australie, Allemagne, Italie, Nouvelle-Z\u00e9lande et Royaume-Uni \u00ab\u00a0rejettent fermement\u00a0\u00bb"},"content":{"rendered":"<p>                            AA \/ Istanbul \/ Saadet Gokce<\/p>\n<p>L\u2019Australie, l\u2019Allemagne, l\u2019Italie, la Nouvelle-Z\u00e9lande et le Royaume-Uni ont \u00ab fermement rejet\u00e9 \u00bb vendredi le plan d\u2019Isra\u00ebl visant \u00e0 occuper la ville de Gaza.<\/p>\n<p>Selon leurs ministres des Affaires \u00e9trang\u00e8res, cette op\u00e9ration militaire \u00ab aggraverait la situation humanitaire catastrophique, mettrait en danger la vie des otages et accro\u00eetrait encore le risque de d\u00e9placements massifs de civils \u00bb.<\/p>\n<p>Ils ont averti que ce projet risque de \u00ab violer le droit international humanitaire \u00bb, rappelant que \u00ab toute tentative d\u2019annexion ou d\u2019extension des colonies constitue une violation du droit international \u00bb.<\/p>\n<p>Les ministres ont appel\u00e9 \u00e0 un cessez-le-feu imm\u00e9diat et permanent \u00ab permettant la fourniture d\u2019une aide humanitaire massive, imm\u00e9diate et sans entrave, alors que le sc\u00e9nario du pire, celui de la famine, se profile \u00e0 Gaza \u00bb.<\/p>\n<p>Ils ont r\u00e9affirm\u00e9 leur engagement en faveur de \u00ab la mise en \u0153uvre d\u2019une solution n\u00e9goci\u00e9e \u00e0 deux \u00c9tats \u00bb, laquelle exige \u00ab la d\u00e9militarisation totale du Hamas et son exclusion compl\u00e8te de toute forme de gouvernance dans la bande de Gaza \u00bb.<\/p>\n<p>Vendredi matin, le cabinet de s\u00e9curit\u00e9 isra\u00e9lien a approuv\u00e9 le plan du Premier ministre Benyamin Netanyahu visant \u00e0 occuper enti\u00e8rement la ville de Gaza.<\/p>\n<p>En effet, Isra\u00ebl fait face \u00e0 une indignation croissante pour sa guerre d\u00e9vastatrice contre Gaza, qui a co\u00fbt\u00e9 la vie \u00e0 plus de 61 000 personnes depuis octobre 2023. La campagne militaire a ravag\u00e9 l\u2019enclave et l\u2019a men\u00e9e au bord de la famine.<\/p>\n<p>En novembre dernier, la Cour p\u00e9nale internationale a \u00e9mis des mandats d\u2019arr\u00eat contre le Premier ministre Benyamin Netanyahu et son ancien ministre de la D\u00e9fense Yoav Gallant pour crimes de guerre et crimes contre l\u2019humanit\u00e9 \u00e0 Gaza.<\/p>\n<p>Isra\u00ebl est \u00e9galement vis\u00e9 par une proc\u00e9dure pour g\u00e9nocide devant la Cour internationale de Justice pour sa guerre contre l\u2019enclave.<\/p>\n<p>* Traduit de l&rsquo;Anglais par Adama Bamba&#13;<br \/>\n                            &#13;<br \/>\n                                <a href=\"https:\/\/www.aa.com.tr\/fr\/p\/abonnement\/1001\" target=\"_blank\" style=\"font-size:12px; color:#444; text-decoration:none;\" rel=\"noopener\">&#13;<br \/>\n                                    Seulement une partie des d\u00e9p\u00eaches, que l&rsquo;Agence Anadolu diffuse \u00e0 ses abonn\u00e9s via le Syst\u00e8me de Diffusion interne (HAS), est diffus\u00e9e sur le site de l&rsquo;AA, de mani\u00e8re r\u00e9sum\u00e9e. <b style=\"color:#1897F7\">Contactez-nous s&rsquo;il vous pla\u00eet pour vous abonner.<\/b>&#13;<br \/>\n                                <\/a>&#13;<br \/>\n                            &#13;\n                        <\/p>\n","protected":false},"excerpt":{"rendered":"AA \/ Istanbul \/ Saadet Gokce L\u2019Australie, l\u2019Allemagne, l\u2019Italie, la Nouvelle-Z\u00e9lande et le Royaume-Uni ont \u00ab fermement rejet\u00e9&hellip;\n","protected":false},"author":2,"featured_media":306882,"comment_status":"","ping_status":"","sticky":false,"template":"","format":"standard","meta":{"footnotes":""},"categories":[1588],"tags":[11,672,1785,5035,1777,674,665,664,452,12,44752,473,1853,1851,1850,1852],"class_list":{"0":"post-306881","1":"post","2":"type-post","3":"status-publish","4":"format-standard","5":"has-post-thumbnail","7":"category-royaume-uni","8":"tag-actualites","9":"tag-allemagne","10":"tag-anadolu-ajansi","11":"tag-australie","12":"tag-eu","13":"tag-europe","14":"tag-gaza","15":"tag-israel","16":"tag-italie","17":"tag-news","18":"tag-nouvelle-zlande","19":"tag-royaume-uni","20":"tag-royaume-uni-de-grande-bretagne-et-dirlande-du-nord","21":"tag-uk","22":"tag-united-kingdom","23":"tag-united-kingdom-of-great-britain-and-northern-ireland"},"share_on_mastodon":{"url":"https:\/\/pubeurope.com\/@fr\/114997749664824956","error":""},"_links":{"self":[{"href":"https:\/\/www.europesays.com\/fr\/wp-json\/wp\/v2\/posts\/306881","targetHints":{"allow":["GET"]}}],"collection":[{"href":"https:\/\/www.europesays.com\/fr\/wp-json\/wp\/v2\/posts"}],"about":[{"href":"https:\/\/www.europesays.com\/fr\/wp-json\/wp\/v2\/types\/post"}],"author":[{"embeddable":true,"href":"https:\/\/www.europesays.com\/fr\/wp-json\/wp\/v2\/users\/2"}],"replies":[{"embeddable":true,"href":"https:\/\/www.europesays.com\/fr\/wp-json\/wp\/v2\/comments?post=306881"}],"version-history":[{"count":0,"href":"https:\/\/www.europesays.com\/fr\/wp-json\/wp\/v2\/posts\/306881\/revisions"}],"wp:featuredmedia":[{"embeddable":true,"href":"https:\/\/www.europesays.com\/fr\/wp-json\/wp\/v2\/media\/306882"}],"wp:attachment":[{"href":"https:\/\/www.europesays.com\/fr\/wp-json\/wp\/v2\/media?parent=306881"}],"wp:term":[{"taxonomy":"category","embeddable":true,"href":"https:\/\/www.europesays.com\/fr\/wp-json\/wp\/v2\/categories?post=306881"},{"taxonomy":"post_tag","embeddable":true,"href":"https:\/\/www.europesays.com\/fr\/wp-json\/wp\/v2\/tags?post=306881"}],"curies":[{"name":"wp","href":"https:\/\/api.w.org\/{rel}","templated":true}]}}