{"id":306891,"date":"2025-08-09T08:03:12","date_gmt":"2025-08-09T08:03:12","guid":{"rendered":"https:\/\/www.europesays.com\/fr\/306891\/"},"modified":"2025-08-09T08:03:12","modified_gmt":"2025-08-09T08:03:12","slug":"ou-regarder-la-chaine-ligue-1","status":"publish","type":"post","link":"https:\/\/www.europesays.com\/fr\/306891\/","title":{"rendered":"o\u00f9 regarder la cha\u00eene Ligue 1+ ?"},"content":{"rendered":"<p class=\"article-p mdl\">\u00c0 partir du lundi 11 ao\u00fbt 2025, les amateurs de football pourront commencer \u00e0 s&rsquo;abonner \u00e0 la nouvelle cha\u00eene Ligue 1+, lanc\u00e9e par la Ligue professionnelle de football (LFP), qui diffusera huit des neuf rencontres de chaque journ\u00e9e de championnat.<\/p>\n<p class=\"article-p mdl\"><strong>Outre la plateforme\u00a0<a class=\"link\" href=\"https:\/\/www.rtl.fr\/sport\/football\/ligue-1-prix-abonnements-diffusion-tout-savoir-sur-la-chaine-de-la-ligue-1-7900528532\" title=\"Ligue 1+ : prix, abonnements, diffusion... Tout savoir sur la cha\u00eene de la Ligue 1\" target=\"_blank\" rel=\"noopener\">Ligue 1+<\/a>, la cha\u00eene sera accessible \u00e0 tous gr\u00e2ce une hyper distribution<\/strong>. Elle sera effectivement disponible via les fournisseurs d&rsquo;acc\u00e8s \u00e0 Internet. Pour Orange, ce sera sur le canal 53 (canaux \u00e9v\u00e9nementiels 192 \u00e0 199), pour Free, sur le canal 37 (canaux \u00e9v\u00e9nementiels 409 \u00e0 417), pour SFR, sur le canal 118 (canaux \u00e9v\u00e9nementiels 321 \u00e0 329) et pour Bouygues, sur le canal 57 (canaux \u00e9v\u00e9nementiels 878 \u00e0 886).\u00a0<\/p>\n<p class=\"article-p mdl\">Il sera aussi possible d&rsquo;y souscrire via DAZN, l&rsquo;ancien diffuseur du championnat de France, Samsung TV et m\u00eame dans les magasins Carrefour. D&rsquo;autres contrats de distribution sont en cours de n\u00e9gociations.\u00a0<\/p>\n<p>            Un abonnement entre 9,99 euros et 19,99 euros par mois<\/p>\n<p class=\"article-p mdl\">Ligue 1+ propose plusieurs formules d&rsquo;abonnement. Deux premi\u00e8res dites classiques, accessibles via la t\u00e9l\u00e9vision. La premi\u00e8re est \u00e0 14,99 euros par mois avec un engagement de 12 mois. La seconde \u00e0 19,99 euros par mois sans engagement. Pour ces deux offres, il sera possible de regarder les matches sur deux \u00e9crans simultan\u00e9ment. <strong>En cas d&rsquo;abonnement avant le 31 ao\u00fbt, les trois premiers mois ne seront qu&rsquo;\u00e0 9,99 euros.<\/strong><\/p>\n<p class=\"article-p mdl\">L&rsquo;autre formule est un abonnement uniquement accessible sur t\u00e9l\u00e9phone, tablette et ordinateur et pour un seul \u00e9cran. Le prix de ce pass mobile : 14,99 euros sans engagement. Cette formule est \u00e9galement d\u00e9clin\u00e9e pour les moins de 26 ans. Le tarif est ici \u00e0 9,99 euros.\u00a0<\/p>\n<p>    La r\u00e9daction vous recommande<\/p>\n<p class=\"s-newsletter__title\">\n                L\u2019actualit\u00e9 par la r\u00e9daction de RTL dans votre bo\u00eete mail.\n            <\/p>\n<p class=\"s-newsletter__subtitle\">\n                Gr\u00e2ce \u00e0 votre compte RTL abonnez-vous \u00e0 la newsletter RTL info pour suivre toute l&rsquo;actualit\u00e9 au quotidien\n            <\/p>\n<p>\n                                    Lire la suite\n                                <\/p>\n","protected":false},"excerpt":{"rendered":"\u00c0 partir du lundi 11 ao\u00fbt 2025, les amateurs de football pourront commencer \u00e0 s&rsquo;abonner \u00e0 la nouvelle&hellip;\n","protected":false},"author":2,"featured_media":306892,"comment_status":"","ping_status":"","sticky":false,"template":"","format":"standard","meta":{"footnotes":""},"categories":[2],"tags":[11,2414,107,2619,63,1011,27,2330,66,12,25,252],"class_list":{"0":"post-306891","1":"post","2":"type-post","3":"status-publish","4":"format-standard","5":"has-post-thumbnail","7":"category-actualites","8":"tag-actualites","9":"tag-fil-culture","10":"tag-fil-info","11":"tag-fil-sport","12":"tag-football","13":"tag-fr","14":"tag-france","15":"tag-lfp","16":"tag-ligue-1","17":"tag-news","18":"tag-republique-francaise","19":"tag-television"},"share_on_mastodon":{"url":"https:\/\/pubeurope.com\/@fr\/114997769334999710","error":""},"_links":{"self":[{"href":"https:\/\/www.europesays.com\/fr\/wp-json\/wp\/v2\/posts\/306891","targetHints":{"allow":["GET"]}}],"collection":[{"href":"https:\/\/www.europesays.com\/fr\/wp-json\/wp\/v2\/posts"}],"about":[{"href":"https:\/\/www.europesays.com\/fr\/wp-json\/wp\/v2\/types\/post"}],"author":[{"embeddable":true,"href":"https:\/\/www.europesays.com\/fr\/wp-json\/wp\/v2\/users\/2"}],"replies":[{"embeddable":true,"href":"https:\/\/www.europesays.com\/fr\/wp-json\/wp\/v2\/comments?post=306891"}],"version-history":[{"count":0,"href":"https:\/\/www.europesays.com\/fr\/wp-json\/wp\/v2\/posts\/306891\/revisions"}],"wp:featuredmedia":[{"embeddable":true,"href":"https:\/\/www.europesays.com\/fr\/wp-json\/wp\/v2\/media\/306892"}],"wp:attachment":[{"href":"https:\/\/www.europesays.com\/fr\/wp-json\/wp\/v2\/media?parent=306891"}],"wp:term":[{"taxonomy":"category","embeddable":true,"href":"https:\/\/www.europesays.com\/fr\/wp-json\/wp\/v2\/categories?post=306891"},{"taxonomy":"post_tag","embeddable":true,"href":"https:\/\/www.europesays.com\/fr\/wp-json\/wp\/v2\/tags?post=306891"}],"curies":[{"name":"wp","href":"https:\/\/api.w.org\/{rel}","templated":true}]}}