{"id":306893,"date":"2025-08-09T08:04:22","date_gmt":"2025-08-09T08:04:22","guid":{"rendered":"https:\/\/www.europesays.com\/fr\/306893\/"},"modified":"2025-08-09T08:04:22","modified_gmt":"2025-08-09T08:04:22","slug":"angelique-angarni-filopon-miss-france-2025-raconte-sa-frayeur-sur-le-tournage-de-fort-boyard","status":"publish","type":"post","link":"https:\/\/www.europesays.com\/fr\/306893\/","title":{"rendered":"Ang\u00e9lique Angarni-Filopon (Miss France 2025) raconte sa frayeur sur le tournage de Fort Boyard"},"content":{"rendered":"<p>En mai dernier, elle prenait la mer direction <a href=\"https:\/\/www.programme-tv.net\/news\/tv\/381445-fort-boyard-2025-date-de-diffusion-derniere-saison-d-olivier-minne-nouveautes-toutes-les-infos-sur-le-jeu-de-france-2\/\" data-api-deeplink=\"teleloisirs:\/\/news\/381445\" target=\"_blank\" rel=\"noopener\">Fort Boyard<\/a> ! Ce samedi 9 ao\u00fbt France 2 diffuse le num\u00e9ro in\u00e9dit de son jeu estival dans lequel on retrouvera donc<a href=\"https:\/\/www.programme-tv.net\/news\/evenement\/miss-france-miss-france\/384259-exclu-angelique-angarni-filopon-vit-ses-premieres-elections-regionales-pour-miss-france-2026-elles-marquent-le-debut-de-ma-petite-fin\/\" data-api-deeplink=\"teleloisirs:\/\/news\/384259\" target=\"_blank\" rel=\"noopener\"> la Miss France 2025, Ang\u00e9lique Angarni-Filopon<\/a>, <a href=\"https:\/\/www.programme-tv.net\/biographie\/138649-etchebest-philippe\/\" data-link-people=\"25888dd0-df6a-4e79-aa22-fd391266dd60\" target=\"_blank\" rel=\"noopener\">Philippe Etchebest<\/a>, <a href=\"https:\/\/www.programme-tv.net\/biographie\/29394-tellier-sylvie\/\" data-link-people=\"d0897822-a41e-4895-b264-e1697ca60a28\" target=\"_blank\" rel=\"noopener\">Sylvie Tellier<\/a>, les com\u00e9diens <a href=\"https:\/\/www.programme-tv.net\/biographie\/255521-poulpe-monsieur\/\" data-link-people=\"612af3bf-11e6-4fa6-a51c-07302dd4ff1f\" target=\"_blank\" rel=\"noopener\">Monsieur Poulpe<\/a> et Paul Scarfoglio ainsi que le vid\u00e9aste de Youtube LeBouseuh. Un passage obligatoire pour la reine de beaut\u00e9 qui s&rsquo;est n\u00e9anmoins fait un peu peur \u00e0 cause d&rsquo;une \u00ab\u00a0petite chute\u00a0\u00bb intervenue \u00e0 la suite d&rsquo;une \u00e9preuve mythique propos\u00e9e par le P\u00e8re Fouras.<\/p>\n<p>\u00ab\u00a0Elle m&rsquo;a donn\u00e9 des techniques\u00a0\u00bb : Ang\u00e9lique Angarni-Filopon (Miss France 2025) r\u00e9v\u00e8le les conseils donn\u00e9s par Sylvie Tellier dans Fort Boyard<\/p>\n<p><b>T\u00e9l\u00e9-Loisirs : <\/b><b>Vous avez effectu\u00e9 votre bapt\u00eame de <\/b><b>Fort Boyard<\/b><b>. Comment \u00e7a s&rsquo;est pass\u00e9 ?<\/b><br \/><b>Ang\u00e9lique Angarni-Filopon<\/b> : Pour \u00eatre honn\u00eate, <b>je n\u2019\u00e9tais pas hyper partante pour le faire<\/b>, mais \u00e0 la fin de la journ\u00e9e, je me suis dit que c&rsquo;\u00e9tait vraiment super g\u00e9nial ! J\u2019ai ador\u00e9 l\u2019\u00e9quipe, le lieu et d\u00e9couvrir tout \u00e7a. L\u2019\u00e9mission a berc\u00e9 mon enfance, un peu comme <a href=\"https:\/\/www.programme-tv.net\/news\/tv\/384737-le-bigdil-vincent-lagaf-bientot-de-retour-pour-une-saison-2-voici-sa-date-de-diffusion\/\" data-api-deeplink=\"teleloisirs:\/\/news\/384737\" target=\"_blank\" rel=\"noopener\">Le Bigdil<\/a> ou <a href=\"https:\/\/www.programme-tv.net\/news\/tv\/384042-intervilles-quel-bilan-d-audiences-pour-le-retour-du-jeu-sur-france-2\/\" data-api-deeplink=\"teleloisirs:\/\/news\/384042\" target=\"_blank\" rel=\"noopener\">Intervilles<\/a>. Nous avons grandi en regardant Fort Boyard et ce cadre idyllique et fabuleux. C\u2019\u00e9tait trop bien.<\/p>\n<p><b>Vous n&rsquo;\u00e9tiez pas hyper partante parce que vous appr\u00e9hendiez certaines choses ?<\/b><br \/><b>J&rsquo;avais un peu peur <\/b>de tomber sur des trucs sur lesquels je ne voulais pas tomber, comme devoir manger les yeux de quelque chose ou des pattes de mygales. Mais j&rsquo;insiste : j&rsquo;ai pass\u00e9 une excellente journ\u00e9e. J&rsquo;ai aussi pu voir l\u2019envers du d\u00e9cor en montant par la nacelle et en d\u00e9couvrant la salle o\u00f9 tombent les boyards.<\/p>\n<p><b>Comment s&rsquo;est pass\u00e9e l&rsquo;entente avec votre \u00e9quipe ?<\/b><br \/>J\u2019en connaissais deux ou trois ! Mais d\u2019autres que j\u2019ai appris \u00e0 d\u00e9couvrir. Je pense que j\u2019ai esquiss\u00e9 deux-trois larmes de fous rires tout au long de la journ\u00e9e. Et puis, comme Sylvie Tellier a \u00e9norm\u00e9ment particip\u00e9 \u00e0 Fort Boyard, elle m\u2019a donn\u00e9 des techniques pour les jeux, pour r\u00e9cup\u00e9rer les sous \u00e0 la fin\u2026 Elle nous a rassur\u00e9s. Elle est tr\u00e8s courageuse, Sylvie.<\/p>\n<p>            \u00ab\u00a0J&rsquo;ai eu un petit peu peur\u00a0\u00bb : Ang\u00e9lique Angarni-Filopon (Miss France) revient sur sa l\u00e9g\u00e8re blessure sur une \u00e9preuve de Fort Boyard 2025<\/p>\n<p><b>\u00c0 la suite de l&rsquo;\u00e9preuve de la laverie, vous sembliez vous \u00eatre bless\u00e9e. Puis, vous avez disparu un long moment\u2026<\/b><br \/>Je suis partie pendant un moment pour me changer. Puisqu\u2019avec ma mousse, ce n\u2019\u00e9tait pas super simple. <b>J\u2019ai fait une petite chute <\/b>et \u00e7a m\u2019a juste un peu fait peur. J\u2019ai cru comprendre que je m\u2019\u00e9tais fait tr\u00e8s tr\u00e8s mal, mais apr\u00e8s v\u00e9rification tout va tr\u00e8s bien. Le lendemain, j\u2019\u00e9tais \u00e0 une s\u00e9ance de d\u00e9dicaces et tout allait bien. J\u2019ai eu un petit peu peur, on a pr\u00e9f\u00e9r\u00e9 v\u00e9rifier que tout allait bien.<\/p>\n<p><b>Vous aviez un peu le bras en \u00e9charpe \u00e0 un moment non ?<br \/><\/b>Oui, mais \u00e7a va. Je vais tr\u00e8s bien. Je pense que j\u2019ai juste eu peur sur le coup.<\/p>\n<p><b>Sur le tournage, vous avez d\u00e9clar\u00e9 : \u00ab\u00a0<\/b><b>Je n\u2019ai pas envie que les gens croient qu\u2019on perd \u00e0 cause de moi.\u00a0\u00bb <\/b><b>Vous l&rsquo;avez ressenti comme une pression ou comme une motivation ?<\/b><br \/>Je n\u2019aime pas perdre ! Ce n\u2019est pas une gagne malsaine, je ne suis pas mauvaise perdante, je peux accepter la d\u00e9faite, mais je n&rsquo;avais pas envie d\u2019\u00eatre le boulet du groupe et qu\u2019on dise : \u00ab\u00a0Ang\u00e9lique n\u2019a rien gagn\u00e9\u00a0\u00bb. Il fallait au moins que je donne tout. <b>Je ne voulais pas handicaper l\u2019\u00e9quipe<\/b>, ne pas ramener d\u2019indices ou de sous. J\u2019avais envie de me battre pour l\u2019association.<\/p>\n","protected":false},"excerpt":{"rendered":"En mai dernier, elle prenait la mer direction Fort Boyard ! Ce samedi 9 ao\u00fbt France 2 diffuse&hellip;\n","protected":false},"author":2,"featured_media":306894,"comment_status":"","ping_status":"","sticky":false,"template":"","format":"standard","meta":{"footnotes":""},"categories":[4],"tags":[11,44753,244,15745,1011,27,594,2173,3034,12,17033,25],"class_list":{"0":"post-306893","1":"post","2":"type-post","3":"status-publish","4":"format-standard","5":"has-post-thumbnail","7":"category-france","8":"tag-actualites","9":"tag-angu00e9lique-angarni-filopon-miss-france-2025","10":"tag-commentaire","11":"tag-fort-boyard","12":"tag-fr","13":"tag-france","14":"tag-france-2","15":"tag-interview","16":"tag-miss-france","17":"tag-news","18":"tag-olivier-minne","19":"tag-republique-francaise"},"share_on_mastodon":{"url":"https:\/\/pubeurope.com\/@fr\/114997773777379112","error":""},"_links":{"self":[{"href":"https:\/\/www.europesays.com\/fr\/wp-json\/wp\/v2\/posts\/306893","targetHints":{"allow":["GET"]}}],"collection":[{"href":"https:\/\/www.europesays.com\/fr\/wp-json\/wp\/v2\/posts"}],"about":[{"href":"https:\/\/www.europesays.com\/fr\/wp-json\/wp\/v2\/types\/post"}],"author":[{"embeddable":true,"href":"https:\/\/www.europesays.com\/fr\/wp-json\/wp\/v2\/users\/2"}],"replies":[{"embeddable":true,"href":"https:\/\/www.europesays.com\/fr\/wp-json\/wp\/v2\/comments?post=306893"}],"version-history":[{"count":0,"href":"https:\/\/www.europesays.com\/fr\/wp-json\/wp\/v2\/posts\/306893\/revisions"}],"wp:featuredmedia":[{"embeddable":true,"href":"https:\/\/www.europesays.com\/fr\/wp-json\/wp\/v2\/media\/306894"}],"wp:attachment":[{"href":"https:\/\/www.europesays.com\/fr\/wp-json\/wp\/v2\/media?parent=306893"}],"wp:term":[{"taxonomy":"category","embeddable":true,"href":"https:\/\/www.europesays.com\/fr\/wp-json\/wp\/v2\/categories?post=306893"},{"taxonomy":"post_tag","embeddable":true,"href":"https:\/\/www.europesays.com\/fr\/wp-json\/wp\/v2\/tags?post=306893"}],"curies":[{"name":"wp","href":"https:\/\/api.w.org\/{rel}","templated":true}]}}