{"id":306899,"date":"2025-08-09T08:08:10","date_gmt":"2025-08-09T08:08:10","guid":{"rendered":"https:\/\/www.europesays.com\/fr\/306899\/"},"modified":"2025-08-09T08:08:10","modified_gmt":"2025-08-09T08:08:10","slug":"wta-suspension-levee-pour-le-coach-de-rybakina-stefano-vukov-accuse-de-harcelement","status":"publish","type":"post","link":"https:\/\/www.europesays.com\/fr\/306899\/","title":{"rendered":"WTA > Suspension lev\u00e9e pour le coach de Rybakina, Stefano Vukov, accus\u00e9\u00a0de\u00a0harc\u00e8lement"},"content":{"rendered":"<p>L\u2019affaire Elena Rybakina Stefano Vukov prend une nouvelle tournure.<\/p>\n<p>La num\u00e9ro 10 mondiale, victime confirm\u00e9e par la WTA de violences psycho\u00adlo\u00adgiques et de harc\u00e8\u00adle\u00adment de la part de Vukov, pourra d\u00e9sor\u00admais le retrouver dans les vestiaires du circuit.<\/p>\n<p>En effet, la nouvelle annonce que la suspen\u00adsion de Stefano Vukov est arriv\u00e9e \u00e0 son\u00a0terme.<\/p>\n<p>Il avait \u00e9cop\u00e9 d\u2019une suspen\u00adsion d\u2019un an, l\u2019emp\u00eachant d\u2019entra\u00eener et d\u2019acc\u00e9der aux instal\u00adla\u00adtions des tour\u00adnois du circuit WTA.<\/p>\n<p>En revanche, on sait que le Croate avait main\u00adtenu le contact avec sa joueuse et l\u2019entra\u00eenait en dehors des tournois.\u00a0<\/p>\n<p>Reste \u00e0 voir comment Rybakina va d\u00e9sor\u00admais s\u2019entourer dans son box, elle qui \u00e9tait accom\u00adpa\u00adgn\u00e9e jusqu\u2019ici par le coach italien Davide Sanguinetti.<\/p>\n<p class=\"post-published-date\" style=\"color: silver; font-size: 75%; text-align: left;\">Publi\u00e9 le samedi 9 ao\u00fbt 2025 \u00e0 08:15<\/p>\n","protected":false},"excerpt":{"rendered":"L\u2019affaire Elena Rybakina Stefano Vukov prend une nouvelle tournure. La num\u00e9ro 10 mondiale, victime confirm\u00e9e par la WTA&hellip;\n","protected":false},"author":2,"featured_media":271006,"comment_status":"","ping_status":"","sticky":false,"template":"","format":"standard","meta":{"footnotes":""},"categories":[1415],"tags":[6903,1011,27,60,1467],"class_list":{"0":"post-306899","1":"post","2":"type-post","3":"status-publish","4":"format-standard","5":"has-post-thumbnail","7":"category-tennis","8":"tag-elena-rybakina","9":"tag-fr","10":"tag-france","11":"tag-sports","12":"tag-tennis"},"share_on_mastodon":{"url":"https:\/\/pubeurope.com\/@fr\/114997788844286682","error":""},"_links":{"self":[{"href":"https:\/\/www.europesays.com\/fr\/wp-json\/wp\/v2\/posts\/306899","targetHints":{"allow":["GET"]}}],"collection":[{"href":"https:\/\/www.europesays.com\/fr\/wp-json\/wp\/v2\/posts"}],"about":[{"href":"https:\/\/www.europesays.com\/fr\/wp-json\/wp\/v2\/types\/post"}],"author":[{"embeddable":true,"href":"https:\/\/www.europesays.com\/fr\/wp-json\/wp\/v2\/users\/2"}],"replies":[{"embeddable":true,"href":"https:\/\/www.europesays.com\/fr\/wp-json\/wp\/v2\/comments?post=306899"}],"version-history":[{"count":0,"href":"https:\/\/www.europesays.com\/fr\/wp-json\/wp\/v2\/posts\/306899\/revisions"}],"wp:featuredmedia":[{"embeddable":true,"href":"https:\/\/www.europesays.com\/fr\/wp-json\/wp\/v2\/media\/271006"}],"wp:attachment":[{"href":"https:\/\/www.europesays.com\/fr\/wp-json\/wp\/v2\/media?parent=306899"}],"wp:term":[{"taxonomy":"category","embeddable":true,"href":"https:\/\/www.europesays.com\/fr\/wp-json\/wp\/v2\/categories?post=306899"},{"taxonomy":"post_tag","embeddable":true,"href":"https:\/\/www.europesays.com\/fr\/wp-json\/wp\/v2\/tags?post=306899"}],"curies":[{"name":"wp","href":"https:\/\/api.w.org\/{rel}","templated":true}]}}