{"id":306900,"date":"2025-08-09T08:10:29","date_gmt":"2025-08-09T08:10:29","guid":{"rendered":"https:\/\/www.europesays.com\/fr\/306900\/"},"modified":"2025-08-09T08:10:29","modified_gmt":"2025-08-09T08:10:29","slug":"le-programme-du-week-end-de-la-4e-course-de-la-saison-chaines-horaires","status":"publish","type":"post","link":"https:\/\/www.europesays.com\/fr\/306900\/","title":{"rendered":"Le programme du week-end de la 4e course de la saison (cha\u00eenes, horaires\u2026)"},"content":{"rendered":"<p>Dans la nuit du <a href=\"https:\/\/www.20minutes.fr\/dossier\/qatar\" class=\"color-ultramarine c-link\" target=\"_blank\" rel=\"noopener\">Qatar<\/a>, le Grand Prix de <a href=\"https:\/\/www.20minutes.fr\/sport\/moto-gp\/\" class=\"color-ultramarine c-link\" target=\"_blank\" rel=\"noopener\">MotoGP<\/a> s\u2019annonce spectaculaire dimanche, avec du beau monde sur la grille de d\u00e9part. Au-del\u00e0 du retour de blessure du champion du monde Jorge Martin, la bataille entre les Ducati de Marc Marquez et Francisco Bagnaia devrait \u00eatre passionnante. Alex Marquez, leader au classement g\u00e9n\u00e9ral, tentera d\u2019\u00eatre aussi r\u00e9gulier que lors des trois premi\u00e8res courses. Mais avant cela, les essais et le sprint permettront d&rsquo;aller crescendo vers le Grand Prix.<\/p>\n<p class=\"mb-xxl@xs color-ultramarine font-weight-semi-bold@xs font-source-serif-pro heading-s@xs\">L\u2019acc\u00e8s \u00e0 ce contenu a \u00e9t\u00e9 bloqu\u00e9 afin de respecter votre choix de consentement<\/p>\n<p class=\"mb-m@xs text-l@xs\">En cliquant sur\u00ab J\u2019accepte \u00bb, vous acceptez le d\u00e9p\u00f4t de cookies par des services externes et aurez ainsi acc\u00e8s aux contenus de nos partenaires.<\/p>\n<p class=\"mb-xl@xs text-s@xs\">Plus d\u2019informations sur la page<a href=\"https:\/\/www.20minutes.fr\/gestion-cookies\" class=\"mx-xxs@xs color-ultramarine\" target=\"_blank\" rel=\"noopener\">Politique de gestion des cookies<\/a><\/p>\n<p>J\u2019accepteMarc Marquez, favori contrari\u00e9<\/p>\n<p>Apr\u00e8s avoir abandonn\u00e9 lors du Grand Prix des Am\u00e9riques o\u00f9 il \u00e9tait favori, le pilote espagnol Marc Marquez (Ducati) sera d\u00e9termin\u00e9 ce week-end. Bagnaia (Ducati) et \u00c1lex M\u00e1rquez (Ducati Gresini) devront tenter de calmer ses ardeurs lors d\u2019un v\u00e9ritable combat annonc\u00e9 d\u2019avance entre les Ducati.<\/p>\n<p>Jorge Martin, bless\u00e9 depuis fin\u00a02024, est de retour en selle apr\u00e8s avoir \u00e9t\u00e9 d\u00e9clar\u00e9 apte. Il s\u2019\u00e9lancera sous les couleurs d\u2019Aprilia avec la lourde t\u00e2che de contrer les Ducati de Marc Marquez (2 victoires) et Francesco Bagnaia (1 victoire). Les Fran\u00e7ais Johann Zarco (LCR Honda) et Fabio Quartararo (Yamaha) ont de minces chances de podium mais ils vont tenter de tirer leur \u00e9pingle du jeu.<\/p>\n<p>Sur quelles cha\u00eenes suivre le week-end de Moto GP au Qatar<\/p>\n<p>Cette 4e manche du championnat du monde\u00a02025 sera diffus\u00e9e sur <a href=\"https:\/\/www.20minutes.fr\/arts-stars\/medias\/canal_plus\/\" class=\"color-ultramarine c-link\" target=\"_blank\" rel=\"noopener\">Canal +<\/a>\u00a0et Canal +\u00a0Sport. La journ\u00e9e de samedi, avec les qualifications et la course sprint, sera int\u00e9ressante. Mais le Grand Prix de dimanche s\u2019annonce riche en rebondissements.<\/p>\n<p>Le programme du MotoGP du Qatar 2025Essais Libres 1<\/p>\n<ul>\n<li>Vendredi 11\u00a0avril<\/li>\n<li>De 14h45 \u00e0 15h30<\/li>\n<li>\u00c0 partir de 14h35 sur Canal+\u00a0Sport 360<\/li>\n<\/ul>\n<p>Essais<\/p>\n<ul>\n<li>Vendredi 11\u00a0avril<\/li>\n<li>De 19h \u00e0 20h<\/li>\n<li>\u00c0 partir de 18h50 sur Canal+\u00a0Sport 360<\/li>\n<\/ul>\n<p>Essais Libres 2<\/p>\n<ul>\n<li>Samedi 12\u00a0avril<\/li>\n<li>De 14h \u00e0 14h30<\/li>\n<li>\u00c0 partir de 13h50 sur Canal+\u00a0Sport 360<\/li>\n<\/ul>\n<p>Qualifications<\/p>\n<ul>\n<li>Samedi 12\u00a0avril<\/li>\n<li>De 14h40 \u00e0 14h55 pour la Q1<\/li>\n<li>De 15h05 \u00e0 15h20 pour la Q2<\/li>\n<li>\u00c0 partir de 14h35 sur Canal+\u00a0Sport 360<\/li>\n<\/ul>\n<p>Course sprint<\/p>\n<ul>\n<li>Samedi 12\u00a0avril<\/li>\n<li>D\u00e9part \u00e0 19h pour 11 tours<\/li>\n<li>\u00c0 partir de 18h57 sur Canal+\u00a0Sport 360<\/li>\n<\/ul>\n<p>Warm Up<\/p>\n<ul>\n<li>Dimanche 13\u00a0avril<\/li>\n<li>De 14h40 \u00e0 14h50<\/li>\n<li>\u00c0 partir de 14h35 sur Canal+\u00a0Sport 360<\/li>\n<\/ul>\n<p>Course<\/p>\n<ul>\n<li>D\u00e9part \u00e0 19h pour 22 tours<\/li>\n<li>\u00c0 partir de 18h57 sur Canal+<\/li>\n<\/ul>\n<p>Le classement avant la 4e course du MotoGP 2025<\/p>\n<ul>\n<li>Francesco Bagnaia, en 39&rsquo;00&Prime;190 &#8211; Ducati<\/li>\n<li>Alex Marquez, \u00e0 0\u00a0\u00bb280 &#8211; Ducati Gresini<\/li>\n<li>Fabio Di Giannantonio, \u00e0 0\u00a0\u00bb785 &#8211; Ducati VR46<\/li>\n<li>Franco Morbidelli, \u00e0 0\u00a0\u00bb923 &#8211; Ducati VR46<\/li>\n<li>Jack Miller, \u00e0 0\u00a0\u00bb048 &#8211; Yamaha Pramac<\/li>\n<li>Marco Bezzecchi, \u00e0 0\u00a0\u00bb429 &#8211; Aprilia<\/li>\n<li>Enea Bastianini, \u00e0 0\u00a0\u00bb006 &#8211; KTM Tech 3<\/li>\n<li>Luca Marini, \u00e0 0\u00a0\u00bb837 &#8211; Honda<\/li>\n<li>Ai Ogura, \u00e0 0\u00a0\u00bb535 &#8211; Aprilia Trackhouse Racing<\/li>\n<li>Fabio Quartararo, \u00e0 0\u00a0\u00bb446 &#8211; Yamaha<\/li>\n<li>Alex Rins, \u00e0 0\u00a0\u00bb447 &#8211; Yamaha<\/li>\n<li>Raul Fernandez, \u00e0 0\u00a0\u00bb129 &#8211; Aprilia Trackhouse Racing<\/li>\n<li>Augusto Fernandez, \u00e0 0\u00a0\u00bb931 &#8211; Yamaha Pramac<\/li>\n<li>Maverick Vinales, \u00e0 0\u00a0\u00bb915 &#8211; KTM Tech 3<\/li>\n<li>Lorenzo Savadori, \u00e0 0\u00a0\u00bb588 &#8211; Aprilia<\/li>\n<li>Somkiat Chantra, \u00e0 0\u00a0\u00bb792 &#8211; Honda LCR<\/li>\n<\/ul>\n","protected":false},"excerpt":{"rendered":"Dans la nuit du Qatar, le Grand Prix de MotoGP s\u2019annonce spectaculaire dimanche, avec du beau monde sur&hellip;\n","protected":false},"author":2,"featured_media":306901,"comment_status":"","ping_status":"","sticky":false,"template":"","format":"standard","meta":{"footnotes":""},"categories":[1413],"tags":[1680,1011,27,1741,1457,6033,1456,1463,517,60],"class_list":{"0":"post-306900","1":"post","2":"type-post","3":"status-publish","4":"format-standard","5":"has-post-thumbnail","7":"category-moto","8":"tag-fabio-quartararo","9":"tag-fr","10":"tag-france","11":"tag-johann-zarco","12":"tag-moto","13":"tag-moto-gp","14":"tag-motocycle","15":"tag-qatar","16":"tag-sport","17":"tag-sports"},"share_on_mastodon":{"url":"https:\/\/pubeurope.com\/@fr\/114997796738272136","error":""},"_links":{"self":[{"href":"https:\/\/www.europesays.com\/fr\/wp-json\/wp\/v2\/posts\/306900","targetHints":{"allow":["GET"]}}],"collection":[{"href":"https:\/\/www.europesays.com\/fr\/wp-json\/wp\/v2\/posts"}],"about":[{"href":"https:\/\/www.europesays.com\/fr\/wp-json\/wp\/v2\/types\/post"}],"author":[{"embeddable":true,"href":"https:\/\/www.europesays.com\/fr\/wp-json\/wp\/v2\/users\/2"}],"replies":[{"embeddable":true,"href":"https:\/\/www.europesays.com\/fr\/wp-json\/wp\/v2\/comments?post=306900"}],"version-history":[{"count":0,"href":"https:\/\/www.europesays.com\/fr\/wp-json\/wp\/v2\/posts\/306900\/revisions"}],"wp:featuredmedia":[{"embeddable":true,"href":"https:\/\/www.europesays.com\/fr\/wp-json\/wp\/v2\/media\/306901"}],"wp:attachment":[{"href":"https:\/\/www.europesays.com\/fr\/wp-json\/wp\/v2\/media?parent=306900"}],"wp:term":[{"taxonomy":"category","embeddable":true,"href":"https:\/\/www.europesays.com\/fr\/wp-json\/wp\/v2\/categories?post=306900"},{"taxonomy":"post_tag","embeddable":true,"href":"https:\/\/www.europesays.com\/fr\/wp-json\/wp\/v2\/tags?post=306900"}],"curies":[{"name":"wp","href":"https:\/\/api.w.org\/{rel}","templated":true}]}}