{"id":306904,"date":"2025-08-09T08:12:09","date_gmt":"2025-08-09T08:12:09","guid":{"rendered":"https:\/\/www.europesays.com\/fr\/306904\/"},"modified":"2025-08-09T08:12:09","modified_gmt":"2025-08-09T08:12:09","slug":"a-t-on-le-droit-de-rouler-en-velo-sur-les-trottoirs-ce-que-dit-le-code-de-la-route","status":"publish","type":"post","link":"https:\/\/www.europesays.com\/fr\/306904\/","title":{"rendered":"A-t-on le droit de rouler en v\u00e9lo sur les trottoirs ? Ce que dit le Code de la route"},"content":{"rendered":"<p>            Par<br \/>\n        <strong><br \/>\n            <a href=\"https:\/\/actu.fr\/auteur\/maxime-ponsot\" title=\"Consulter tous les articles de Maxime Ponsot\" target=\"_blank\" rel=\"noopener\">Maxime Ponsot<\/a><br \/>\n        <\/strong><\/p>\n<p>        Publi\u00e9 le<\/p>\n<p>            9 ao\u00fbt 2025 \u00e0 8h48        <\/p>\n<p>On l\u2019a tous fait, surtout petit. Rouler sur le trottoir avec son BMX, son VTT, voire son v\u00e9lo de route (pour les plus intr\u00e9pides). Et pourtant, la loi est tr\u00e8s claire\u2009: c\u2019est <strong>formellement interdit<\/strong>.<\/p>\n<p class=\" wall-content\">\u00ab\u2009Le code de la route s\u2019applique de la m\u00eame mani\u00e8re \u00e0 tous les usagers\u2009\u00bb, rappelle <a href=\"https:\/\/www.securite-routiere.gouv.fr\/reglementation-liee-aux-modes-de-deplacements\/velo\/regles-de-circulation-pour-les-cyclistes\" target=\"_blank\" rel=\"noopener\">la S\u00e9curit\u00e9 routi\u00e8re<\/a>. \u00ab\u2009Afin de garantir la s\u00e9curit\u00e9 de chacun, les cyclistes doivent respecter un certain nombre de r\u00e8gles, en ville ou hors agglom\u00e9ration\u2009; de jour, comme de nuit.\u2009\u00bb Et\u00a0<a href=\"https:\/\/actu.fr\/lifestyle\/velo-equipement-code-de-la-route-comment-rouler-en-toute-securite-en-ville_42641874.html\" target=\"_blank\" rel=\"noopener\">ces r\u00e9glementations sont bien pr\u00e9cises<\/a>.<\/p>\n<p>\u00catre un enfant de moins de huit ans ou tenir son v\u00e9lo \u00e0 la main<\/p>\n<p class=\" wall-content\">\u00ab\u2009Seuls <strong>les enfants de moins de huit ans<\/strong> sont autoris\u00e9s \u00e0 emprunter les trottoirs\u2009\u00bb, peut-on lire, \u00e0 destination des cyclistes, sur le site gouvernemental. Et encore, \u00ab\u2009\u00e0 condition de rouler \u00e0 une allure raisonnable et de ne pas g\u00eaner les pi\u00e9tons\u2009\u00bb, est-il stipul\u00e9.<\/p>\n<p class=\" wall-content\">Notons tout de m\u00eame que le code de la route (<a href=\"https:\/\/www.legifrance.gouv.fr\/codes\/article_lc\/LEGIARTI000051526001\" target=\"_blank\" rel=\"noopener\">consultable sur L\u00e9gifrance<\/a>) dispose que \u00ab\u2009la circulation de tous v\u00e9hicules \u00e0 deux roues <strong>conduits \u00e0 la main est tol\u00e9r\u00e9e sur la chauss\u00e9e<\/strong>\u2009\u00bb, dont les trottoirs. Mais, \u00ab\u2009dans ce cas, les conducteurs sont tenus d\u2019observer les r\u00e8gles impos\u00e9es aux pi\u00e9tons\u2009\u00bb.<\/p>\n<p>Passible d\u2019une belle amende<\/p>\n<p class=\" wall-content\">Circuler sur le trottoir en agglom\u00e9ration est m\u00eame passible d\u2019une amende forfaitaire. Et pas des plus minimes\u2009: <strong>135\u00a0euros<\/strong>. Soit le m\u00eame montant que d\u2019autres infractions telles que\u2009: tenir en main son t\u00e9l\u00e9phone ou porter des \u00e9couteurs\u2009; rouler en sens interdit\u2009; griller l\u2019arr\u00eat au feu rouge ou \u00e0 un stop ou bien la priorit\u00e9 aux pi\u00e9tons\u2009; remonter les files par la droite\u2009; ou encore circuler sous l\u2019emprise de l\u2019alcool (entre 0,25 et 0,4\u00a0mg\/l d\u2019air expir\u00e9).<\/p>\n<p class=\" wall-content\">En comparaison, circuler \u00e0 plus de deux de front sur la chauss\u00e9e n\u2019est sanctionnable \u00ab\u2009que\u2009\u00bb d\u2019une amende \u00e0 hauteur de 35\u00a0euros.<\/p>\n<p>En ville, les v\u00e9los doivent rouler sur leurs voies<\/p>\n<p class=\" wall-content\">De mani\u00e8re g\u00e9n\u00e9rale, si l\u2019on occulte les cas sp\u00e9cifiques (voies vertes, zones de rencontres, zones pi\u00e9tonnes, zones 30, etc), les v\u00e9los sont tenus de<strong> prendre les am\u00e9nagements mis \u00e0 leur disposition<\/strong>.<\/p>\n<p class=\" wall-content\">\u00ab\u2009Si la chauss\u00e9e est bord\u00e9e de chaque c\u00f4t\u00e9 par des voies cyclables, les utilisateurs de ces voies, doivent emprunter celle de droite, dans le sens de la circulation et respecter les feux de signalisations r\u00e9glant la travers\u00e9e des routes\u2009\u00bb, indique la S\u00e9curit\u00e9 routi\u00e8re.<\/p>\n<blockquote class=\"ac-article-quote wall-content\">\n<p>Pour les cyclistes, l&rsquo;obligation d&#8217;emprunter les bandes ou pistes cyclables est institu\u00e9e par l&rsquo;autorit\u00e9 investie du pouvoir de police apr\u00e8s avis du pr\u00e9fet. Il est cependant fortement recommand\u00e9 aux cyclistes, pour leur s\u00e9curit\u00e9, de privil\u00e9gier l&#8217;emprunt des voies qui leur sont d\u00e9di\u00e9es.<\/p>\n<p>    <strong>securite-routiere.gouv.fr<\/strong>\n            <\/p><\/blockquote>\n<p class=\" wall-content\">Et en l\u2019absence de pistes ou bandes cyclables\u2009? \u00ab\u2009Les cyclistes circulent sur le c\u00f4t\u00e9 droit de la chauss\u00e9e.\u2009\u00bb Ils peuvent \u00ab\u2009s\u2019\u00e9carter des v\u00e9hicules en stationnement\u2009\u00bb sur le m\u00eame bord \u00ab\u2009d\u2019une distance n\u00e9cessaire \u00e0 sa s\u00e9curit\u00e9\u2009\u00bb, est-il pr\u00e9cis\u00e9.<\/p>\n<p>En dehors des villes, attention aux v\u00e9hicules<\/p>\n<p class=\" wall-content\">Hors agglom\u00e9ration, il est conseill\u00e9 de ne pas rouler \u00ab\u2009trop pr\u00e8s de l\u2019accotement, pour \u00e9viter les orni\u00e8res ou gravillons\u2009\u00bb et de \u00ab\u2009serrer au maximum \u00e0 droite\u2009\u00bb dans les virages \u00ab\u2009car les voitures ne vous voient qu\u2019au dernier moment\u2009\u00bb. Lors du passage d\u2019un camion, restez particuli\u00e8rement prudent et vigilant au ph\u00e9nom\u00e8ne d\u2019appel d\u2019air.<\/p>\n<p class=\" wall-content\">Enfin, n\u2019oubliez pas qu\u2019\u00eatre \u00e0 v\u00e9lo vous expose, notamment lorsque vous \u00eates amen\u00e9s \u00e0 vous d\u00e9placer directement sur la route aux c\u00f4t\u00e9s des v\u00e9hicules motoris\u00e9s. Pour r\u00e9duire les risques, pensez \u00e0 vous rendre visible, autant que faire se peut, en toutes circonstances.<\/p>\n<p class=\" wall-content\">En groupe, vous pouvez rouler \u00e0 deux de front ou en file indienne (et sans risquer d\u2019amende). Si votre bande est nombreuse, scindez-la. Ne la jouez pas <a href=\"https:\/\/actu.fr\/sports\/cyclisme\/tour-de-france-2025-pourquoi-le-peloton-comportera-davantage-de-coureurs-que-d-habitude_62450051.html\" target=\"_blank\" rel=\"noopener\">peloton comme au Tour de France<\/a>.<\/p>\n<p class=\" wall-content\">Suivez toute l\u2019actualit\u00e9 de vos villes et m\u00e9dias favoris en vous inscrivant \u00e0 <a href=\"https:\/\/moncompte.actu.fr\" title=\"D\u00e9couvez Mon Actu\" rel=\"nofollow noopener\" data-trk=\"{&quot;cta&quot;:{&quot;action&quot;:&quot;https:\\\/\\\/moncompte.actu.fr&quot;,&quot;category&quot;:&quot;mon compte&quot;,&quot;from&quot;:&quot;article footer&quot;,&quot;name&quot;:&quot;Mon actu&quot;,&quot;type&quot;:&quot;cta&quot;}}\" target=\"_blank\">Mon Actu<\/a>.<\/p>\n","protected":false},"excerpt":{"rendered":"Par Maxime Ponsot Publi\u00e9 le 9 ao\u00fbt 2025 \u00e0 8h48 On l\u2019a tous fait, surtout petit. Rouler sur&hellip;\n","protected":false},"author":2,"featured_media":306905,"comment_status":"","ping_status":"","sticky":false,"template":"","format":"standard","meta":{"footnotes":""},"categories":[1411],"tags":[1154,207,1011,27,5009,104,60,208,3459],"class_list":{"0":"post-306904","1":"post","2":"type-post","3":"status-publish","4":"format-standard","5":"has-post-thumbnail","7":"category-cyclisme","8":"tag-cycling","9":"tag-cyclisme","10":"tag-fr","11":"tag-france","12":"tag-securite-routiere","13":"tag-societe","14":"tag-sports","15":"tag-velo","16":"tag-velo-electrique"},"share_on_mastodon":{"url":"https:\/\/pubeurope.com\/@fr\/114997804626703396","error":""},"_links":{"self":[{"href":"https:\/\/www.europesays.com\/fr\/wp-json\/wp\/v2\/posts\/306904","targetHints":{"allow":["GET"]}}],"collection":[{"href":"https:\/\/www.europesays.com\/fr\/wp-json\/wp\/v2\/posts"}],"about":[{"href":"https:\/\/www.europesays.com\/fr\/wp-json\/wp\/v2\/types\/post"}],"author":[{"embeddable":true,"href":"https:\/\/www.europesays.com\/fr\/wp-json\/wp\/v2\/users\/2"}],"replies":[{"embeddable":true,"href":"https:\/\/www.europesays.com\/fr\/wp-json\/wp\/v2\/comments?post=306904"}],"version-history":[{"count":0,"href":"https:\/\/www.europesays.com\/fr\/wp-json\/wp\/v2\/posts\/306904\/revisions"}],"wp:featuredmedia":[{"embeddable":true,"href":"https:\/\/www.europesays.com\/fr\/wp-json\/wp\/v2\/media\/306905"}],"wp:attachment":[{"href":"https:\/\/www.europesays.com\/fr\/wp-json\/wp\/v2\/media?parent=306904"}],"wp:term":[{"taxonomy":"category","embeddable":true,"href":"https:\/\/www.europesays.com\/fr\/wp-json\/wp\/v2\/categories?post=306904"},{"taxonomy":"post_tag","embeddable":true,"href":"https:\/\/www.europesays.com\/fr\/wp-json\/wp\/v2\/tags?post=306904"}],"curies":[{"name":"wp","href":"https:\/\/api.w.org\/{rel}","templated":true}]}}