{"id":306910,"date":"2025-08-09T08:15:13","date_gmt":"2025-08-09T08:15:13","guid":{"rendered":"https:\/\/www.europesays.com\/fr\/306910\/"},"modified":"2025-08-09T08:15:13","modified_gmt":"2025-08-09T08:15:13","slug":"jean-viard-pourquoi-eurodisney-est-ouvert-tous-les-jours-et-pas-le-louvre","status":"publish","type":"post","link":"https:\/\/www.europesays.com\/fr\/306910\/","title":{"rendered":"Jean Viard\u00a0: \u00ab\u00a0Pourquoi Eurodisney est ouvert tous les jours et pas le Louvre\u00a0?\u00a0\u00bb"},"content":{"rendered":"<p>N\u2019y a-t-il pas une contradiction fran\u00e7aise \u00e0 se vanter d\u2019\u00eatre le pays qui attire le plus de touristes au monde tout en se plaignant d\u2019un envahissement\u00a0?<\/p>\n<p><a href=\"https:\/\/www.letelegramme.fr\/france\/jean-viard-il-faut-defendre-le-voyage-6389767.php\" rel=\"nofollow noopener\" target=\"_blank\">Jean-Viard\u00a0:<\/a> Effectivement, il y a une contradiction. Quand il \u00e9tait ministre des Affaires \u00e9trang\u00e8res et du Tourisme, Laurent Fabius s\u2019\u00e9tait fix\u00e9 l\u2019objectif de <a href=\"https:\/\/www.letelegramme.fr\/france\/plus-de-touristes-etrangers-attendus-en-france-cet-ete-2025-6841224.php\" rel=\"nofollow noopener\" target=\"_blank\">100 millions de touristes par an<\/a>, barre que nous avons atteinte en 2024. C\u2019est important parce que cela repr\u00e9sente environ 8\u00a0% du PIB et que les emplois qui en d\u00e9coulent permettent souvent \u00e0 des gens qui n\u2019ont pas une tr\u00e8s haute formation de travailler, que ce soit dans la restauration, les h\u00f4tels, les campings, etc.<\/p>\n<p>Ce discours d\u2019envahissement, en revanche, pose un vrai probl\u00e8me. C\u2019est vrai que le touriste est un envahisseur, qui transforme les soci\u00e9t\u00e9s. Mais le vrai probl\u00e8me du surtourisme est d\u00fb, selon moi, \u00e0 une absence totale de politique touristique. On laisse se d\u00e9verser des dizaines de millions de personnes &#8211; un milliard et demi de personnes sur le globe &#8211; sans aucune gestion des flux. Pour la Corse, on pourrait, par exemple, d\u00e9cider qu\u2019il y a tant de bateaux par jour et tant d\u2019avions \u00e0 pr\u00e9voir en haute saison. <\/p>\n<p><img decoding=\"async\" src=\"https:\/\/www.europesays.com\/fr\/wp-content\/uploads\/2025\/08\/6895fef61b20ab95f20fe5e8.1.jpeg\" width=\"480\" height=\"300\" class=\"web_golden_m\" loading=\"lazy\" alt=\"Jean Viard, sociologue, Le retour au Local, et son articulation avec le global. Credit Photo : Alexandre Dupeyron\"\/>Jean Viard, sociologue, Le retour au Local, et son articulation avec le global. Credit Photo : Alexandre Dupeyron<\/p>\n<p>Prenez l\u2019exemple du Louvre. Le mus\u00e9e ferme le mardi, et \u00e0 18\u00a0h, les samedi et dimanche. On est o\u00f9\u00a0? J\u2019ai sugg\u00e9r\u00e9 \u00e0 plusieurs ministres concern\u00e9s de l\u2019ouvrir tous les jours et en soir\u00e9e. Sans r\u00e9ponse. Pourquoi irait-on au cin\u00e9ma le soir et pas au Louvre\u00a0? Pourquoi Eurodisney est ouvert tous les jours et pas le Louvre\u00a0? S\u2019il y a trop de monde au Louvre, c\u2019est parce qu\u2019il est ouvert \u00e0 mi-temps. Dans le Sud, on a r\u00e9gul\u00e9 les calanques de Sugiton et les gens sont ravis car ils savent qu\u2019ils n\u2019y seront jamais en nombre.<\/p>\n<p>Vous \u00eates donc favorable \u00e0 la r\u00e9gulation\u00a0?<\/p>\n<p>Je suis favorable \u00e0 la r\u00e9gulation num\u00e9rique du tourisme, pas financi\u00e8re. Le tourisme doit avoir son double num\u00e9rique, c\u2019est-\u00e0-dire que nous devrions pouvoir, en permanence, sur internet, estimer pr\u00e9cis\u00e9ment le nombre de visiteurs attendus sur tel site \u00e0 la date que l\u2019on a choisie, le temps d\u2019attente estim\u00e9 pour telle visite, etc. Le tout sur les bases des archives. Nous devons mettre sur pied une France num\u00e9rique du tourisme. Le flux non contr\u00f4l\u00e9 actuel revient \u00e0 l\u00e2cher sur l\u2019autoroute des automobilistes sans les pr\u00e9venir des bouchons. Le but, c\u2019est de se dire que le touriste doit \u00eatre \u00ab\u00a0cool\u00a0\u00bb. C\u2019est la strat\u00e9gie pr\u00f4n\u00e9e par la mairie de Barcelone, qui a analys\u00e9 tous les flux, entre ceux qui viennent des campings pour manger, une fois, sur les ramblas, \u00e0 midi, en plein soleil, ceux qui viennent par passion du patrimoine, ceux qui viennent le temps d\u2019une journ\u00e9e, etc. La mairie propose ainsi des alternatives, d\u2019autres quartiers, d\u2019autres restaurants, afin que tous ces gens-l\u00e0 ne se croisent pas.<\/p>\n<p>Mais il faut bien tenir compte du calendrier des vacances\u2026<\/p>\n<p>C\u2019est un vrai probl\u00e8me car le tourisme est bloqu\u00e9 par le temps de l\u2019\u00c9ducation nationale. Nous avons les <a href=\"https:\/\/www.letelegramme.fr\/france\/letalement-des-vacances-scolaires-on-ny-voit-que-des-avantages-les-rythmes-scolaires-interessent-aussi-le-secteur-du-tourisme-6839441.php\" rel=\"nofollow noopener\" target=\"_blank\">vacances interm\u00e9diaires<\/a> les plus longues d\u2019Europe, ce qui est totalement absurde, avec ce syst\u00e8me des 15 jours \u00e9tal\u00e9s par r\u00e9gion. Tout cela n\u2019est pas pens\u00e9, n\u2019est plus adapt\u00e9 aux r\u00e9alit\u00e9s contemporaines. Il faudrait r\u00e9duire la dur\u00e9e des vacances interm\u00e9diaires et les replacer \u00e0 une date symbolique\u00a0: les vacances de P\u00e2ques, c\u2019est \u00e0 P\u00e2ques et pas en mai\u00a0! Pour d\u00e9sengorger le calendrier, il serait judicieux d\u2019autoriser les parents \u00e0 prendre une semaine de vacances libres par ann\u00e9e. Les familles pourraient ainsi partir quand c\u2019est moins cher et on pourrait, par exemple, partir skier quand il y a de la neige\u2026<\/p>\n<p>L\u2019emploi du temps des familles manque-t-il tant de souplesse\u00a0?<\/p>\n<p>On a fait les 35 heures, on a fait le t\u00e9l\u00e9travail, on a amen\u00e9 l\u2019emploi f\u00e9minin \u00e0 85\u00a0%. Ce sont des changements structurels du temps des familles. Il faut maintenant mettre de la souplesse dans tout \u00e7a. Quand je tiens ce discours, les syndicats d\u2019enseignants s\u2019indignent mais ils ne pensent pas en priorit\u00e9 \u00e0 la famille et \u00e0 l\u2019enfant, qui sont le c\u0153ur du lien social. Quand les profs sont en formation, \u00e7a ne les g\u00eane pas de ne pas faire cours\u2026<\/p>\n<p>Comment faire pour que les familles profitent mieux de leur temps libre\u00a0?<\/p>\n<p>On pourrait se fixer comme objectif d\u00e9mocratique que le taux de d\u00e9part en France soit de 80\u00a0% alors qu\u2019il se situe aujourd\u2019hui entre 60 et 70\u00a0%, sachant que 55\u00a0% de gens partent l\u2019\u00e9t\u00e9. Le tourisme doit devenir une politique publique, non seulement parce que c\u2019est le c\u0153ur du lien familial, mais aussi \u00e9videmment car il s\u2019agit de millions d\u2019emplois. Le fait que la France soit le premier pays touristique au monde, cela signifie qu\u2019on aime la France dans le monde entier. Le tourisme, c\u2019est, en quelque sorte, une mise en d\u00e9sir des jeux, des lieux, des gens et des objets.<\/p>\n<p>Est-ce que le covid a accentu\u00e9 cette envie de loisirs et de tourisme\u00a0?<\/p>\n<p>Une partie importante des Fran\u00e7ais ont gard\u00e9 un souvenir positif de cette p\u00e9riode. Parce qu\u2019ils sont rest\u00e9s deux mois chez eux sans travailler. 70\u00a0% d\u2019entre eux \u00e9taient dans leur jardin, car on oublie toujours que 70\u00a0% des Fran\u00e7ais ont un jardin, comme on oublie que 3 millions et demi de familles ont une r\u00e9sidence secondaire. Ceux qui \u00e9taient dans les immeubles de banlieue ont beaucoup souffert mais, pour plus de 80\u00a0% des gens, cela reste un souvenir positif. \u00c0 partir de ce moment, ils ont r\u00e9\u00e9valu\u00e9 la place de leur travail en fonction de la qualit\u00e9 de leur vie priv\u00e9e. Ajoutez \u00e0 cela que la population se \u00ab\u00a0littoralise\u00a0\u00bb et que le nombre de Fran\u00e7ais r\u00e9sidant \u00e0 une heure de la mer a \u00e9norm\u00e9ment augment\u00e9 depuis la guerre. Il y a ainsi plein de gens qui ne partent pas en vacances mais qui vont tous les jours \u00e0 la plage. De plus en plus de gens habitent d\u00e9sormais au pays des vacances, tandis que les pratiques des anciennes vacances sont devenues notre temps libre. On est dans une soci\u00e9t\u00e9 du jardin et, de plus en plus, de la piscine &#8211; il y en a 3.5 millions aujourd\u2019hui, contre 1\u00a0500 en 1965 &#8211; On a fait chacun notre petit club Med\u00a0!<\/p>\n<p>Vous en appelez \u00e0 une \u00ab\u00a0d\u00e9mocratie r\u00e9elle\u00a0\u00bb du tourisme. C\u2019est quoi\u00a0?<\/p>\n<p>On fait comme si tout le monde partait en vacances. Y compris le monde enseignant &#8211; premier consommateur de vacances &#8211; qui a du mal \u00e0 imaginer, lors de la rentr\u00e9e, que plus de la moiti\u00e9 des \u00e9l\u00e8ves ne sont pas partis en vacances. Le fait que les jeunes des quartiers ne partent pas &#8211; ce qu\u2019on appelle les pieds d\u2019immeubles &#8211; est un vrai probl\u00e8me. Le lieu de crispation de la banlieue, c\u2019est aussi le non-d\u00e9part en vacances.<\/p>\n<p>\u00c0 lire<\/p>\n<p class=\"note\">\u00ab\u00a0Quand le tourisme s\u2019\u00e9veillera\u00a0\u00bb. Jean Viard et Linda Lain\u00e9. (\u00c9ditions de l\u2019Aube) 236 pages, 21 euros<\/p>\n","protected":false},"excerpt":{"rendered":"N\u2019y a-t-il pas une contradiction fran\u00e7aise \u00e0 se vanter d\u2019\u00eatre le pays qui attire le plus de touristes&hellip;\n","protected":false},"author":2,"featured_media":306911,"comment_status":"","ping_status":"","sticky":false,"template":"","format":"standard","meta":{"footnotes":""},"categories":[1358],"tags":[11,1348,1384,1385,1386,58,33,59,1011,27,316,801,602,2528],"class_list":{"0":"post-306910","1":"post","2":"type-post","3":"status-publish","4":"format-standard","5":"has-post-thumbnail","7":"category-arts-et-design","8":"tag-actualites","9":"tag-arts","10":"tag-arts-and-design","11":"tag-arts-et-design","12":"tag-design","13":"tag-divertissement","14":"tag-economie","15":"tag-entertainment","16":"tag-fr","17":"tag-france","18":"tag-politique","19":"tag-social","20":"tag-tourisme","21":"tag-vacances"},"share_on_mastodon":{"url":"https:\/\/pubeurope.com\/@fr\/114997816617850474","error":""},"_links":{"self":[{"href":"https:\/\/www.europesays.com\/fr\/wp-json\/wp\/v2\/posts\/306910","targetHints":{"allow":["GET"]}}],"collection":[{"href":"https:\/\/www.europesays.com\/fr\/wp-json\/wp\/v2\/posts"}],"about":[{"href":"https:\/\/www.europesays.com\/fr\/wp-json\/wp\/v2\/types\/post"}],"author":[{"embeddable":true,"href":"https:\/\/www.europesays.com\/fr\/wp-json\/wp\/v2\/users\/2"}],"replies":[{"embeddable":true,"href":"https:\/\/www.europesays.com\/fr\/wp-json\/wp\/v2\/comments?post=306910"}],"version-history":[{"count":0,"href":"https:\/\/www.europesays.com\/fr\/wp-json\/wp\/v2\/posts\/306910\/revisions"}],"wp:featuredmedia":[{"embeddable":true,"href":"https:\/\/www.europesays.com\/fr\/wp-json\/wp\/v2\/media\/306911"}],"wp:attachment":[{"href":"https:\/\/www.europesays.com\/fr\/wp-json\/wp\/v2\/media?parent=306910"}],"wp:term":[{"taxonomy":"category","embeddable":true,"href":"https:\/\/www.europesays.com\/fr\/wp-json\/wp\/v2\/categories?post=306910"},{"taxonomy":"post_tag","embeddable":true,"href":"https:\/\/www.europesays.com\/fr\/wp-json\/wp\/v2\/tags?post=306910"}],"curies":[{"name":"wp","href":"https:\/\/api.w.org\/{rel}","templated":true}]}}