{"id":306912,"date":"2025-08-09T08:16:11","date_gmt":"2025-08-09T08:16:11","guid":{"rendered":"https:\/\/www.europesays.com\/fr\/306912\/"},"modified":"2025-08-09T08:16:11","modified_gmt":"2025-08-09T08:16:11","slug":"a-lannion-un-marche-du-livre-doccasion-le-16-aout","status":"publish","type":"post","link":"https:\/\/www.europesays.com\/fr\/306912\/","title":{"rendered":"\u00c0 Lannion, un march\u00e9 du livre d\u2019occasion le 16\u00a0ao\u00fbt"},"content":{"rendered":"<p>Six bouquinistes organisent un march\u00e9 du livre, le samedi 16 ao\u00fbt, sur le quai d\u2019Aiguillon, \u00e0 Lannion. \u00ab\u00a0Nous sommes tous des professionnels, avec de grands stands de livres d\u2019occasion\u00a0\u00bb, indique Manon Bleuzen, organisatrice de l\u2019\u00e9v\u00e8nement.<\/p>\n<p>Une offre large<\/p>\n<p>Des livres de tous les genres sont propos\u00e9s. L\u2019offre traverse aussi les \u00e9poques\u00a0: \u00ab\u00a0Des coll\u00e8gues ont parfois des livres anciens, pouvant dater du XVIIIe si\u00e8cle, mais aussi des livres parus l\u2019ann\u00e9e derni\u00e8re\u00a0\u00bb, explique Manon Bleuzen. Pour les collectionneurs comme les adeptes de livres plus r\u00e9cents, elle ajoute\u00a0: \u00ab\u00a0C\u2019est notre m\u00e9tier et nous vendons seulement des livres en bon \u00e9tat et s\u00e9lectionn\u00e9s\u00a0\u00bb. Il est aussi possible de vendre des livres aux bouquinistes, pour des prix variables selon le titre, l\u2019\u00e9dition, l\u2019\u00e9tat de l\u2019ouvrage, etc.<\/p>\n<p>Une premi\u00e8re \u00e9dition \u00e0 Lannion<\/p>\n<p>L\u2019\u00e9v\u00e8nement des \u00ab\u00a0Bouquinistes du L\u00e9guer\u00a0\u00bb est organis\u00e9 pour la premi\u00e8re fois \u00e0 Lannion. Les professionnels qui le mettent en place exercent d\u00e9j\u00e0 dans d\u2019autres villes de Bretagne, notamment au march\u00e9 du livre de Rennes, mais aussi \u00e0 Perros-Guirec, Paimpol ou Binic. \u00ab\u00a0Si l\u2019\u00e9v\u00e8nement fonctionne bien, nous pourrions revenir l\u2019\u00e9t\u00e9 prochain, et m\u00eame au printemps, pendant les ponts\u00a0\u00bb, esp\u00e8re Manon Bleuzen.<\/p>\n<p>Pratique<\/p>\n<p class=\"note\">Le march\u00e9 aura lieu sur le quai d\u2019Aiguillon, de 10\u00a0h \u00e0 18\u00a0h. Pour plus d\u2019informations, contacter le 06\u00a060\u00a085\u00a097\u00a069.<\/p>\n","protected":false},"excerpt":{"rendered":"Six bouquinistes organisent un march\u00e9 du livre, le samedi 16 ao\u00fbt, sur le quai d\u2019Aiguillon, \u00e0 Lannion. \u00ab\u00a0Nous&hellip;\n","protected":false},"author":2,"featured_media":306913,"comment_status":"","ping_status":"","sticky":false,"template":"","format":"standard","meta":{"footnotes":""},"categories":[1357],"tags":[44754,1379,58,59,1011,27,5862,1380],"class_list":{"0":"post-306912","1":"post","2":"type-post","3":"status-publish","4":"format-standard","5":"has-post-thumbnail","7":"category-livres","8":"tag-agenda-culturel","9":"tag-books","10":"tag-divertissement","11":"tag-entertainment","12":"tag-fr","13":"tag-france","14":"tag-lannion","15":"tag-livres"},"share_on_mastodon":{"url":"https:\/\/pubeurope.com\/@fr\/114997820434881354","error":""},"_links":{"self":[{"href":"https:\/\/www.europesays.com\/fr\/wp-json\/wp\/v2\/posts\/306912","targetHints":{"allow":["GET"]}}],"collection":[{"href":"https:\/\/www.europesays.com\/fr\/wp-json\/wp\/v2\/posts"}],"about":[{"href":"https:\/\/www.europesays.com\/fr\/wp-json\/wp\/v2\/types\/post"}],"author":[{"embeddable":true,"href":"https:\/\/www.europesays.com\/fr\/wp-json\/wp\/v2\/users\/2"}],"replies":[{"embeddable":true,"href":"https:\/\/www.europesays.com\/fr\/wp-json\/wp\/v2\/comments?post=306912"}],"version-history":[{"count":0,"href":"https:\/\/www.europesays.com\/fr\/wp-json\/wp\/v2\/posts\/306912\/revisions"}],"wp:featuredmedia":[{"embeddable":true,"href":"https:\/\/www.europesays.com\/fr\/wp-json\/wp\/v2\/media\/306913"}],"wp:attachment":[{"href":"https:\/\/www.europesays.com\/fr\/wp-json\/wp\/v2\/media?parent=306912"}],"wp:term":[{"taxonomy":"category","embeddable":true,"href":"https:\/\/www.europesays.com\/fr\/wp-json\/wp\/v2\/categories?post=306912"},{"taxonomy":"post_tag","embeddable":true,"href":"https:\/\/www.europesays.com\/fr\/wp-json\/wp\/v2\/tags?post=306912"}],"curies":[{"name":"wp","href":"https:\/\/api.w.org\/{rel}","templated":true}]}}