{"id":306914,"date":"2025-08-09T08:17:11","date_gmt":"2025-08-09T08:17:11","guid":{"rendered":"https:\/\/www.europesays.com\/fr\/306914\/"},"modified":"2025-08-09T08:17:11","modified_gmt":"2025-08-09T08:17:11","slug":"une-star-des-marseillais-en-garde-a-vue-descente-de-police-a-la-sortie-dun-restaurant-suite-a-de-graves-accusations","status":"publish","type":"post","link":"https:\/\/www.europesays.com\/fr\/306914\/","title":{"rendered":"Une star des Marseillais en garde \u00e0 vue ? Descente de police \u00e0 la sortie d\u2019un restaurant suite \u00e0 de graves accusations"},"content":{"rendered":"<p class=\"p1\">Un coup de tonnerre. Ce vendredi 8 ao\u00fbt, les esprits<br \/>\nse seraient \u00e9chauff\u00e9s dans <strong>un restaurant de<br \/>\nRamatuelle<\/strong>, pr\u00e8s de Saint-Tropez (Var). <strong>Une figure<br \/>\nembl\u00e9matique des<\/strong> <a href=\"https:\/\/www.closermag.fr\/tv-tele-realite\/autres-emissions\/adixia-les-ch-tis-et-paga-les-marseillais-ont-rompu-738836\" rel=\"nofollow noopener\" target=\"_blank\"><br \/>\nMarseillais<\/a> aurait eu <strong>une altercation plut\u00f4t vive avec<br \/>\nles forces de gendarmerie<\/strong>. \u00ab\u00a0<a href=\"https:\/\/www.closermag.fr\/people\/giuseppa-enceinte-la-compagne-de-paga-devastee-je-savais-que-cetait-la-fin-3433514\" rel=\"nofollow noopener\" target=\"_blank\">Paga<\/a><br \/>\ndes Marseillais se serait fait interpell\u00e9 et <strong>embarqu\u00e9 par<br \/>\nla gendarmerie<\/strong> \u00e0 la sortie de Casa Amor <strong>\u00e0<\/strong><br \/>\n<a href=\"https:\/\/www.closermag.fr\/people\/icones-a-saint-tropez-eddie-barclay-lheritage-inestimable-du-maitre-des-soirees-blanches-3566021\" rel=\"nofollow noopener\" target=\"_blank\"><br \/>\nSaint-Tropez<\/a> ce soir !\u00a0\u00bb, affirme AQABE sur X<br \/>\n(ex-Twitter).<\/p>\n<p class=\"p1\">Selon les informations recueillies par le m\u00e9dia,<br \/>\nl&rsquo;affaire ne se limiterait pas \u00e0 une simple \u00e9chauffour\u00e9e. Les<br \/>\ngendarmes seraient intervenus au restaurant pr\u00e9cis\u00e9ment pour<br \/>\n<strong>interpeller l&rsquo;influenceur alors alcoolis\u00e9<\/strong>.<br \/>\n\u00ab\u00a0Paga actuellement <strong>en GAV<\/strong> pour des<br \/>\n<strong>faits de v* sur une jeune femme<\/strong> dans un van ! La<br \/>\njeune femme <strong>a d\u00e9pos\u00e9 plainte au petit<br \/>\nmatin<\/strong>\u2026\u00a0\u00bb, peut-on lire sur le compte d&rsquo;AQABE\u2026<\/p>\n<p>Une star des Marseillais en garde \u00e0 vue : que<br \/>\ns&rsquo;est-il pass\u00e9 ?<\/p>\n<p class=\"p1\">Le diff\u00e9rend qui aurait oppos\u00e9 <a href=\"https:\/\/www.closermag.fr\/people\/giuseppa-enceinte-le-sexe-du-bebe-devoile-dans-une-drole-de-video-avec-paga-1679045\" rel=\"nofollow noopener\" target=\"_blank\"><br \/>\nle compagnon de Giuseppa<\/a> et une tierce personne n&rsquo;aurait aucun<br \/>\nv\u00e9ritable lien avec l&rsquo;arrestation. Selon AQABE, <a href=\"https:\/\/www.closermag.fr\/tv_tele_realite\/guiseppa-maman-en-larmes-la-compagne-de-paga-evoque-les-soucis-de-sante-de-sa-fille-3221597\" rel=\"nofollow noopener\" target=\"_blank\"><br \/>\nl&rsquo;ex-candidat de t\u00e9l\u00e9-r\u00e9alit\u00e9<\/a> serait vis\u00e9 par <strong>la<br \/>\nplainte d&rsquo;une femme<\/strong> d\u00e9pos\u00e9e en d\u00e9but de matin\u00e9e. Cette<br \/>\nderni\u00e8re l&rsquo;accuserait de l&rsquo;avoir viol\u00e9e\u2026<\/p>\n<p class=\"p1\">\u00ab\u00a0<strong>Il l&rsquo;aurait viol\u00e9e hier<\/strong> et<br \/>\ns&rsquo;est fait interpeller aujourd&rsquo;hui\u00a0\u00bb, rapporte AQAB dans son<br \/>\ntweet publi\u00e9 au matin du 9 ao\u00fbt 2025. La publication a fait<br \/>\nfortement r\u00e9agir les internautes. \u00ab\u00a0Pendant ou avant sa relation<br \/>\navec Giu ?? Pens\u00e9e \u00e0 la victime\u00a0\u00bb, \u00ab\u00a0Des faits de v**l ou de<br \/>\nv**lence ? <strong>La dinguerie ! Je suis choqu\u00e9<\/strong>. J\u2019esp\u00e8re<br \/>\nque la jeune femme va bien\u2026\u00a0\u00bb, \u00ab\u00a0On va la garder <strong>la<br \/>\npr\u00e9somption d\u2019innocence ?<\/strong> Ou il est direct coupable \u00e0 la<br \/>\nAry Abittan ?\u00a0\u00bb, \u00ab\u00a0Si c\u2019est av\u00e9r\u00e9 j\u2019esp\u00e8re qu\u2019il prendra<br \/>\nch\u00e8re pour l\u2019exemple y\u2019en a marre de cette culture de vide qui se<br \/>\npermet tout impun\u00e9ment\u00a0\u00bb, peut-on lire dans les<br \/>\ncommentaires.<\/p>\n<p>Une star des Marseillais en garde \u00e0<br \/>\nvue : l&rsquo;information a-t-elle \u00e9t\u00e9 confirm\u00e9e ?<\/p>\n<p class=\"p1\">A cette heure, <strong>aucune des<br \/>\naffirmations<\/strong> publi\u00e9es par le compte AQABABE <strong>n&rsquo;a<br \/>\n\u00e9t\u00e9 officiellement confirm\u00e9e<\/strong>. La gendarmerie de Ramatuelle<br \/>\nn&rsquo;a pas apport\u00e9 de d\u00e9menti et n&rsquo;a pas non plus valid\u00e9 ces<br \/>\ninformations. On note cependant que <strong>Paga a disparu des<br \/>\nr\u00e9seaux sociaux<\/strong> ces derni\u00e8res heures.<\/p>\n<p class=\"p1\">De son c\u00f4t\u00e9, Giuseppa n&rsquo;a pas r\u00e9agi \u00e0 la possible<br \/>\naffaire. Rappelons que <a href=\"https:\/\/www.closermag.fr\/people\/giuseppa-et-paga-parents-grande-annonce-en-photos-pour-les-3-mois-de-leur-petite-giorgia-3244165\" rel=\"nofollow noopener\" target=\"_blank\"><br \/>\nle p\u00e8re de Giorgia et Adrianna<\/a> demeure <strong>pr\u00e9sum\u00e9<br \/>\ninnocent<\/strong> des faits qui lui seraient reproch\u00e9s. A suivre<br \/>\ndans les prochaines heures&#8230;<\/p>\n","protected":false},"excerpt":{"rendered":"Un coup de tonnerre. Ce vendredi 8 ao\u00fbt, les esprits se seraient \u00e9chauff\u00e9s dans un restaurant de Ramatuelle,&hellip;\n","protected":false},"author":2,"featured_media":306915,"comment_status":"","ping_status":"","sticky":false,"template":"","format":"standard","meta":{"footnotes":""},"categories":[1356],"tags":[548,58,59,1011,27,12434,252,1364],"class_list":{"0":"post-306914","1":"post","2":"type-post","3":"status-publish","4":"format-standard","5":"has-post-thumbnail","7":"category-television","8":"tag-article-simple","9":"tag-divertissement","10":"tag-entertainment","11":"tag-fr","12":"tag-france","13":"tag-les-marseillais","14":"tag-television","15":"tag-tv"},"share_on_mastodon":{"url":"https:\/\/pubeurope.com\/@fr\/114997824560431771","error":""},"_links":{"self":[{"href":"https:\/\/www.europesays.com\/fr\/wp-json\/wp\/v2\/posts\/306914","targetHints":{"allow":["GET"]}}],"collection":[{"href":"https:\/\/www.europesays.com\/fr\/wp-json\/wp\/v2\/posts"}],"about":[{"href":"https:\/\/www.europesays.com\/fr\/wp-json\/wp\/v2\/types\/post"}],"author":[{"embeddable":true,"href":"https:\/\/www.europesays.com\/fr\/wp-json\/wp\/v2\/users\/2"}],"replies":[{"embeddable":true,"href":"https:\/\/www.europesays.com\/fr\/wp-json\/wp\/v2\/comments?post=306914"}],"version-history":[{"count":0,"href":"https:\/\/www.europesays.com\/fr\/wp-json\/wp\/v2\/posts\/306914\/revisions"}],"wp:featuredmedia":[{"embeddable":true,"href":"https:\/\/www.europesays.com\/fr\/wp-json\/wp\/v2\/media\/306915"}],"wp:attachment":[{"href":"https:\/\/www.europesays.com\/fr\/wp-json\/wp\/v2\/media?parent=306914"}],"wp:term":[{"taxonomy":"category","embeddable":true,"href":"https:\/\/www.europesays.com\/fr\/wp-json\/wp\/v2\/categories?post=306914"},{"taxonomy":"post_tag","embeddable":true,"href":"https:\/\/www.europesays.com\/fr\/wp-json\/wp\/v2\/tags?post=306914"}],"curies":[{"name":"wp","href":"https:\/\/api.w.org\/{rel}","templated":true}]}}