{"id":306918,"date":"2025-08-09T08:19:11","date_gmt":"2025-08-09T08:19:11","guid":{"rendered":"https:\/\/www.europesays.com\/fr\/306918\/"},"modified":"2025-08-09T08:19:11","modified_gmt":"2025-08-09T08:19:11","slug":"pourquoi-elle-devait-tout-changer-pour-superman","status":"publish","type":"post","link":"https:\/\/www.europesays.com\/fr\/306918\/","title":{"rendered":"pourquoi elle devait tout changer pour Superman"},"content":{"rendered":"<p><strong>Dans Man of Steel, Zack Snyder faisait des choix radicaux avec son Superman. Certains n&rsquo;ont pas fait l&rsquo;unanimit\u00e9, bien qu&rsquo;ils m\u00e9ritent qu&rsquo;on s&rsquo;y attarde.<\/strong><\/p>\n<p>Contre toute attente, <strong><a href=\"https:\/\/www.ecranlarge.com\/personnalite\/652864-james-gunn-ii\" data-type=\"people\" data-id=\"304984\" rel=\"nofollow noopener\" target=\"_blank\">James Gunn<\/a><\/strong> a r\u00e9ussi son pari. En relan\u00e7ant l\u2019univers DC Comics au cin\u00e9ma avec son comparse de toujours <a href=\"https:\/\/www.ecranlarge.com\/personnalite\/703078-peter-safran\" data-type=\"people\" data-id=\"350491\" rel=\"nofollow noopener\" target=\"_blank\"><strong>Peter Safran<\/strong><\/a>, le r\u00e9alisateur des <a href=\"https:\/\/www.ecranlarge.com\/films\/864079-gardiens-de-la-galaxie-les\" data-type=\"films\" data-id=\"679306\" rel=\"nofollow noopener\" target=\"_blank\"><strong>Gardiens de la Galaxie<\/strong><\/a> a r\u00e9ussi \u00e0 ramener Clark Kent dans le zeitgeist. Entre ses mains, <strong>Superman<\/strong><strong> est redevenu un h\u00e9ros lumineux <\/strong>et inspirant, qui combat les tyrans et sauve les \u00e9cureuils.<\/p>\n<p>Il y a seulement quatre ans, le h\u00e9ros kryptonien \u00e9tait encore incarn\u00e9 par <a href=\"https:\/\/www.ecranlarge.com\/personnalite\/668142-henry-cavill\" data-type=\"people\" data-id=\"45121\" rel=\"nofollow noopener\" target=\"_blank\"><strong>Henry Cavill<\/strong><\/a> dans <a href=\"https:\/\/www.ecranlarge.com\/films\/1366901-zack-snyders-justice-league\" data-type=\"films\" data-id=\"690371\" rel=\"nofollow noopener\" target=\"_blank\"><strong>Zack Snyder&rsquo;s Justice League<\/strong><\/a>, dans une version radicalement diff\u00e9rente de celle de <a href=\"https:\/\/www.ecranlarge.com\/personnalite\/1111426-david-corenswet\" data-type=\"people\" data-id=\"507996\" rel=\"nofollow noopener\" target=\"_blank\"><strong>David Corenswet<\/strong><\/a>. Douze ans apr\u00e8s la sortie de <strong><a href=\"https:\/\/www.ecranlarge.com\/films\/859522-man-of-steel\" data-type=\"films\" data-id=\"674798\" rel=\"nofollow noopener\" target=\"_blank\">Man of Steel<\/a><\/strong>, profitons de la popularit\u00e9 renouvel\u00e9e de l&rsquo;homme plus rapide qu&rsquo;une locomotive pour revenir sur <strong>ce reboot impuls\u00e9 par <a href=\"https:\/\/www.ecranlarge.com\/personnalite\/655045-zack-snyder\" data-type=\"people\" data-id=\"4403\" rel=\"nofollow noopener\" target=\"_blank\">Zack Snyder<\/a><\/strong> (et <a href=\"https:\/\/www.ecranlarge.com\/personnalite\/656494-christopher-nolan\" data-type=\"people\" data-id=\"85276\" rel=\"nofollow noopener\" target=\"_blank\"><strong>Christopher Nolan<\/strong><\/a>, on l\u2019oublie souvent, qui avait propos\u00e9 \u00e0 la Warner les premi\u00e8res pistes narratives pour le film).<\/p>\n<p>Car on trouve dans le film de 2013 une id\u00e9e souvent moqu\u00e9e et d\u00e9cri\u00e9e, qui a failli \u00eatre <strong>une vraie bonne r\u00e9invention du personnage<\/strong> sans \u00eatre une trahison m\u00eame de ses principes.<\/p>\n<p><img decoding=\"async\" src=\"https:\/\/www.europesays.com\/fr\/wp-content\/uploads\/2025\/08\/image-33.png\" alt=\"\u00a9warner, \u00a9dccomics, superman, zack snyder, henry cavill, man of steel\"\/><\/p>\n<p>Clark pourrait quand m\u00eame \u00e9teindre la lumi\u00e8re dans la Forteresse de Solitude en partant&#8230;<\/p>\n<p><strong>Cachez cette mort que je ne saurais voir<\/strong><\/p>\n<p>Au commencement, il y avait la censure. En 1940, l\u2019\u00e9diteur DC Comics Whitney Ellsworth a instaur\u00e9 une r\u00e8gle pour les super-h\u00e9ros de l\u2019\u00e9curie\u00a0: interdiction de tuer les ennemis. La faute \u00e0 des plaintes des parents qui voyaient leurs enfants lire des histoires trop violentes \u00e0 leur go\u00fbt&#8230; Le comic-book \u00e9tant un art populaire avant tout, il valait mieux s\u2019adapter plut\u00f4t que de risquer de perdre son public cible.<\/p>\n<p>&#8230;<\/p>\n","protected":false},"excerpt":{"rendered":"Dans Man of Steel, Zack Snyder faisait des choix radicaux avec son Superman. Certains n&rsquo;ont pas fait l&rsquo;unanimit\u00e9,&hellip;\n","protected":false},"author":2,"featured_media":306919,"comment_status":"","ping_status":"","sticky":false,"template":"","format":"standard","meta":{"footnotes":""},"categories":[1354],"tags":[58,59,1346,1011,27,1360],"class_list":{"0":"post-306918","1":"post","2":"type-post","3":"status-publish","4":"format-standard","5":"has-post-thumbnail","7":"category-films","8":"tag-divertissement","9":"tag-entertainment","10":"tag-films","11":"tag-fr","12":"tag-france","13":"tag-movies"},"share_on_mastodon":{"url":"https:\/\/pubeurope.com\/@fr\/114997832328279690","error":""},"_links":{"self":[{"href":"https:\/\/www.europesays.com\/fr\/wp-json\/wp\/v2\/posts\/306918","targetHints":{"allow":["GET"]}}],"collection":[{"href":"https:\/\/www.europesays.com\/fr\/wp-json\/wp\/v2\/posts"}],"about":[{"href":"https:\/\/www.europesays.com\/fr\/wp-json\/wp\/v2\/types\/post"}],"author":[{"embeddable":true,"href":"https:\/\/www.europesays.com\/fr\/wp-json\/wp\/v2\/users\/2"}],"replies":[{"embeddable":true,"href":"https:\/\/www.europesays.com\/fr\/wp-json\/wp\/v2\/comments?post=306918"}],"version-history":[{"count":0,"href":"https:\/\/www.europesays.com\/fr\/wp-json\/wp\/v2\/posts\/306918\/revisions"}],"wp:featuredmedia":[{"embeddable":true,"href":"https:\/\/www.europesays.com\/fr\/wp-json\/wp\/v2\/media\/306919"}],"wp:attachment":[{"href":"https:\/\/www.europesays.com\/fr\/wp-json\/wp\/v2\/media?parent=306918"}],"wp:term":[{"taxonomy":"category","embeddable":true,"href":"https:\/\/www.europesays.com\/fr\/wp-json\/wp\/v2\/categories?post=306918"},{"taxonomy":"post_tag","embeddable":true,"href":"https:\/\/www.europesays.com\/fr\/wp-json\/wp\/v2\/tags?post=306918"}],"curies":[{"name":"wp","href":"https:\/\/api.w.org\/{rel}","templated":true}]}}