{"id":306922,"date":"2025-08-09T08:21:10","date_gmt":"2025-08-09T08:21:10","guid":{"rendered":"https:\/\/www.europesays.com\/fr\/306922\/"},"modified":"2025-08-09T08:21:10","modified_gmt":"2025-08-09T08:21:10","slug":"aston-villa-a-quelle-heure-et-sur-quelle-chaine-voir-le-6e-match-de-preparation-des-olympiens","status":"publish","type":"post","link":"https:\/\/www.europesays.com\/fr\/306922\/","title":{"rendered":"Aston Villa\u00a0: \u00e0 quelle heure et sur quelle cha\u00eene voir le 6e match de pr\u00e9paration des Olympiens\u00a0?"},"content":{"rendered":"<p>Encore une fois, <a href=\"https:\/\/www.laprovence.com\/article\/om\/133862553291514\/om-62-000-spectateurs-attendus-samedi-au-velodrome-pour-le-match-amical-face-a-aston-villa\" target=\"_blank\" rel=\"noopener\">le V\u00e9lodrome sera plein \u00e0 craquer<\/a>. M\u00eame un samedi, m\u00eame en plein mois d\u2019ao\u00fbt. Qu\u2019importe. La rencontre sera \u00e0 guichets ferm\u00e9s. L\u2019ambiance continue de monter une semaine avant la reprise de la Ligue 1 et le Vel, lui, continue de chauffer, embelli par une nouvelle fresque qui a d\u00e9cor\u00e9 ses marches cette semaine.<\/p>\n<p>Sous les yeux de 62\u00a0000 fadas pr\u00eats \u00e0 exploser, les Marseillais vont retrouver leur volcan, une semaine apr\u00e8s l\u2019avoir quitt\u00e9 <a href=\"https:\/\/www.laprovence.com\/article\/om\/296607807275314\/direct-laprovence-om-les-olympiens-retrouvent-le-velodrome-pour-un-amical-contre-seville-suivez-lavant-match\" target=\"_blank\" rel=\"noopener\">sur une note un peu am\u00e8re,<\/a> lors de la r\u00e9ception d\u2019Aston Villa (1-1).<\/p>\n<p>Le Vel devrait aussi f\u00eater comme il se doit le retour \u00e0 la maison de Boubacar Kamara. L\u2019enfant de Marseille, form\u00e9 au club, retrouvera en effet le stade V\u00e9lodrome apr\u00e8s <a href=\"https:\/\/www.laprovence.com\/actu\/en-direct\/6774618\/om-kamara-confirme-son-depart-son-futur-club-bientot-annonce.html\" target=\"_blank\" rel=\"noopener\">avoir quitt\u00e9 l\u2019OM pour Aston Villa en\u00a02022<\/a>. Et il n\u2019est pas le seul qui recevra l\u2019ovation du Vel, puisque toutes les nouvelles recrues <a href=\"https:\/\/www.laprovence.com\/article\/om\/6414423071658414\/mercato-om-aubameyang-paixao-les-recrues-seront-presentees-au-velodrome-samedi-avant-le-match-face-a-aston-villa\" target=\"_blank\" rel=\"noopener\">seront pr\u00e9sent\u00e9es au peuple Bleu et Blanc d\u00e8s 19h<\/a>.<\/p>\n<p>Mais en plus d\u2019\u00eatre un soir de f\u00eate, la r\u00e9ception d\u2019Aston Villa sera aussi le dernier test pour la bande \u00e0 De Zerbi, avant leur retour en Ligue 1 \u00e0 Rennes, vendredi 15\u00a0ao\u00fbt (21h).<\/p>\n<p>La rencontre entre l\u2019OM et Aston Villa sera diffus\u00e9e sur la cha\u00eene Twitch de l\u2019Olympique de Marseille. Un live comment\u00e9 sera \u00e9galement assur\u00e9 sur notre site internet <a href=\"https:\/\/www.laprovence.com\/\" target=\"_blank\" rel=\"noopener\">laprovence.com<\/a>.<\/p>\n","protected":false},"excerpt":{"rendered":"Encore une fois, le V\u00e9lodrome sera plein \u00e0 craquer. M\u00eame un samedi, m\u00eame en plein mois d\u2019ao\u00fbt. Qu\u2019importe.&hellip;\n","protected":false},"author":2,"featured_media":306923,"comment_status":"","ping_status":"","sticky":false,"template":"","format":"standard","meta":{"footnotes":""},"categories":[9],"tags":[17,7824,1011,27,3838,149,3837,60,3356,7825],"class_list":{"0":"post-306922","1":"post","2":"type-post","3":"status-publish","4":"format-standard","5":"has-post-thumbnail","7":"category-sports","8":"tag-17","9":"tag-aston","10":"tag-fr","11":"tag-france","12":"tag-heure","13":"tag-om","14":"tag-quelle","15":"tag-sports","16":"tag-sur","17":"tag-villa"},"share_on_mastodon":{"url":"https:\/\/pubeurope.com\/@fr\/114997840375953206","error":""},"_links":{"self":[{"href":"https:\/\/www.europesays.com\/fr\/wp-json\/wp\/v2\/posts\/306922","targetHints":{"allow":["GET"]}}],"collection":[{"href":"https:\/\/www.europesays.com\/fr\/wp-json\/wp\/v2\/posts"}],"about":[{"href":"https:\/\/www.europesays.com\/fr\/wp-json\/wp\/v2\/types\/post"}],"author":[{"embeddable":true,"href":"https:\/\/www.europesays.com\/fr\/wp-json\/wp\/v2\/users\/2"}],"replies":[{"embeddable":true,"href":"https:\/\/www.europesays.com\/fr\/wp-json\/wp\/v2\/comments?post=306922"}],"version-history":[{"count":0,"href":"https:\/\/www.europesays.com\/fr\/wp-json\/wp\/v2\/posts\/306922\/revisions"}],"wp:featuredmedia":[{"embeddable":true,"href":"https:\/\/www.europesays.com\/fr\/wp-json\/wp\/v2\/media\/306923"}],"wp:attachment":[{"href":"https:\/\/www.europesays.com\/fr\/wp-json\/wp\/v2\/media?parent=306922"}],"wp:term":[{"taxonomy":"category","embeddable":true,"href":"https:\/\/www.europesays.com\/fr\/wp-json\/wp\/v2\/categories?post=306922"},{"taxonomy":"post_tag","embeddable":true,"href":"https:\/\/www.europesays.com\/fr\/wp-json\/wp\/v2\/tags?post=306922"}],"curies":[{"name":"wp","href":"https:\/\/api.w.org\/{rel}","templated":true}]}}